{"id":49489,"date":"2023-06-26T00:00:00","date_gmt":"2023-06-25T22:00:00","guid":{"rendered":"https:\/\/imagazine.it\/da-trieste-a-fiume-in-treno\/"},"modified":"2023-06-26T00:00:00","modified_gmt":"2023-06-25T22:00:00","slug":"da-trieste-a-fiume-in-treno","status":"publish","type":"post","link":"https:\/\/imagazine.it\/home_desk\/da-trieste-a-fiume-in-treno\/","title":{"rendered":"Da Trieste a Fiume in treno"},"content":{"rendered":"<p> \tTRIESTE \u2013 Sar\u00e0 attivata nell\u2019estate del prossimo anno in via sperimentale la <strong>linea ferroviaria<\/strong> che unir\u00e0 <strong>Trieste (Opicina) a Fiume<\/strong>.<\/p>\n<p> \tUn collegamento non veloce di tipo transfrontaliero (Italia-Slovenia-Croazia), con una funzione prevalentemente turistica e con la possibilit\u00e0 del trasporto di biciclette.<\/p>\n<p> \t\u201cL\u2019auspicio \u2013 ha affermato l&#8217;assessore regionale alle Infrastrutture, <strong>Cristina Amirante<\/strong>, nel corso della tavola rotonda sul tema &#8216;<em>Il miglioramento delle connessioni ferroviaria passeggeri tra Italia e Croazia e verso i Balcani occidentali. Sfide e opportunit\u00e0<\/em>&#8216; organizzata dal Segretariato esecutivo dell&#8217;Iniziativa centro europea \u2013 \u00e8 che possa in prospettiva fare da breccia per un tipo di offerta pi\u00f9 rapida rivolta anche ai pendolari&#8221;.<\/p>\n<p> \t&#8220;Nell\u2019incontro odierno \u2013 ha aggiunto Amirante \u2013 sono emersi spunti che riguardano la visione dei <strong>collegamenti ferroviari con i Balcani occidentali<\/strong>. Una linea alla quale gli studi e le stime che sono state illustrate attribuiscono una significativa potenzialit\u00e0 di sviluppo. Su questo tema \u00e8 la politica, dal livello europeo fino a quello pi\u00f9 periferico, che \u00e8 chiamata ad assumere delle decisioni sia con un&#8217;attivit\u00e0 pianificatrice sia con dei progetti pilota per poi indirizzare gli investimenti&#8221;.<\/p>\n<p> \tNello specifico si tratta di <strong>dirottare parte del traffico veicolare su quello a rotaia<\/strong>, negli ambiti sia del turismo che del pendolarismo.<\/p>\n","protected":false},"excerpt":{"rendered":"<p>La prossima estate verr\u00e0 attivata la linea ferroviaria sperimentale, anche con il trasporto di biciclette<\/p>\n","protected":false},"author":28,"featured_media":49490,"comment_status":"closed","ping_status":"closed","sticky":false,"template":"","format":"standard","meta":{"dwc-title":[],"dwc-content":[],"footnotes":""},"categories":[5],"tags":[],"class_list":["post-49489","post","type-post","status-publish","format-standard","has-post-thumbnail","hentry","category-attualita"],"rttpg_featured_image_url":{"full":["https:\/\/imagazine.it\/wp-content\/uploads\/2024\/02\/53602-1.webp",1024,768,false],"landscape":["https:\/\/imagazine.it\/wp-content\/uploads\/2024\/02\/53602-1.webp",1024,768,false],"portraits":["https:\/\/imagazine.it\/wp-content\/uploads\/2024\/02\/53602-1.webp",1024,768,false],"thumbnail":["https:\/\/imagazine.it\/wp-content\/uploads\/2024\/02\/53602-1-150x150.webp",150,150,true],"medium":["https:\/\/imagazine.it\/wp-content\/uploads\/2024\/02\/53602-1-300x225.webp",300,225,true],"large":["https:\/\/imagazine.it\/wp-content\/uploads\/2024\/02\/53602-1.webp",640,480,false],"thumblist":["https:\/\/imagazine.it\/wp-content\/uploads\/2024\/02\/53602-1-300x300.webp",300,300,true],"thumbrelated":["https:\/\/imagazine.it\/wp-content\/uploads\/2024\/02\/53602-1-500x500.webp",500,500,true],"meccarouselthumb":["https:\/\/imagazine.it\/wp-content\/uploads\/2024\/02\/53602-1-474x324.webp",474,324,true],"gridsquare":["https:\/\/imagazine.it\/wp-content\/uploads\/2024\/02\/53602-1-391x260.webp",391,260,true],"tileview":["https:\/\/imagazine.it\/wp-content\/uploads\/2024\/02\/53602-1-300x400.webp",300,400,true],"1536x1536":["https:\/\/imagazine.it\/wp-content\/uploads\/2024\/02\/53602-1.webp",1024,768,false],"2048x2048":["https:\/\/imagazine.it\/wp-content\/uploads\/2024\/02\/53602-1.webp",1024,768,false],"newsup-slider-full":["https:\/\/imagazine.it\/wp-content\/uploads\/2024\/02\/53602-1-1024x720.webp",1024,720,true],"newsup-featured":["https:\/\/imagazine.it\/wp-content\/uploads\/2024\/02\/53602-1.webp",1024,768,false],"newsup-medium":["https:\/\/imagazine.it\/wp-content\/uploads\/2024\/02\/53602-1-720x380.webp",720,380,true],"tptn_thumbnail":["https:\/\/imagazine.it\/wp-content\/uploads\/2024\/02\/53602-1.webp",250,188,false],"sow-carousel-default":["https:\/\/imagazine.it\/wp-content\/uploads\/2024\/02\/53602-1.webp",243,182,false]},"rttpg_author":{"display_name":"redazione","author_link":"https:\/\/imagazine.it\/home_desk\/author\/redazione\/"},"rttpg_comment":0,"rttpg_category":"<a href=\"https:\/\/imagazine.it\/home_desk\/category\/attualita\/\" rel=\"category tag\">ATTUALIT\u00c0<\/a>","rttpg_excerpt":"La prossima estate verr\u00e0 attivata la linea ferroviaria sperimentale, anche con il trasporto di biciclette","_links":{"self":[{"href":"https:\/\/imagazine.it\/home_desk\/wp-json\/wp\/v2\/posts\/49489","targetHints":{"allow":["GET"]}}],"collection":[{"href":"https:\/\/imagazine.it\/home_desk\/wp-json\/wp\/v2\/posts"}],"about":[{"href":"https:\/\/imagazine.it\/home_desk\/wp-json\/wp\/v2\/types\/post"}],"author":[{"embeddable":true,"href":"https:\/\/imagazine.it\/home_desk\/wp-json\/wp\/v2\/users\/28"}],"replies":[{"embeddable":true,"href":"https:\/\/imagazine.it\/home_desk\/wp-json\/wp\/v2\/comments?post=49489"}],"version-history":[{"count":0,"href":"https:\/\/imagazine.it\/home_desk\/wp-json\/wp\/v2\/posts\/49489\/revisions"}],"wp:featuredmedia":[{"embeddable":true,"href":"https:\/\/imagazine.it\/home_desk\/wp-json\/wp\/v2\/media\/49490"}],"wp:attachment":[{"href":"https:\/\/imagazine.it\/home_desk\/wp-json\/wp\/v2\/media?parent=49489"}],"wp:term":[{"taxonomy":"category","embeddable":true,"href":"https:\/\/imagazine.it\/home_desk\/wp-json\/wp\/v2\/categories?post=49489"},{"taxonomy":"post_tag","embeddable":true,"href":"https:\/\/imagazine.it\/home_desk\/wp-json\/wp\/v2\/tags?post=49489"}],"curies":[{"name":"wp","href":"https:\/\/api.w.org\/{rel}","templated":true}]}}