{"id":49487,"date":"2023-06-26T00:00:00","date_gmt":"2023-06-25T22:00:00","guid":{"rendered":"https:\/\/imagazine.it\/salvare-i-bimbi-dal-soffocamento-progetto-regionale-per-le-scuole-dellinfanzia\/"},"modified":"2023-06-26T00:00:00","modified_gmt":"2023-06-25T22:00:00","slug":"salvare-i-bimbi-dal-soffocamento-progetto-regionale-per-le-scuole-dellinfanzia","status":"publish","type":"post","link":"https:\/\/imagazine.it\/home_desk\/salvare-i-bimbi-dal-soffocamento-progetto-regionale-per-le-scuole-dellinfanzia\/","title":{"rendered":"Salvare i bimbi dal soffocamento, progetto regionale per le scuole dell&#8217;infanzia"},"content":{"rendered":"<p> \tTRIESTE \u2013 Si chiama \u201c<strong><em>Progetto per la formazione in materia di disostruzione delle vie aeree in et\u00e0 pediatrica e di rianimazione cardiopolmonare<\/em><\/strong>\u201d la nuova progettualit\u00e0 finanziata dalla Regione Friuli Venezia Giulia, dedicata agli <strong>operatori delle scuole dell\u2019infanzia e asili nidi della regione<\/strong>, che sar\u00e0 gestita dal Centro Attivit\u00e0 Formative dell\u2019Irccs \u201cBurlo Garofolo\u201d.<\/p>\n<p> \t\u00abDai dati ufficiali diffusi dall\u2019Istat \u2013 spiega la dottoressa <strong>Catia Pagnutti<\/strong>, responsabile del Centro Attivit\u00e0 Formative del Burlo \u2013 il rischio di soffocamento \u00e8 maggiore nei bambini nelle fasce di et\u00e0 0-4 anni. In questi casi \u00e8 essenziale che i primi soccorritori siano formati correttamente nelle manovre di disostruzione delle vie aeree. Il progetto gestito dal nostro Centro propone due percorsi formativi, entrambi rivolti a operatori che lavorano a contatto con i bambini compresi nelle fasce d\u2019et\u00e0 da 0 a 3 anni e da 3 a 6 anni, ossia il personale dei nidi dell\u2019infanzia e delle scuole dell\u2019infanzia di tutto il territorio regionale. L\u2019obiettivo \u00e8 che in ogni nido d\u2019infanzia e in ogni scuola d\u2019infanzia ci sia almeno una persona che abbia frequentato il corso di \u201cdisostruzione delle vie aeree\u201d e almeno una persona, preferibilmente la persona gi\u00e0 individuata come \u201caddetto al primo soccorso\u201d, che abbia frequentato il corso <em>Basic Life Support \u2013 Defibrillation<\/em> (rianimazione cardio polmonare)\u00bb.<\/p>\n<p> \tI corsi attivati dal Centro Attivit\u00e0 Formative del Burlo saranno di due tipi: il<strong> \u201c<\/strong><em>Corso Bls-D (rianimazione cardio-polmonare)<\/em>\u201d presso le strutture di formazione del sistema sanitario regionale, che per ogni edizione prevede 12 partecipanti, e il \u201c<em>Corso di disostruzione delle vie aeree<\/em>\u201d che si svolger\u00e0 nelle sedi di alcune scuole individuate che vedr\u00e0 20 partecipanti per corso e sar\u00e0 composto da una parte teorica seguita svolge una parte teorica seguita da simulazioni delle manovre di disostruzione sui manichini in dotazione ai docenti.<\/p>\n<p> \tIl progetto ha preso avvio con i primi due corsi Bsl-D che si sono gi\u00e0 tenuti a Pordenone e Udine, nei rispettivi centri di formazione aziendale dell\u2019Asfo e dell\u2019Asufc con la collaborazione dei dirigenti scolastici e dei Comuni di riferimento e continuer\u00e0 seguendo un programma che cercher\u00e0 di formare nel tempo pi\u00f9 persone possibile onde cercare di limitare al massimo gli episodi di soffocamento fra i bambini che frequentano i nidi e le scuole d\u2019infanzia della regione.<\/p>\n<p> \t\u00abLo riteniamo di estrema importanza \u2013 afferma il direttore generale dell\u2019Irccs \u201cBurlo Garofolo\u201d, <strong>Stefano Dorbol\u00f2<\/strong> \u2013 e quindi dedichiamo risorse e impegno alla prevenzione e alla formazione, anche rispetto a temi che interessano la collettivit\u00e0 nei quotidiani ambienti di vita. Uno di questi \u00e8 senza dubbio l\u2019acquisizione delle competenze e delle capacit\u00e0 che consentono di comprendere il pericolo e reagire nel modo giusto in caso di ostruzione delle vie aeree nei bambini in et\u00e0 pediatrica. Sapere come intervenire, e quindi essere in grado di farlo tempestivamente, permette infatti di salvare vite umane. La collaborazione con la Regione, le Istituzioni scolastiche e i Comuni nell\u2019ambito di questo lodevole progetto ci consente di mettere a frutto le esperienze e grandi competenze dei nostri professionisti, al servizio del bene collettivo. Un particolare ringraziamento va anche al personale del Centro Attivit\u00e0 Formative dell\u2019Istituto che ha permesso la realizzazione dell\u2019iniziativa\u00bb.<\/p>\n","protected":false},"excerpt":{"rendered":"<p>Il Centro formativo del Burlo Garofalo pronto a formare gli operatori di tutto il Friuli Venezia Giulia a contatto con i bambini da 0 a 6 anni<\/p>\n","protected":false},"author":28,"featured_media":49488,"comment_status":"closed","ping_status":"closed","sticky":false,"template":"","format":"standard","meta":{"dwc-title":[],"dwc-content":[],"footnotes":""},"categories":[5],"tags":[],"class_list":["post-49487","post","type-post","status-publish","format-standard","has-post-thumbnail","hentry","category-attualita"],"rttpg_featured_image_url":{"full":["https:\/\/imagazine.it\/wp-content\/uploads\/2024\/02\/53601-1.webp",1280,853,false],"landscape":["https:\/\/imagazine.it\/wp-content\/uploads\/2024\/02\/53601-1.webp",1280,853,false],"portraits":["https:\/\/imagazine.it\/wp-content\/uploads\/2024\/02\/53601-1.webp",1280,853,false],"thumbnail":["https:\/\/imagazine.it\/wp-content\/uploads\/2024\/02\/53601-1-150x150.webp",150,150,true],"medium":["https:\/\/imagazine.it\/wp-content\/uploads\/2024\/02\/53601-1-300x200.webp",300,200,true],"large":["https:\/\/imagazine.it\/wp-content\/uploads\/2024\/02\/53601-1-1024x682.webp",640,426,true],"thumblist":["https:\/\/imagazine.it\/wp-content\/uploads\/2024\/02\/53601-1-300x300.webp",300,300,true],"thumbrelated":["https:\/\/imagazine.it\/wp-content\/uploads\/2024\/02\/53601-1-500x500.webp",500,500,true],"meccarouselthumb":["https:\/\/imagazine.it\/wp-content\/uploads\/2024\/02\/53601-1-474x324.webp",474,324,true],"gridsquare":["https:\/\/imagazine.it\/wp-content\/uploads\/2024\/02\/53601-1-391x260.webp",391,260,true],"tileview":["https:\/\/imagazine.it\/wp-content\/uploads\/2024\/02\/53601-1-300x400.webp",300,400,true],"1536x1536":["https:\/\/imagazine.it\/wp-content\/uploads\/2024\/02\/53601-1.webp",1280,853,false],"2048x2048":["https:\/\/imagazine.it\/wp-content\/uploads\/2024\/02\/53601-1.webp",1280,853,false],"newsup-slider-full":["https:\/\/imagazine.it\/wp-content\/uploads\/2024\/02\/53601-1-1280x720.webp",1280,720,true],"newsup-featured":["https:\/\/imagazine.it\/wp-content\/uploads\/2024\/02\/53601-1-1024x682.webp",1024,682,true],"newsup-medium":["https:\/\/imagazine.it\/wp-content\/uploads\/2024\/02\/53601-1-720x380.webp",720,380,true],"tptn_thumbnail":["https:\/\/imagazine.it\/wp-content\/uploads\/2024\/02\/53601-1.webp",250,167,false],"sow-carousel-default":["https:\/\/imagazine.it\/wp-content\/uploads\/2024\/02\/53601-1.webp",272,182,false]},"rttpg_author":{"display_name":"redazione","author_link":"https:\/\/imagazine.it\/home_desk\/author\/redazione\/"},"rttpg_comment":0,"rttpg_category":"<a href=\"https:\/\/imagazine.it\/home_desk\/category\/attualita\/\" rel=\"category tag\">ATTUALIT\u00c0<\/a>","rttpg_excerpt":"Il Centro formativo del Burlo Garofalo pronto a formare gli operatori di tutto il Friuli Venezia Giulia a contatto con i bambini da 0 a 6 anni","_links":{"self":[{"href":"https:\/\/imagazine.it\/home_desk\/wp-json\/wp\/v2\/posts\/49487","targetHints":{"allow":["GET"]}}],"collection":[{"href":"https:\/\/imagazine.it\/home_desk\/wp-json\/wp\/v2\/posts"}],"about":[{"href":"https:\/\/imagazine.it\/home_desk\/wp-json\/wp\/v2\/types\/post"}],"author":[{"embeddable":true,"href":"https:\/\/imagazine.it\/home_desk\/wp-json\/wp\/v2\/users\/28"}],"replies":[{"embeddable":true,"href":"https:\/\/imagazine.it\/home_desk\/wp-json\/wp\/v2\/comments?post=49487"}],"version-history":[{"count":0,"href":"https:\/\/imagazine.it\/home_desk\/wp-json\/wp\/v2\/posts\/49487\/revisions"}],"wp:featuredmedia":[{"embeddable":true,"href":"https:\/\/imagazine.it\/home_desk\/wp-json\/wp\/v2\/media\/49488"}],"wp:attachment":[{"href":"https:\/\/imagazine.it\/home_desk\/wp-json\/wp\/v2\/media?parent=49487"}],"wp:term":[{"taxonomy":"category","embeddable":true,"href":"https:\/\/imagazine.it\/home_desk\/wp-json\/wp\/v2\/categories?post=49487"},{"taxonomy":"post_tag","embeddable":true,"href":"https:\/\/imagazine.it\/home_desk\/wp-json\/wp\/v2\/tags?post=49487"}],"curies":[{"name":"wp","href":"https:\/\/api.w.org\/{rel}","templated":true}]}}