{"id":49483,"date":"2023-06-26T00:00:00","date_gmt":"2023-06-25T22:00:00","guid":{"rendered":"https:\/\/imagazine.it\/il-festival-di-valbruna-spiegato-allonu\/"},"modified":"2023-06-26T00:00:00","modified_gmt":"2023-06-25T22:00:00","slug":"il-festival-di-valbruna-spiegato-allonu","status":"publish","type":"post","link":"https:\/\/imagazine.it\/home_desk\/il-festival-di-valbruna-spiegato-allonu\/","title":{"rendered":"Il festival di Valbruna spiegato all&#8217;ONU"},"content":{"rendered":"<p> \tMALBORGHETTO VALBRUNA \u2013 Si svolger\u00e0 dal 27 luglio all\u20191 agosto <u><a href=\"https:\/\/www.imagazine.it\/notizie-trieste-gorizia-udine-friuli\/13389\" target=\"_blank\" rel=\"noopener\"><span style=\"color:#0000cd;\">il festival green NanoValbruna<\/span><\/a><\/u>: una manifestazione di respiro internazionale \u2013 realizzata in collaborazione con l&#8217;Accademia di Gagliato Globale \u2013 organizzata dai giovani dall\u2019associazione per l\u2019ambiente e l\u2019economia circolare <strong>ReGeneration Hub Friuli<\/strong>, con sede a Udine.<\/p>\n<p> \tE proprio loro sono stati chiamati<strong> al Palazzo di vetro dell\u2019ONU dove il 27 giugno<\/strong> presenteranno il festival nato nel cuore delle Alpi Giulie: un invito arrivato dal Dr. Ayman El Tarabishy, presidente e CEO dell\u2019International Council for Small Business (ICSB) che \u00e8 stato relatore in un workshop della scorsa edizione.<\/p>\n<p> \tL\u2019occasione \u00e8 quella della Giornata Mondiale delle Piccole e medie imprese (la <strong>&#8220;Micro-Small and Medium-sized Enterprises Day&#8221; &#8211; MSME Day), che <\/strong>celebra il ruolo centrale che le PMI occupano nell\u2019economia globale, rappresentando circa il 90% delle imprese globali, oltre il 60% dell\u2019occupazione e la met\u00e0 del prodotto interno lordo di tutto il mondo.<\/p>\n<p> \t<strong>NanoValbruna <\/strong>\u00e8 l\u2019esempio perfetto di un progetto che mette in gioco giovani e futuro nel segno degli obiettivi dello sviluppo sostenibile e che nasce dalla convinzione che le piccole comunit\u00e0 sono il motore del mondo.<\/p>\n<p> \t<strong>Francesca Milocco<\/strong> e <strong>Stefano Cercelletta<\/strong> di ReGeneration Hub Friuli racconteranno quindi come \u00e8 nato questo festival fatto di eventi trasversali che si muovono dalla dimensione locale a quella globale. Parleranno del contest \u201c<strong><em>BAITE<\/em><\/strong>\u201d che premia ogni anno la <strong>start-up sostenibile pi\u00f9 innovativa <\/strong>e lasceranno la parola anche ai team vincitori della scorsa edizione, <strong>Co2nvert <\/strong>\u2013 startup di economia circolare con base a Udine che ha sviluppato una tecnologia in grado di trasformare l&#8217;anidride carbonica in etanolo \u2013, <strong>Agreen Biosolutions<\/strong> \u2013 con base italiana a Milano che sfrutta l\u2019altissima capacit\u00e0 sterilizzante dell\u2019ozono \u2013 e <strong>Perogreen <\/strong>\u2013 spinoff dell\u2019Universit\u00e0 di Pavia, che lavora su una nuova linea di processo di riciclo di celle solari.<\/p>\n<p> \t\u00c8 possibile <strong>seguire l\u2019evento in diretta streaming dalle 16 ora italiana <u><a href=\"https:\/\/www.eventbrite.com\/e\/micro-small-and-medium-sized-enterprises-msmes-day-2023-tickets-643777414577?internal_ref=social\" target=\"_blank\" rel=\"noopener\"><span style=\"color:#0000cd;\">previa registrazione<\/span><\/a><\/u><\/strong>.<\/p>\n<p> \tLa trasferta statunitense \u2013 resa possibile grazie al supporto di <strong>Fondazione Friuli<\/strong> \u2013 si svolge a un mese esatto dall\u2019avvio della <strong>quarta edizione del festival<\/strong>, che verter\u00e0 sul tema \u201c<strong><em>Cibo agricoltura e sostenibilit\u00e0<\/em><\/strong>\u201d.<\/p>\n<p> \tAnche quest\u2019anno le giornate di festival spazieranno dalla scoperta delle start-up sostenibili pi\u00f9 innovative ai laboratori scientifici per i pi\u00f9 piccoli, <em>NanoPi\u00e7ule<\/em>, agli incontri quotidiani con imprenditori e scienziati di fama internazionale. Il festival di Valbruna riunisce le menti di oggi insieme a quelle di domani per individuare gli strumenti per riscriverne il futuro in modo sostenibile.<\/p>\n","protected":false},"excerpt":{"rendered":"<p>Organizzatori e vincitori delle passate edizioni ospiti al Palazzo di Vetro in occasione della Giornata Mondiale delle Piccole e medie imprese<\/p>\n","protected":false},"author":28,"featured_media":49484,"comment_status":"closed","ping_status":"closed","sticky":false,"template":"","format":"standard","meta":{"dwc-title":[],"dwc-content":[],"footnotes":""},"categories":[37],"tags":[],"class_list":["post-49483","post","type-post","status-publish","format-standard","has-post-thumbnail","hentry","category-cultura-e-spettacolo"],"rttpg_featured_image_url":{"full":["https:\/\/imagazine.it\/wp-content\/uploads\/2024\/02\/53594-1.webp",1000,956,false],"landscape":["https:\/\/imagazine.it\/wp-content\/uploads\/2024\/02\/53594-1.webp",1000,956,false],"portraits":["https:\/\/imagazine.it\/wp-content\/uploads\/2024\/02\/53594-1.webp",1000,956,false],"thumbnail":["https:\/\/imagazine.it\/wp-content\/uploads\/2024\/02\/53594-1-150x150.webp",150,150,true],"medium":["https:\/\/imagazine.it\/wp-content\/uploads\/2024\/02\/53594-1-300x287.webp",300,287,true],"large":["https:\/\/imagazine.it\/wp-content\/uploads\/2024\/02\/53594-1.webp",640,612,false],"thumblist":["https:\/\/imagazine.it\/wp-content\/uploads\/2024\/02\/53594-1-300x300.webp",300,300,true],"thumbrelated":["https:\/\/imagazine.it\/wp-content\/uploads\/2024\/02\/53594-1-500x500.webp",500,500,true],"meccarouselthumb":["https:\/\/imagazine.it\/wp-content\/uploads\/2024\/02\/53594-1-474x324.webp",474,324,true],"gridsquare":["https:\/\/imagazine.it\/wp-content\/uploads\/2024\/02\/53594-1-391x260.webp",391,260,true],"tileview":["https:\/\/imagazine.it\/wp-content\/uploads\/2024\/02\/53594-1-300x400.webp",300,400,true],"1536x1536":["https:\/\/imagazine.it\/wp-content\/uploads\/2024\/02\/53594-1.webp",1000,956,false],"2048x2048":["https:\/\/imagazine.it\/wp-content\/uploads\/2024\/02\/53594-1.webp",1000,956,false],"newsup-slider-full":["https:\/\/imagazine.it\/wp-content\/uploads\/2024\/02\/53594-1-1000x720.webp",1000,720,true],"newsup-featured":["https:\/\/imagazine.it\/wp-content\/uploads\/2024\/02\/53594-1.webp",1000,956,false],"newsup-medium":["https:\/\/imagazine.it\/wp-content\/uploads\/2024\/02\/53594-1-720x380.webp",720,380,true],"tptn_thumbnail":["https:\/\/imagazine.it\/wp-content\/uploads\/2024\/02\/53594-1.webp",220,210,false],"sow-carousel-default":["https:\/\/imagazine.it\/wp-content\/uploads\/2024\/02\/53594-1.webp",190,182,false]},"rttpg_author":{"display_name":"redazione","author_link":"https:\/\/imagazine.it\/home_desk\/author\/redazione\/"},"rttpg_comment":0,"rttpg_category":"<a href=\"https:\/\/imagazine.it\/home_desk\/category\/cultura-e-spettacolo\/\" rel=\"category tag\">CULTURA&amp;SPETTACOLO<\/a>","rttpg_excerpt":"Organizzatori e vincitori delle passate edizioni ospiti al Palazzo di Vetro in occasione della Giornata Mondiale delle Piccole e medie imprese","_links":{"self":[{"href":"https:\/\/imagazine.it\/home_desk\/wp-json\/wp\/v2\/posts\/49483","targetHints":{"allow":["GET"]}}],"collection":[{"href":"https:\/\/imagazine.it\/home_desk\/wp-json\/wp\/v2\/posts"}],"about":[{"href":"https:\/\/imagazine.it\/home_desk\/wp-json\/wp\/v2\/types\/post"}],"author":[{"embeddable":true,"href":"https:\/\/imagazine.it\/home_desk\/wp-json\/wp\/v2\/users\/28"}],"replies":[{"embeddable":true,"href":"https:\/\/imagazine.it\/home_desk\/wp-json\/wp\/v2\/comments?post=49483"}],"version-history":[{"count":0,"href":"https:\/\/imagazine.it\/home_desk\/wp-json\/wp\/v2\/posts\/49483\/revisions"}],"wp:featuredmedia":[{"embeddable":true,"href":"https:\/\/imagazine.it\/home_desk\/wp-json\/wp\/v2\/media\/49484"}],"wp:attachment":[{"href":"https:\/\/imagazine.it\/home_desk\/wp-json\/wp\/v2\/media?parent=49483"}],"wp:term":[{"taxonomy":"category","embeddable":true,"href":"https:\/\/imagazine.it\/home_desk\/wp-json\/wp\/v2\/categories?post=49483"},{"taxonomy":"post_tag","embeddable":true,"href":"https:\/\/imagazine.it\/home_desk\/wp-json\/wp\/v2\/tags?post=49483"}],"curies":[{"name":"wp","href":"https:\/\/api.w.org\/{rel}","templated":true}]}}