{"id":49479,"date":"2023-06-26T00:00:00","date_gmt":"2023-06-25T22:00:00","guid":{"rendered":"https:\/\/imagazine.it\/24-ore-di-uolter-e-maxino-per-i-bambini-chirurgici-del-burlo\/"},"modified":"2023-06-26T00:00:00","modified_gmt":"2023-06-25T22:00:00","slug":"24-ore-di-uolter-e-maxino-per-i-bambini-chirurgici-del-burlo","status":"publish","type":"post","link":"https:\/\/imagazine.it\/home_desk\/24-ore-di-uolter-e-maxino-per-i-bambini-chirurgici-del-burlo\/","title":{"rendered":"24 ore di Uolter e Maxino per i bambini chirurgici del Burlo"},"content":{"rendered":"<p> \tTRIESTE \u2013 I due mattatori triestini \u2013\u00a0<u><a href=\"https:\/\/www.imagazine.it\/notizie-trieste-gorizia-udine-friuli\/12215\" target=\"_blank\" rel=\"noopener\"><span style=\"color:#0000cd;\"><strong>Flavio \u201cU\u00f2lter\u201d Furian e Massimiliano Cernecca in arte Maxino<\/strong><\/span><\/a><\/u>\u00a0\u2013 che gi\u00e0 due anni fa si erano spesi per sensibilizzare il loro pubblico sulle attivit\u00e0 di <strong>A.B.C. Associazione per i Bambini Chirurgici del Burlo<\/strong>, quest\u2019anno hanno deciso di\u00a0dedicare all\u2019Associazione una lunga diretta che si potr\u00e0 seguire sulle Pagine Facebook di Maxino (@officialmaxino) e di A.B.C. (@ABCburlo) e sul canale Youtube \u201cDOMACE TV\u201d (@domacetv):\u00a0<strong>24 ore continuative<\/strong>,\u00a0<strong>dalla sera di marted\u00ec 27 alla sera di mercoled\u00ec 28 giugno<\/strong>\u00a0per \u201craccontare\u201d le attivit\u00e0 di A.B.C. e per\u00a0<strong>sensibilizzare <\/strong>il pubblico sull\u2019importanza<strong> di rimanere vicini ai bambini <\/strong>che devono affrontare<strong> lunghi percorsi chirurgici <\/strong>nell\u2019ospedale Burlo Garofolo.<\/p>\n<p> \tUn gesto spontaneo e sincero che i due artisti hanno deciso di dedicare all\u2019associazione che aiuta tutti i bambini nei loro percorsi di cura all\u2019interno dell\u2019ospedale materno infantile Burlo Garofolo di Trieste.<\/p>\n<p> \tA.B.C. accoglie gratuitamente le famiglie durante il ricovero dei loro bambini in cinque case a Trieste, sollevandole da pressioni economiche e pratiche e offre sostegno psicologico ed emotivo in reparto e fuori, accompagnando le famiglie durante tutto il percorso di cura e anche dopo il rientro a casa. A.B.C., inoltre, sostiene il Burlo donando strumentazione specialistica, supportando la ricerca scientifica e la formazione degli operatori.<\/p>\n<p> \tL\u2019invito al pubblico, agli amici, ai seguaci di questo \u201cbizzarro\u201d e sincero connubio tra i due mattatori e A.B.C.\u00a0sar\u00e0 quello di donare \u2013 anche un piccolo importo, perch\u00e9 ogni gesto \u00e8 importante! \u2013 alla campagna \u201cSostieni il coraggio\u201d, per sostenere il futuro dei bambini e perch\u00e9 a tutti loro sia garantito il diritto di \u201cessere bambini\u201d: la modalit\u00e0 per donare \u00e8 descritta al link\u00a0<u><a href=\"http:\/\/www.retedeldono.it\/it\/abc-bambini-chirurgici-del-burlo\/sostieni-il-coraggio\" target=\"_blank\" rel=\"noopener\"><span style=\"color:#0000cd;\">www.retedeldono.it\/it\/abc-bambini-chirurgici-del-burlo\/sostieni-il-coraggio<\/span><\/a><\/u>\u00a0che verr\u00e0 pi\u00f9 volte proposto durante la diretta, e consente di donare in tante modalit\u00e0 diverse l\u2019importo desiderato.<br \/> \tI conduttori dopo la lunga notte del 27 si sposteranno al Molo Audace di Trieste e da l\u00ec \u2013 chitarra, percussioni e tanta voglia di cantare \u2013 proseguiranno la diretta per vedere insieme l\u2019alba.<\/p>\n<p> \tE se l\u2019importo sar\u00e0 in linea con le attese degli artisti-conduttori, la diretta si concluder\u00e0 con una grande sorpresa:\u00a0<strong>Flavio \u201cU\u00f2lter\u201d Furian\u00a0<\/strong>(meteo permettendo) si\u00a0<strong>lancer\u00e0 con il parapendio per festeggiare il raccolto \u2026 naturalmente in diretta!!<\/strong><\/p>\n<p> \t<strong>Le 24 ore vedranno impegnati Furian e Maxino<\/strong>\u00a0con la consueta e ironica creativit\u00e0: il primo sar\u00e0 a spasso per Trieste, in visita nelle case A.B.C., in giro per la citt\u00e0 a sollecitare testimonianze, doni, gesti da parte di cittadini, politici, comunit\u00e0, associazioni, privati cittadini; il secondo \u2013 in regia \u2013 ospiter\u00e0 amici cantanti, comici, strumentisti, attori che ad A.B.C. dedicheranno le loro performance.<\/p>\n<p> \tLa lista che si sta formando \u00e8 gi\u00e0 lunga: Elisa Bombacigno con Marco Poznajelsek, Raffaele Presetinenzi con Anna Viola, Ornella Serafini, Alberto Bravin, Dennis Fantina, Ruggero dei Timidi, Gianmarco Pozzecco, Lucio Blasi (cantante dei Rewind), Sardoni Barcolani Vivi, Fabio Red Rosso (cantante del Canto Libero), Diego Manna, Dente (cantante dei Fandango, tributo a Ligabue) \u2026 ma l\u2019invito \u00e8 di seguire la diretta per scoprire quali saranno ulteriori ospiti, alcuni dei quali davvero molto amati dal pubblico non solo triestino.<\/p>\n<p> \tLa narrazione scorrer\u00e0 insieme alle\u00a0<strong>numerose testimonianze raccolte dall\u2019Associazione al suo interno e dai suoi tanti interlocutori<\/strong>: alcune testimonianze saranno in diretta, altre registrate, e tutte racconteranno l\u2019essenza degli interventi dell\u2019Associazione, il profondo impatto delle azioni di A.B.C. sulla vita dei bambini, delle loro famiglie; si parler\u00e0 anche delle attivit\u00e0 di reparto e del lavoro e della crescita dei volontari. A narrare A.B.C. saranno la\u00a0<strong>Direttrice Giusy Battain, la Presidente Chiara Toniutti, la responsabile dei progetti Giulia Bresciani<\/strong>, la responsabile delle attivit\u00e0 in reparto\u00a0<strong>Angela Camelio, lo psicologo Andrea Lagan\u00e0, la responsabile delle case Alice Policastro<\/strong>, i tanti\u00a0<strong>volontari\u00a0<\/strong>che lavorano in ospedale e fuori; ma ci saranno anche\u00a0<strong>le voci dei medici<\/strong>\u00a0che al Burlo quotidianamente interagiscono con A.B.C. e che insieme all\u2019Associazione lavorano per rendere il percorso di cura pi\u00f9 fluido e integrato in tutti i suoi aspetti. L\u2019intervento pi\u00f9 atteso \u00e8 quello\u00a0<strong>delle famiglie<\/strong>, che racconteranno \u2013 anche attraverso i video e la crescita dei loro piccoli \u2013 come sia stato il loro percorso chirurgico e come A.B.C. sia stata al loro fianco, anche per periodi lunghi e complessi.<\/p>\n<p> \tHanno accettato di collegarsi anche\u00a0<strong>la Croce Rossa Italiana<\/strong>\u00a0che con alcuni operatori proporr\u00e0 un corso di disostruzione pediatrica (in presenza) e con\u00a0<strong>il Corpo della Polizia Municipale di Trieste<\/strong>\u00a0che proporr\u00e0 un corso di educazione stradale.<\/p>\n","protected":false},"excerpt":{"rendered":"<p>I due mattatori triestini protagonisti di una maratona di sensibilizzazione e raccolta fondi con artisti e istituzioni<\/p>\n","protected":false},"author":28,"featured_media":49480,"comment_status":"closed","ping_status":"closed","sticky":false,"template":"","format":"standard","meta":{"dwc-title":[],"dwc-content":[],"footnotes":""},"categories":[37],"tags":[],"class_list":["post-49479","post","type-post","status-publish","format-standard","has-post-thumbnail","hentry","category-cultura-e-spettacolo"],"rttpg_featured_image_url":{"full":["https:\/\/imagazine.it\/wp-content\/uploads\/2024\/02\/53590-1.webp",1000,693,false],"landscape":["https:\/\/imagazine.it\/wp-content\/uploads\/2024\/02\/53590-1.webp",1000,693,false],"portraits":["https:\/\/imagazine.it\/wp-content\/uploads\/2024\/02\/53590-1.webp",1000,693,false],"thumbnail":["https:\/\/imagazine.it\/wp-content\/uploads\/2024\/02\/53590-1-150x150.webp",150,150,true],"medium":["https:\/\/imagazine.it\/wp-content\/uploads\/2024\/02\/53590-1-300x208.webp",300,208,true],"large":["https:\/\/imagazine.it\/wp-content\/uploads\/2024\/02\/53590-1.webp",640,444,false],"thumblist":["https:\/\/imagazine.it\/wp-content\/uploads\/2024\/02\/53590-1-300x300.webp",300,300,true],"thumbrelated":["https:\/\/imagazine.it\/wp-content\/uploads\/2024\/02\/53590-1-500x500.webp",500,500,true],"meccarouselthumb":["https:\/\/imagazine.it\/wp-content\/uploads\/2024\/02\/53590-1-474x324.webp",474,324,true],"gridsquare":["https:\/\/imagazine.it\/wp-content\/uploads\/2024\/02\/53590-1-391x260.webp",391,260,true],"tileview":["https:\/\/imagazine.it\/wp-content\/uploads\/2024\/02\/53590-1-300x400.webp",300,400,true],"1536x1536":["https:\/\/imagazine.it\/wp-content\/uploads\/2024\/02\/53590-1.webp",1000,693,false],"2048x2048":["https:\/\/imagazine.it\/wp-content\/uploads\/2024\/02\/53590-1.webp",1000,693,false],"newsup-slider-full":["https:\/\/imagazine.it\/wp-content\/uploads\/2024\/02\/53590-1.webp",1000,693,false],"newsup-featured":["https:\/\/imagazine.it\/wp-content\/uploads\/2024\/02\/53590-1.webp",1000,693,false],"newsup-medium":["https:\/\/imagazine.it\/wp-content\/uploads\/2024\/02\/53590-1-720x380.webp",720,380,true],"tptn_thumbnail":["https:\/\/imagazine.it\/wp-content\/uploads\/2024\/02\/53590-1.webp",250,173,false],"sow-carousel-default":["https:\/\/imagazine.it\/wp-content\/uploads\/2024\/02\/53590-1.webp",263,182,false]},"rttpg_author":{"display_name":"redazione","author_link":"https:\/\/imagazine.it\/home_desk\/author\/redazione\/"},"rttpg_comment":0,"rttpg_category":"<a href=\"https:\/\/imagazine.it\/home_desk\/category\/cultura-e-spettacolo\/\" rel=\"category tag\">CULTURA&amp;SPETTACOLO<\/a>","rttpg_excerpt":"I due mattatori triestini protagonisti di una maratona di sensibilizzazione e raccolta fondi con artisti e istituzioni","_links":{"self":[{"href":"https:\/\/imagazine.it\/home_desk\/wp-json\/wp\/v2\/posts\/49479","targetHints":{"allow":["GET"]}}],"collection":[{"href":"https:\/\/imagazine.it\/home_desk\/wp-json\/wp\/v2\/posts"}],"about":[{"href":"https:\/\/imagazine.it\/home_desk\/wp-json\/wp\/v2\/types\/post"}],"author":[{"embeddable":true,"href":"https:\/\/imagazine.it\/home_desk\/wp-json\/wp\/v2\/users\/28"}],"replies":[{"embeddable":true,"href":"https:\/\/imagazine.it\/home_desk\/wp-json\/wp\/v2\/comments?post=49479"}],"version-history":[{"count":0,"href":"https:\/\/imagazine.it\/home_desk\/wp-json\/wp\/v2\/posts\/49479\/revisions"}],"wp:featuredmedia":[{"embeddable":true,"href":"https:\/\/imagazine.it\/home_desk\/wp-json\/wp\/v2\/media\/49480"}],"wp:attachment":[{"href":"https:\/\/imagazine.it\/home_desk\/wp-json\/wp\/v2\/media?parent=49479"}],"wp:term":[{"taxonomy":"category","embeddable":true,"href":"https:\/\/imagazine.it\/home_desk\/wp-json\/wp\/v2\/categories?post=49479"},{"taxonomy":"post_tag","embeddable":true,"href":"https:\/\/imagazine.it\/home_desk\/wp-json\/wp\/v2\/tags?post=49479"}],"curies":[{"name":"wp","href":"https:\/\/api.w.org\/{rel}","templated":true}]}}