{"id":49469,"date":"2023-06-23T00:00:00","date_gmt":"2023-06-22T22:00:00","guid":{"rendered":"https:\/\/imagazine.it\/scout-anna-pellizzoni-portera-monfalcone-in-corea-del-sud\/"},"modified":"2023-06-23T00:00:00","modified_gmt":"2023-06-22T22:00:00","slug":"scout-anna-pellizzoni-portera-monfalcone-in-corea-del-sud","status":"publish","type":"post","link":"https:\/\/imagazine.it\/home_desk\/scout-anna-pellizzoni-portera-monfalcone-in-corea-del-sud\/","title":{"rendered":"Scout, Anna Pellizzoni porter\u00e0 Monfalcone in Corea del Sud"},"content":{"rendered":"<p> \tMONFALCONE \u2013 Una rappresentanza del <strong>gruppo scout Monfalcone 1<\/strong>, composta dal capogruppo <strong>Marco Tognan<\/strong> e dal capo reparto <strong>Michele Berti<\/strong> ha accompagnato in municipio la sedicenne <strong>Anna Pellizzoni<\/strong> che sar\u00e0 la voce dell\u2019Italia, insieme alle delegazioni delle altre regioni, in Corea del Sud, per il venticinquesimo <strong><em>\u2018Jamboree\u2019<\/em><\/strong>, dal primo al 12 agosto.<\/p>\n<p> \t\u201c<em>Jamboree<\/em>\u201d letteralmente significa &#8220;<em>marmellata di ragazzi<\/em>&#8220;, dall&#8217;unione delle parole inglesi <em>jam<\/em> e <em>boy<\/em>. Baden-Powell, padre dello scoutismo, gli diede questo nome perch\u00e9 voleva che un giorno tutti gli scout del mondo si incontrassero in un luogo per fare un campo insieme e quindi una &#8220;marmellata&#8221; di colori e usanze.<\/p>\n<p> \tIl motto \u00e8 \u201c<em>Draw your dream<\/em>\u201d &#8211; \u201c<em>disegna il tuo sogno<\/em>\u201d &#8211; ed esprime il desiderio di rendere il 25\u00b0 World Scout Jamboree un\u2019opportunit\u00e0 per coltivare le proprie speranze e i propri sogni.<\/p>\n<p> \tIl gruppo scout \u201cMonfalcone\u201d conta una cinquantina tra bambini e ragazzi, insegnando loro \u201ci valori essenziali del vivere in comunit\u00e0\u201d spiega il capogruppo Berti, &#8220;Anna stessa indossa i simboli delle tappe che uno scout persegue. La tappa della Scoperta, quella della Competenza, con la bussola a indicare l\u2019acquisizione di specifiche competenze e la capacit\u00e0 di iniziare ad essere autonomi, e la Tappa della Responsabilit\u00e0, per richiamare la responsabilit\u00e0 e testimonianza\u201d.<\/p>\n","protected":false},"excerpt":{"rendered":"<p>La sedicenne far\u00e0 parte della delegazione che rappresenter\u00e0 l&#8217;Italia dall&#8217;1 al 12 agosto<\/p>\n","protected":false},"author":28,"featured_media":49470,"comment_status":"closed","ping_status":"closed","sticky":false,"template":"","format":"standard","meta":{"dwc-title":[],"dwc-content":[],"footnotes":""},"categories":[5],"tags":[],"class_list":["post-49469","post","type-post","status-publish","format-standard","has-post-thumbnail","hentry","category-attualita"],"rttpg_featured_image_url":{"full":["https:\/\/imagazine.it\/wp-content\/uploads\/2024\/02\/53570-1.webp",1000,666,false],"landscape":["https:\/\/imagazine.it\/wp-content\/uploads\/2024\/02\/53570-1.webp",1000,666,false],"portraits":["https:\/\/imagazine.it\/wp-content\/uploads\/2024\/02\/53570-1.webp",1000,666,false],"thumbnail":["https:\/\/imagazine.it\/wp-content\/uploads\/2024\/02\/53570-1-150x150.webp",150,150,true],"medium":["https:\/\/imagazine.it\/wp-content\/uploads\/2024\/02\/53570-1-300x200.webp",300,200,true],"large":["https:\/\/imagazine.it\/wp-content\/uploads\/2024\/02\/53570-1.webp",640,426,false],"thumblist":["https:\/\/imagazine.it\/wp-content\/uploads\/2024\/02\/53570-1-300x300.webp",300,300,true],"thumbrelated":["https:\/\/imagazine.it\/wp-content\/uploads\/2024\/02\/53570-1-500x500.webp",500,500,true],"meccarouselthumb":["https:\/\/imagazine.it\/wp-content\/uploads\/2024\/02\/53570-1-474x324.webp",474,324,true],"gridsquare":["https:\/\/imagazine.it\/wp-content\/uploads\/2024\/02\/53570-1-391x260.webp",391,260,true],"tileview":["https:\/\/imagazine.it\/wp-content\/uploads\/2024\/02\/53570-1-300x400.webp",300,400,true],"1536x1536":["https:\/\/imagazine.it\/wp-content\/uploads\/2024\/02\/53570-1.webp",1000,666,false],"2048x2048":["https:\/\/imagazine.it\/wp-content\/uploads\/2024\/02\/53570-1.webp",1000,666,false],"newsup-slider-full":["https:\/\/imagazine.it\/wp-content\/uploads\/2024\/02\/53570-1.webp",1000,666,false],"newsup-featured":["https:\/\/imagazine.it\/wp-content\/uploads\/2024\/02\/53570-1.webp",1000,666,false],"newsup-medium":["https:\/\/imagazine.it\/wp-content\/uploads\/2024\/02\/53570-1-720x380.webp",720,380,true],"tptn_thumbnail":["https:\/\/imagazine.it\/wp-content\/uploads\/2024\/02\/53570-1.webp",250,167,false],"sow-carousel-default":["https:\/\/imagazine.it\/wp-content\/uploads\/2024\/02\/53570-1.webp",272,182,false]},"rttpg_author":{"display_name":"redazione","author_link":"https:\/\/imagazine.it\/home_desk\/author\/redazione\/"},"rttpg_comment":0,"rttpg_category":"<a href=\"https:\/\/imagazine.it\/home_desk\/category\/attualita\/\" rel=\"category tag\">ATTUALIT\u00c0<\/a>","rttpg_excerpt":"La sedicenne far\u00e0 parte della delegazione che rappresenter\u00e0 l'Italia dall'1 al 12 agosto","_links":{"self":[{"href":"https:\/\/imagazine.it\/home_desk\/wp-json\/wp\/v2\/posts\/49469","targetHints":{"allow":["GET"]}}],"collection":[{"href":"https:\/\/imagazine.it\/home_desk\/wp-json\/wp\/v2\/posts"}],"about":[{"href":"https:\/\/imagazine.it\/home_desk\/wp-json\/wp\/v2\/types\/post"}],"author":[{"embeddable":true,"href":"https:\/\/imagazine.it\/home_desk\/wp-json\/wp\/v2\/users\/28"}],"replies":[{"embeddable":true,"href":"https:\/\/imagazine.it\/home_desk\/wp-json\/wp\/v2\/comments?post=49469"}],"version-history":[{"count":0,"href":"https:\/\/imagazine.it\/home_desk\/wp-json\/wp\/v2\/posts\/49469\/revisions"}],"wp:featuredmedia":[{"embeddable":true,"href":"https:\/\/imagazine.it\/home_desk\/wp-json\/wp\/v2\/media\/49470"}],"wp:attachment":[{"href":"https:\/\/imagazine.it\/home_desk\/wp-json\/wp\/v2\/media?parent=49469"}],"wp:term":[{"taxonomy":"category","embeddable":true,"href":"https:\/\/imagazine.it\/home_desk\/wp-json\/wp\/v2\/categories?post=49469"},{"taxonomy":"post_tag","embeddable":true,"href":"https:\/\/imagazine.it\/home_desk\/wp-json\/wp\/v2\/tags?post=49469"}],"curies":[{"name":"wp","href":"https:\/\/api.w.org\/{rel}","templated":true}]}}