{"id":49467,"date":"2023-06-23T00:00:00","date_gmt":"2023-06-22T22:00:00","guid":{"rendered":"https:\/\/imagazine.it\/al-via-a-gorizia-il-comitato-europeo-delle-citta-transfrontaliere\/"},"modified":"2023-06-23T00:00:00","modified_gmt":"2023-06-22T22:00:00","slug":"al-via-a-gorizia-il-comitato-europeo-delle-citta-transfrontaliere","status":"publish","type":"post","link":"https:\/\/imagazine.it\/home_desk\/al-via-a-gorizia-il-comitato-europeo-delle-citta-transfrontaliere\/","title":{"rendered":"Al via a Gorizia il Comitato europeo delle citt\u00e0 transfrontaliere"},"content":{"rendered":"<p> \tGORIZIA<strong> \u2013 <\/strong>Nascer\u00e0 il <strong>Comitato europeo delle citt\u00e0 transfrontaliere<\/strong> e nascer\u00e0 da Gorizia e dal Friuli Venezia Giulia grazie all\u2019impegno e al lavoro decennale dell\u2019Associazione Mitteleuropa che ha organizzato, proprio nel capoluogo isontino, il primo Meeting europeo delle citt\u00e0 transfrontaliere.<\/p>\n<p> \t\u201c<em>Un\u2019iniziativa unica e ambiziosa \u2013 <\/em>ha sottolineato il presidente dell\u2019Associazione <strong>Paolo Petiziol<\/strong><em> \u2013 perch\u00e9<\/em> <em>nasce dal basso, dall\u2019Europa delle citt\u00e0 e delle persone che oggi hanno portato qui istanze, necessit\u00e0, progetti e obiettivi per costruire il futuro delle prossime generazioni, un futuro basato sulla cooperazione, sul dialogo e sulla pace.\u201d<\/em><\/p>\n<p> \tSul palco del meeting, dieci citt\u00e0 europee di confine: oltre a Gorizia (Italia) e Nova Gorica (Slovenia), ci saranno Valka (Lettonia) e Valga (Estonia), Frankfurt an der Oder (Germania) e Slubice (Polonia), Kom\u00e1rno (Slovacchia), Gradi\u0161ka (Bosnia-Erzegovina), Gornja Radgona (Slovenia) e Bad Radkersburg (Austria).<\/p>\n<p> \t<em>\u201cDopo essere stati per decenni un lontano e semi sconosciuto nordest, presidio armato del confine orientale, oggi siamo un piccolo compendio dell\u2019universo che pulsa nel cuore dell\u2019Europa, affacciato al mare e al mondo. Ci\u00f2 apre scenari nuovi ed ambiziosi: dove c\u2019erano confini, oggi ci sono nuove opportunit\u00e0, dove c\u2019era divisione, nascono capacit\u00e0 di apertura, di crescita condivisa e di pace\u201d, <\/em>ha aggiunto<strong> Mario Anzil, <\/strong>vicepresidente della Regione FVG e assessore regionale alla cultura<\/p>\n<p> \t<em>\u201cLa cooperazione tra le nostre citt\u00e0 di Nova Gorica e Gorizia \u2013 <\/em>ha evidenziato il ministro alle Relazioni tra la Repubblica di Slovenia e gli sloveni all&#8217;estero, <strong>Matej Ar\u010don<\/strong><em> \u2013 \u00e8 il modello virtuoso di rapporto che porto sempre come esempio in Europa, capace di rafforzare la collaborazione tra due intere nazioni e di ridurre le possibilit\u00e0 di conflitti, che, di fatto, \u00e8 la missione pi\u00f9 alta dell\u2019Europa, ci\u00f2 che ha di pi\u00f9 prezioso: la pace\u201d.<\/em><\/p>\n<p> \tLa proposta emersa dal confronto tra sindaci e istituzioni delle citt\u00e0 di confine \u00e8 di <strong>creare un\u2019istituzione congiunta che rappresenti a Bruxelles tutte le realt\u00e0 transfrontaliere <\/strong>con le specifiche istanze progettuali e finanziarie che le accomunano.<\/p>\n<p> \tTrasporti, sanit\u00e0, istruzione, ecologia, cultura sono i temi pi\u00f9 sentiti dalle citt\u00e0 di confine perch\u00e9 entrano in modo diretto e quotidiano nella vita dei cittadini.<\/p>\n<p> \tEcco perch\u00e9 le citt\u00e0 transfrontaliere vanno messe al centro dell\u2019azione politica e legislativa e, per fare questo, <strong>serve un documento strategico congiunto<\/strong> con obiettivi comuni, in modo che si trasformi in programmazione sovranazionale per chiedere interventi legislativi, finanziamenti e quindi a cascata risolvere e gestire le esigenze.<\/p>\n<p> \t<em>\u201cL\u2019Associazione Mitteleuropa \u2013 <\/em>ha ricordato <strong>Elena Lizzi, <\/strong>deputata del Friuli Venezia Giulia in Europa<em> \u2013 \u00e8 riuscita a costruire un sistema politico di dialogo per arrivare al riconoscimento europeo di uno status di citt\u00e0 transfrontaliere e, di conseguenza, ad un ruolo strategico all\u2019interno dell\u2019UE. Queste aree di confine sono definite dall\u2019Europa come laboratori di integrazione europea, ma devono affrontare una lunga serie di ostacoli\u201d.<\/em><\/p>\n<p> \tErano presenti all\u2019hotel Entourage il sindaco di Gorizia <strong>Rodolfo Ziberna<\/strong><em>, <\/em>il sindaco di Nova Gorica <strong>Samo Turel<\/strong>, il prefetto di Gorizia <strong>Raffaele Ricciardi<\/strong>, il rettore dell&#8217;Universit\u00e0 di Udine <strong>Roberto Pinton,<\/strong> il presidente del Consiglio Regionale <strong>Mauro Bordin<\/strong>, il consigliere <strong>Diego Bernardis<\/strong>.<\/p>\n<p> \tPresenti anche l\u2019ambasciatore d\u2019Italia a Lubiana, <strong>Carlo Campanile<\/strong>, l\u2019ambasciatore di Repubblica Ceca a Lubiana, <strong>Juraj Chmiel<\/strong>, l\u2019incaricato d\u2019Affari dell\u2019Ambasciata Polacca a Lubiana, <strong>Lukasz Micha\u0142 Paprotny<\/strong>, e la console di Polonia a Milano, <strong>Anna Golec-Mastroianni<\/strong>, l\u2019ambasciatore e C.E.I. National Coordinator per il Ministero Affari Esteri di Bosnia-Herzegovina <strong>Milo\u0161 Prica.<\/strong><\/p>\n","protected":false},"excerpt":{"rendered":"<p>Nasce una fucina della cooperazione internazionale tra citt\u00e0 di confine per portare proposte concrete a Bruxelles<\/p>\n","protected":false},"author":28,"featured_media":49468,"comment_status":"closed","ping_status":"closed","sticky":false,"template":"","format":"standard","meta":{"dwc-title":[],"dwc-content":[],"footnotes":""},"categories":[5],"tags":[],"class_list":["post-49467","post","type-post","status-publish","format-standard","has-post-thumbnail","hentry","category-attualita"],"rttpg_featured_image_url":{"full":["https:\/\/imagazine.it\/wp-content\/uploads\/2024\/02\/53567-1.webp",1000,667,false],"landscape":["https:\/\/imagazine.it\/wp-content\/uploads\/2024\/02\/53567-1.webp",1000,667,false],"portraits":["https:\/\/imagazine.it\/wp-content\/uploads\/2024\/02\/53567-1.webp",1000,667,false],"thumbnail":["https:\/\/imagazine.it\/wp-content\/uploads\/2024\/02\/53567-1-150x150.webp",150,150,true],"medium":["https:\/\/imagazine.it\/wp-content\/uploads\/2024\/02\/53567-1-300x200.webp",300,200,true],"large":["https:\/\/imagazine.it\/wp-content\/uploads\/2024\/02\/53567-1.webp",640,427,false],"thumblist":["https:\/\/imagazine.it\/wp-content\/uploads\/2024\/02\/53567-1-300x300.webp",300,300,true],"thumbrelated":["https:\/\/imagazine.it\/wp-content\/uploads\/2024\/02\/53567-1-500x500.webp",500,500,true],"meccarouselthumb":["https:\/\/imagazine.it\/wp-content\/uploads\/2024\/02\/53567-1-474x324.webp",474,324,true],"gridsquare":["https:\/\/imagazine.it\/wp-content\/uploads\/2024\/02\/53567-1-391x260.webp",391,260,true],"tileview":["https:\/\/imagazine.it\/wp-content\/uploads\/2024\/02\/53567-1-300x400.webp",300,400,true],"1536x1536":["https:\/\/imagazine.it\/wp-content\/uploads\/2024\/02\/53567-1.webp",1000,667,false],"2048x2048":["https:\/\/imagazine.it\/wp-content\/uploads\/2024\/02\/53567-1.webp",1000,667,false],"newsup-slider-full":["https:\/\/imagazine.it\/wp-content\/uploads\/2024\/02\/53567-1.webp",1000,667,false],"newsup-featured":["https:\/\/imagazine.it\/wp-content\/uploads\/2024\/02\/53567-1.webp",1000,667,false],"newsup-medium":["https:\/\/imagazine.it\/wp-content\/uploads\/2024\/02\/53567-1-720x380.webp",720,380,true],"tptn_thumbnail":["https:\/\/imagazine.it\/wp-content\/uploads\/2024\/02\/53567-1.webp",250,167,false],"sow-carousel-default":["https:\/\/imagazine.it\/wp-content\/uploads\/2024\/02\/53567-1.webp",272,182,false]},"rttpg_author":{"display_name":"redazione","author_link":"https:\/\/imagazine.it\/home_desk\/author\/redazione\/"},"rttpg_comment":0,"rttpg_category":"<a href=\"https:\/\/imagazine.it\/home_desk\/category\/attualita\/\" rel=\"category tag\">ATTUALIT\u00c0<\/a>","rttpg_excerpt":"Nasce una fucina della cooperazione internazionale tra citt\u00e0 di confine per portare proposte concrete a Bruxelles","_links":{"self":[{"href":"https:\/\/imagazine.it\/home_desk\/wp-json\/wp\/v2\/posts\/49467","targetHints":{"allow":["GET"]}}],"collection":[{"href":"https:\/\/imagazine.it\/home_desk\/wp-json\/wp\/v2\/posts"}],"about":[{"href":"https:\/\/imagazine.it\/home_desk\/wp-json\/wp\/v2\/types\/post"}],"author":[{"embeddable":true,"href":"https:\/\/imagazine.it\/home_desk\/wp-json\/wp\/v2\/users\/28"}],"replies":[{"embeddable":true,"href":"https:\/\/imagazine.it\/home_desk\/wp-json\/wp\/v2\/comments?post=49467"}],"version-history":[{"count":0,"href":"https:\/\/imagazine.it\/home_desk\/wp-json\/wp\/v2\/posts\/49467\/revisions"}],"wp:featuredmedia":[{"embeddable":true,"href":"https:\/\/imagazine.it\/home_desk\/wp-json\/wp\/v2\/media\/49468"}],"wp:attachment":[{"href":"https:\/\/imagazine.it\/home_desk\/wp-json\/wp\/v2\/media?parent=49467"}],"wp:term":[{"taxonomy":"category","embeddable":true,"href":"https:\/\/imagazine.it\/home_desk\/wp-json\/wp\/v2\/categories?post=49467"},{"taxonomy":"post_tag","embeddable":true,"href":"https:\/\/imagazine.it\/home_desk\/wp-json\/wp\/v2\/tags?post=49467"}],"curies":[{"name":"wp","href":"https:\/\/api.w.org\/{rel}","templated":true}]}}