{"id":49445,"date":"2023-06-21T00:00:00","date_gmt":"2023-06-20T22:00:00","guid":{"rendered":"https:\/\/imagazine.it\/rivive-lo-splendore-di-aquileia-antica\/"},"modified":"2023-06-21T00:00:00","modified_gmt":"2023-06-20T22:00:00","slug":"rivive-lo-splendore-di-aquileia-antica","status":"publish","type":"post","link":"https:\/\/imagazine.it\/home_desk\/rivive-lo-splendore-di-aquileia-antica\/","title":{"rendered":"Rivive lo splendore di Aquileia antica"},"content":{"rendered":"<p> \tAQUILEIA \u2013 Tre giorni per rivivere lo spirito delle origini della citt\u00e0: un viaggio nel tempo alla scoperta della storia, della tradizione e della <strong>leggenda dell\u2019Aquileia antica<\/strong>.<\/p>\n<p> \t<strong>Venerd\u00ec 23, sabato 24 e domenica 25 giugno<\/strong> andr\u00e0 in scena <strong><em>Tempora<\/em><\/strong> <strong><em>in Aquileia <\/em><\/strong>(<u><a href=\"https:\/\/www.imagazine.it\/eventi\/44936\" target=\"_blank\" rel=\"noopener\"><span style=\"color:#0000cd;\">clicca qui per il programma completo<\/span><\/a><\/u>), la <strong>rievocazione storica<\/strong> \u2013 organizzata da Comune di Aquileia, Pro Loco Aquileia, Associazione Imprenditori Citt\u00e0 di Aquileia con il sostegno di Fondazione Aquileia \u2013 che far\u00e0 rivivere le atmosfere del 181 a.C. grazie a un vero e proprio viaggio nel tempo e nella storia di quella che \u00e8 stata una delle pi\u00f9 grandi citt\u00e0 dell\u2019Impero romano.<\/p>\n<p> \t<strong>Oltre cinquecento rievocatori<\/strong> celti e romani riempiranno le strade, le piazze e i luoghi simbolo per la nona edizione della manifestazione organizzata da Comune di Aquileia, Pro Loco Aquileia, Associazione Imprenditori Citt\u00e0 di Aquileia con il sostegno di Fondazione Aquileia.<\/p>\n<p> \tTema dell\u2019edizione 2023 di <strong><em>Tempora in Aquileia<\/em><\/strong> sar\u00e0 \u201c<em>la forza della diplomazia nell\u2019antichit\u00e0<\/em>\u201d, rivivendo la vicenda della marcia verso l\u2019Illirico del console Gaio Cassio Longino per minacciare la sfera d\u2019influenza della Macedonia.<\/p>\n<p> \t\u00abSi conferma \u2013 sottolinea <strong>Emanuele Zorino<\/strong>, sindaco di Aquileia \u2013 la solida rete di collaborazioni sul territorio: <em>Tempora<\/em> \u00e8 ormai un appuntamento atteso in tutto il Friuli Venezia Giulia e non solo. Anche quest\u2019anno nelle tre giornate dell\u2019evento giungeranno in citt\u00e0 tantissimi visitatori e turisti. Sar\u00e0 una festa di tutti all\u2019insegna della riscoperta del passato e della nostra identit\u00e0 culturale\u00bb.<\/p>\n<p> \t\u00abLa rievocazione storica \u2013 spiega <strong>Roberto Corciulo<\/strong>, presidente della Fondazione Aquileia \u2013 \u00e8 uno strumento efficace di narrazione e coinvolgimento del pubblico e, nel contempo, si rivela sempre un momento aggregativo importante per la comunit\u00e0 locale. Per questi motivi abbiamo voluto condividere questo importante progetto di territorio che permetter\u00e0 a tutti, in particolare ai giovani e alle famiglie, di immergersi per tre giorni nella storia del nostro territorio di duemiladuecento anni fa\u00bb.<\/p>\n<p> \tDurante l\u2019intero fine settimana, immersi nel centro storico e nelle aree archeologiche della citt\u00e0, ci si potr\u00e0 imbattere nella <strong>quotidianit\u00e0 di un legionario romano<\/strong> o in quella di un <strong>guerriero celta<\/strong>, nei saperi e nei sapori dell&#8217;<strong>antico<\/strong> <strong>mercato<\/strong>. Si potr\u00e0 assistere alle <strong>sfide tra gladiatori<\/strong>, rivivere l\u2019atto di fondazione di Aquileia con la rievocazione del <strong>rito del <em>sulcus primigenius<\/em><\/strong>, scoprire <strong>antiche danze<\/strong>, seguire la <strong>marcia della legione tra le vie della citt\u00e0<\/strong>.<\/p>\n<p> \tLa <strong>cerimonia di apertura<\/strong> si terr\u00e0 venerd\u00ec alle ore 21 presso il Foro, con la suggestiva e simbolica <strong>accensione del fuoco di Beleno<\/strong> nell\u2019area dell\u2019accampamento romano.<\/p>\n<p> \tDurante le giornate di sabato e domenica, da mattina alla sera tardi si potranno <strong>visitare gli accampamenti<\/strong> celta e romano allestiti nell\u2019area del fondo Cal e nell\u2019area accanto al foro, nonch\u00e9 assistere a scene di vita quotidiana. Ci si potr\u00e0 esercitare in <strong>prove di arceria<\/strong> celta e romana, seguire <strong>itinerari guidati a cavallo<\/strong>, degustare la <strong>cucina romana<\/strong> nelle caratteristiche Taberne e apprendere la <strong>tecnica del mosaico<\/strong>. Durante le serate, infine, si potr\u00e0 ascoltare <strong>musica archeologica sperimentale<\/strong>.<\/p>\n<p> \t\u00a0<\/p>\n","protected":false},"excerpt":{"rendered":"<p>Cinquecento rievocatori riproporranno la fondazione della citt\u00e0 e la vita quotidiana delle sue genti. Con mercato dell\u2019artigianato storico, prove di arceria e musica archeologica sperimentale<\/p>\n","protected":false},"author":28,"featured_media":49446,"comment_status":"closed","ping_status":"closed","sticky":false,"template":"","format":"standard","meta":{"dwc-title":[],"dwc-content":[],"footnotes":""},"categories":[8],"tags":[],"class_list":["post-49445","post","type-post","status-publish","format-standard","has-post-thumbnail","hentry","category-turismo"],"rttpg_featured_image_url":{"full":["https:\/\/imagazine.it\/wp-content\/uploads\/2024\/02\/53530-1.webp",1000,667,false],"landscape":["https:\/\/imagazine.it\/wp-content\/uploads\/2024\/02\/53530-1.webp",1000,667,false],"portraits":["https:\/\/imagazine.it\/wp-content\/uploads\/2024\/02\/53530-1.webp",1000,667,false],"thumbnail":["https:\/\/imagazine.it\/wp-content\/uploads\/2024\/02\/53530-1-150x150.webp",150,150,true],"medium":["https:\/\/imagazine.it\/wp-content\/uploads\/2024\/02\/53530-1-300x200.webp",300,200,true],"large":["https:\/\/imagazine.it\/wp-content\/uploads\/2024\/02\/53530-1.webp",640,427,false],"thumblist":["https:\/\/imagazine.it\/wp-content\/uploads\/2024\/02\/53530-1-300x300.webp",300,300,true],"thumbrelated":["https:\/\/imagazine.it\/wp-content\/uploads\/2024\/02\/53530-1-500x500.webp",500,500,true],"meccarouselthumb":["https:\/\/imagazine.it\/wp-content\/uploads\/2024\/02\/53530-1-474x324.webp",474,324,true],"gridsquare":["https:\/\/imagazine.it\/wp-content\/uploads\/2024\/02\/53530-1-391x260.webp",391,260,true],"tileview":["https:\/\/imagazine.it\/wp-content\/uploads\/2024\/02\/53530-1-300x400.webp",300,400,true],"1536x1536":["https:\/\/imagazine.it\/wp-content\/uploads\/2024\/02\/53530-1.webp",1000,667,false],"2048x2048":["https:\/\/imagazine.it\/wp-content\/uploads\/2024\/02\/53530-1.webp",1000,667,false],"newsup-slider-full":["https:\/\/imagazine.it\/wp-content\/uploads\/2024\/02\/53530-1.webp",1000,667,false],"newsup-featured":["https:\/\/imagazine.it\/wp-content\/uploads\/2024\/02\/53530-1.webp",1000,667,false],"newsup-medium":["https:\/\/imagazine.it\/wp-content\/uploads\/2024\/02\/53530-1-720x380.webp",720,380,true],"tptn_thumbnail":["https:\/\/imagazine.it\/wp-content\/uploads\/2024\/02\/53530-1.webp",250,167,false],"sow-carousel-default":["https:\/\/imagazine.it\/wp-content\/uploads\/2024\/02\/53530-1.webp",272,182,false]},"rttpg_author":{"display_name":"redazione","author_link":"https:\/\/imagazine.it\/home_desk\/author\/redazione\/"},"rttpg_comment":0,"rttpg_category":"<a href=\"https:\/\/imagazine.it\/home_desk\/category\/turismo\/\" rel=\"category tag\">TURISMO<\/a>","rttpg_excerpt":"Cinquecento rievocatori riproporranno la fondazione della citt\u00e0 e la vita quotidiana delle sue genti. Con mercato dell\u2019artigianato storico, prove di arceria e musica archeologica sperimentale","_links":{"self":[{"href":"https:\/\/imagazine.it\/home_desk\/wp-json\/wp\/v2\/posts\/49445","targetHints":{"allow":["GET"]}}],"collection":[{"href":"https:\/\/imagazine.it\/home_desk\/wp-json\/wp\/v2\/posts"}],"about":[{"href":"https:\/\/imagazine.it\/home_desk\/wp-json\/wp\/v2\/types\/post"}],"author":[{"embeddable":true,"href":"https:\/\/imagazine.it\/home_desk\/wp-json\/wp\/v2\/users\/28"}],"replies":[{"embeddable":true,"href":"https:\/\/imagazine.it\/home_desk\/wp-json\/wp\/v2\/comments?post=49445"}],"version-history":[{"count":0,"href":"https:\/\/imagazine.it\/home_desk\/wp-json\/wp\/v2\/posts\/49445\/revisions"}],"wp:featuredmedia":[{"embeddable":true,"href":"https:\/\/imagazine.it\/home_desk\/wp-json\/wp\/v2\/media\/49446"}],"wp:attachment":[{"href":"https:\/\/imagazine.it\/home_desk\/wp-json\/wp\/v2\/media?parent=49445"}],"wp:term":[{"taxonomy":"category","embeddable":true,"href":"https:\/\/imagazine.it\/home_desk\/wp-json\/wp\/v2\/categories?post=49445"},{"taxonomy":"post_tag","embeddable":true,"href":"https:\/\/imagazine.it\/home_desk\/wp-json\/wp\/v2\/tags?post=49445"}],"curies":[{"name":"wp","href":"https:\/\/api.w.org\/{rel}","templated":true}]}}