{"id":49435,"date":"2023-06-20T00:00:00","date_gmt":"2023-06-19T22:00:00","guid":{"rendered":"https:\/\/imagazine.it\/a-gorizia-il-meeting-europeo-delle-citta-transfrontaliere\/"},"modified":"2023-06-20T00:00:00","modified_gmt":"2023-06-19T22:00:00","slug":"a-gorizia-il-meeting-europeo-delle-citta-transfrontaliere","status":"publish","type":"post","link":"https:\/\/imagazine.it\/home_desk\/a-gorizia-il-meeting-europeo-delle-citta-transfrontaliere\/","title":{"rendered":"A Gorizia il Meeting europeo delle citt\u00e0 transfrontaliere"},"content":{"rendered":"<p> \tGORIZIA &#8211; Venerd\u00ec 23 giugno saranno dieci le citt\u00e0 europee di confine presenti a Gorizia per il <strong>primo<\/strong> <strong>Meeting europeo delle citt\u00e0 transfrontaliere<\/strong>: oltre a Gorizia (Italia) e Nova Gorica (Slovenia), ci saranno Valka (Lettonia) e Valga (Estonia), Frankfurt an der Oder (Germania) e Slubice (Polonia), Kom\u00e1rno (Slovacchia), Gradi\u0161ka (Bosnia-Erzegovina), Gornja Radgona (Slovenia) e Bad Radkersburg (Austria).<\/p>\n<p> \tIl meeting \u00e8 il frutto del lavoro e delle relazioni oltreconfine dell\u2019<strong>Associazione Mitteleuropa<\/strong> che l\u2019anno scorso, durante il proprio forum annuale, ha lanciato l\u2019idea di creare un appuntamento internazionale per analizzare, promuovere e rafforzare una nuova collaborazione transfrontaliera tra le citt\u00e0 europee di confine, di cui sono virtuoso esempio Gorizia e Nova Gorica con la progettualit\u00e0 di <em>GO!2025<\/em>.<\/p>\n<p> \t\u201c<em>Faremo parlare l\u2019Europa di noi<\/em><em> \u2013 <\/em>ha affermato il presidente <strong>Paolo Petiziol<\/strong> che ha aperto oggi la presentazione del meeting \u2013, <em>l\u2019evento che ci aspetta \u00e8 davvero qualcosa di innovativo: non \u00e8 l\u2019Europa che si costruisce dall\u2019alto, non l\u2019Europa degli stati o delle regioni, ma \u00e8 l\u2019Europa delle citt\u00e0, citt\u00e0 speciali come sono Nova Gorica e Gorizia che sono tagliate da un confine. Lo scopo del convegno \u00e8 far incontrare le citt\u00e0, addirittura dieci, e chiedere quali sono i loro problemi, le necessit\u00e0 e le buone pratiche per portarle al tavolo europeo: se Nova Gorica e Gorizia vanno insieme a Bruxelles ci ascoltano, ma se andiamo in decine di delegazioni di citt\u00e0 transfrontaliere, la nostra forza si moltiplica, dimostrando le necessit\u00e0 uniche e particolari di chi vive sul confine.\u201d<\/em><\/p>\n<p> \t<em>\u201cAttraverso GO2025! <\/em>\u2013 ha ribadito <strong>Petiziol<\/strong> \u2013 <em>possiamo assumere un ruolo non solo regionale o nazionale, ma veramente europeo, andando ben oltre l\u2019anno della capitale della cultura che deve rappresentare un cantiere per il futuro dei nostri territori. Il lavoro dei prossimi anni sar\u00e0 un gioco di squadra tra tanti ed importanti protagonisti: in primis la Regione e le istituzioni, ma poi anche Gect, Associazione Mitteleuropa, Mittelfest e tutti coloro che possono fare promozione e valorizzazione del nostro territorio\u201d. <\/em><\/p>\n<p> \t<strong>L\u2019obiettivo \u00e8 quindi di rendere il meeting di Gorizia un appuntamento annuale<\/strong>: le citt\u00e0 verranno coinvolte in un tavolo di lavoro e di cooperazione con cui costruire un modello virtuoso per tutte le citt\u00e0 transfrontaliere, un sistema di relazioni strutturali che aiutino lo sviluppo socio economico dei territori, per scambiarsi esperienze e buone pratiche di integrazione transfrontaliera, per progettare insieme il comune destino europeo e discutere di progettualit\u00e0, obiettivi e fondi europei: si tratta di un\u2019iniziativa internazionale totalmente nuova che colloca il Friuli Venezia Giulia in una posizione ancor pi\u00f9 strategica nello scacchiere delle relazioni internazionali.<\/p>\n<p> \t<em>\u201cIl meeting organizzato Associazione Mitteleuropa \u00e8 un momento fondamentale di condivisione con altre citt\u00e0 simili alle nostre che stanno cercando di collaborare tra loro, superando tutti i limiti operativi, amministrativi e legislativi dell\u2019essere sul confine\u201d, <\/em>ha commentato <strong>Anton Harej<\/strong>, vicesindaco di Nova Gorica.<\/p>\n<p> \tVenerd\u00ec saranno presenti all\u2019hotel Entourage il sindaco di Gorizia <strong>Rodolfo Ziberna<\/strong><em>, <\/em>il sindaco di Nova Gorica <strong>Samo Turel<\/strong>, il prefetto di Gorizia <strong>Raffaele Ricciardi<\/strong>, il Rettore dell&#8217;Universit\u00e0 di Udine <strong>Roberto Pinton,<\/strong> il Presidente del Consiglio Regionale <strong>Mauro Bordin<\/strong>, l&#8217;Assessore regionale alla cultura <strong>Mario Anzil<\/strong> e il consigliere <strong>Diego Bernardis<\/strong>.<\/p>\n<p> \tTra le presenze anche il Ministro alle Relazioni tra la Repubblica di Slovenia e gli sloveni all&#8217;estero, <strong>Matej Ar<\/strong><strong>\u010d<\/strong><strong>on<\/strong>, l\u2019Ambasciatore d\u2019Italia a Lubiana, <strong>S.E. Carlo Campanile<\/strong>, l\u2019Ambasciatore di Repubblica Ceca a Lubiana, <strong>S.E. Juraj Chmiel<\/strong>, l\u2019Incaricato d\u2019Affari dell\u2019Ambasciata Polacca a Lubiana, <strong>Lukasz Micha\u0142 Paprotny<\/strong>, e la Console di Polonia a Milano, <strong>Anna Golec-Mastroianni<\/strong>.<\/p>\n<p> \t<em>\u201cCon questa iniziativa <\/em>\u2013 ha sottolineato l\u2019assessore alla cultura di Gorizia, <strong>Fabrizio Oreti<\/strong> \u2013<em>dimostriamo di avere una forte identit\u00e0 e di lavorare verso obiettivi di pace, di coesione e di reale collaborazione<\/em>. <em>Il convegno di venerd\u00ec non \u00e8 solo un confronto, ma diventa opportunit\u00e0 di crescita condivisa: finalmente il confine viene percepito non come limite, ma come frontiera che apre a nuovi scenari per i territori\u201d.<\/em><\/p>\n<p> \t\u00a0<\/p>\n","protected":false},"excerpt":{"rendered":"<p>Venerd\u00ec attesi i rappresentanti di 10 citt\u00e0 di confine d\u2019Europa, per un evento destinato a ripetersi negli anni<\/p>\n","protected":false},"author":28,"featured_media":49436,"comment_status":"closed","ping_status":"closed","sticky":false,"template":"","format":"standard","meta":{"dwc-title":[],"dwc-content":[],"footnotes":""},"categories":[5],"tags":[],"class_list":["post-49435","post","type-post","status-publish","format-standard","has-post-thumbnail","hentry","category-attualita"],"rttpg_featured_image_url":{"full":["https:\/\/imagazine.it\/wp-content\/uploads\/2024\/02\/53500-1.webp",891,662,false],"landscape":["https:\/\/imagazine.it\/wp-content\/uploads\/2024\/02\/53500-1.webp",891,662,false],"portraits":["https:\/\/imagazine.it\/wp-content\/uploads\/2024\/02\/53500-1.webp",891,662,false],"thumbnail":["https:\/\/imagazine.it\/wp-content\/uploads\/2024\/02\/53500-1-150x150.webp",150,150,true],"medium":["https:\/\/imagazine.it\/wp-content\/uploads\/2024\/02\/53500-1-300x223.webp",300,223,true],"large":["https:\/\/imagazine.it\/wp-content\/uploads\/2024\/02\/53500-1.webp",640,476,false],"thumblist":["https:\/\/imagazine.it\/wp-content\/uploads\/2024\/02\/53500-1-300x300.webp",300,300,true],"thumbrelated":["https:\/\/imagazine.it\/wp-content\/uploads\/2024\/02\/53500-1-500x500.webp",500,500,true],"meccarouselthumb":["https:\/\/imagazine.it\/wp-content\/uploads\/2024\/02\/53500-1-474x324.webp",474,324,true],"gridsquare":["https:\/\/imagazine.it\/wp-content\/uploads\/2024\/02\/53500-1-391x260.webp",391,260,true],"tileview":["https:\/\/imagazine.it\/wp-content\/uploads\/2024\/02\/53500-1-300x400.webp",300,400,true],"1536x1536":["https:\/\/imagazine.it\/wp-content\/uploads\/2024\/02\/53500-1.webp",891,662,false],"2048x2048":["https:\/\/imagazine.it\/wp-content\/uploads\/2024\/02\/53500-1.webp",891,662,false],"newsup-slider-full":["https:\/\/imagazine.it\/wp-content\/uploads\/2024\/02\/53500-1.webp",891,662,false],"newsup-featured":["https:\/\/imagazine.it\/wp-content\/uploads\/2024\/02\/53500-1.webp",891,662,false],"newsup-medium":["https:\/\/imagazine.it\/wp-content\/uploads\/2024\/02\/53500-1-720x380.webp",720,380,true],"tptn_thumbnail":["https:\/\/imagazine.it\/wp-content\/uploads\/2024\/02\/53500-1.webp",250,186,false],"sow-carousel-default":["https:\/\/imagazine.it\/wp-content\/uploads\/2024\/02\/53500-1.webp",245,182,false]},"rttpg_author":{"display_name":"redazione","author_link":"https:\/\/imagazine.it\/home_desk\/author\/redazione\/"},"rttpg_comment":0,"rttpg_category":"<a href=\"https:\/\/imagazine.it\/home_desk\/category\/attualita\/\" rel=\"category tag\">ATTUALIT\u00c0<\/a>","rttpg_excerpt":"Venerd\u00ec attesi i rappresentanti di 10 citt\u00e0 di confine d\u2019Europa, per un evento destinato a ripetersi negli anni","_links":{"self":[{"href":"https:\/\/imagazine.it\/home_desk\/wp-json\/wp\/v2\/posts\/49435","targetHints":{"allow":["GET"]}}],"collection":[{"href":"https:\/\/imagazine.it\/home_desk\/wp-json\/wp\/v2\/posts"}],"about":[{"href":"https:\/\/imagazine.it\/home_desk\/wp-json\/wp\/v2\/types\/post"}],"author":[{"embeddable":true,"href":"https:\/\/imagazine.it\/home_desk\/wp-json\/wp\/v2\/users\/28"}],"replies":[{"embeddable":true,"href":"https:\/\/imagazine.it\/home_desk\/wp-json\/wp\/v2\/comments?post=49435"}],"version-history":[{"count":0,"href":"https:\/\/imagazine.it\/home_desk\/wp-json\/wp\/v2\/posts\/49435\/revisions"}],"wp:featuredmedia":[{"embeddable":true,"href":"https:\/\/imagazine.it\/home_desk\/wp-json\/wp\/v2\/media\/49436"}],"wp:attachment":[{"href":"https:\/\/imagazine.it\/home_desk\/wp-json\/wp\/v2\/media?parent=49435"}],"wp:term":[{"taxonomy":"category","embeddable":true,"href":"https:\/\/imagazine.it\/home_desk\/wp-json\/wp\/v2\/categories?post=49435"},{"taxonomy":"post_tag","embeddable":true,"href":"https:\/\/imagazine.it\/home_desk\/wp-json\/wp\/v2\/tags?post=49435"}],"curies":[{"name":"wp","href":"https:\/\/api.w.org\/{rel}","templated":true}]}}