{"id":49421,"date":"2023-06-18T00:00:00","date_gmt":"2023-06-17T22:00:00","guid":{"rendered":"https:\/\/imagazine.it\/cervignano-riaccoglie-don-manuel-millo\/"},"modified":"2023-06-18T00:00:00","modified_gmt":"2023-06-17T22:00:00","slug":"cervignano-riaccoglie-don-manuel-millo","status":"publish","type":"post","link":"https:\/\/imagazine.it\/home_desk\/cervignano-riaccoglie-don-manuel-millo\/","title":{"rendered":"Cervignano &#8220;riaccoglie&#8221; don Manuel Millo"},"content":{"rendered":"<p> \tCERVIGNANO DEL FRIULI \u2013 Per <strong>don Manuel Millo<\/strong> \u00e8 arrivato il momento di varcare anche la porta del duomo di Cervignano.<\/p>\n<p> \tLo aveva lasciato il 28 di maggio come diacono, dopo quasi un mese vi entra come sacerdote consacrato.<\/p>\n<p> \tAd attenderlo sulla porta della chiesa c\u2019erano i rappresentanti del consiglio pastorale: ha preso la parola la moderatrice <strong>Maria Teresa Ballarin<\/strong> per il saluto di benvenuto: \u201cOggi entri nella nostra parrocchia da sacerdote e noi te ne siamo grati. Grati perch\u00e9 hai risposto con un s\u00ec alla chiamata di Dio e ti accogliamo come nostro fratello\u201d.<\/p>\n<p> \tAl neo sacerdote \u00e8 stata donata una casula verde e un calice con la pisside.<\/p>\n<p> \tPoi l\u2019entrata nell\u2019edificio sacro, tanti sorrisi e tanti segni di approvazione da parte delle persone accorse ad assistere alla messa.<\/p>\n<p> \tPresente fra gli altri anche il sindaco di Cervignano, Andrea Balducci.<\/p>\n<p> \tLa funzione \u00e8 stata presieduta proprio da don Manuel, concelebranti il parroco <strong>don Sinuhe Marotta<\/strong> e <strong>don Modeste Muragijimana<\/strong>, che ha tenuto l\u2019omelia.<\/p>\n<p> \tLa messa \u00e8 stata accompagnata da due cori: il <strong>coro parrocchiale delle \u201c9.30\u201d<\/strong> e il <strong>coro Leo<\/strong> con altri cantori dal Coro parrocchiale di Terzo e San Martino, con l\u2019organista <strong>Gioele<\/strong>. Il coro \u00e8 stato diretto da <strong>Immacolata Pastore<\/strong>.<\/p>\n<p> \tPrima della benedizione, <strong>Luisa Giusti<\/strong>, a nome della comunit\u00e0 \u00e8 intervenuta e si \u00e8 rivolta a don Manuel: \u201cPrima di dirti cosa ci aspettiamo da te, vorremmo dirti cosa possiamo darti: prima di tutto la nostra vicinanza e la nostra collaborazione, poi un paio di spalle dove poter raccontare qualche inciampo o sassolino che ti potr\u00e0 capitare, ma pi\u00f9 importante di tutto un sorriso e un caff\u00e8. Ma anche quel rapporto di condivisione per costruire una chiesa nuova, aperta, attenta, la chiesa del cambio d&#8217;epoca\u201d.<\/p>\n<p> \tGli ha quindi consegnato un quaderno \u2013 con la copertina realizzata da <strong>Isabella Guatto<\/strong> \u2013 con all\u2019interno scritti gli auguri della comunit\u00e0. Un folto gruppo di suore di lingua swahili, da Cervignano, Latisana e della Beata Vergine Maria giunte da Trieste hanno cantato e danzato il <em>Magnificat<\/em> nella loro lingua.<\/p>\n<p> \tAl termine della funzione don Manuel \u00e8 uscito accompagnato dalle bandierine con i messaggi scritti dai ragazzi.<\/p>\n<p> \tTutto si \u00e8 concluso con il rinfresco in sala parrocchiale realizzato dai volontari guidati da <strong>Nicola Galluccio<\/strong> e <strong>Giuliano Scolz<\/strong>, dove don Manuel ha ricevuto, dalle associazioni parrocchiali e dal Consiglio del Ricreatorio, dei doni.<\/p>\n<p> \tNei giorni scorsi don Manuel aveva <u><a href=\"https:\/\/www.imagazine.it\/notizie-trieste-gorizia-udine-friuli\/13677\" target=\"_blank\" rel=\"noopener\"><span style=\"color:#0000cd;\">celebrato la sua prima messa a Muscoli e Strassoldo<\/span><\/a><\/u>, mentre domenica prossima sar\u00e0 la volta di Scodovacca.<\/p>\n","protected":false},"excerpt":{"rendered":"<p>Dopo Muscoli e Strassoldo, il neo sacerdote \u00e8 stato accolto ufficialmente dal Consiglio pastorale, mondo associativo e comunit\u00e0 di fedeli<\/p>\n","protected":false},"author":22,"featured_media":49422,"comment_status":"closed","ping_status":"closed","sticky":false,"template":"","format":"standard","meta":{"dwc-title":[],"dwc-content":[],"footnotes":""},"categories":[5],"tags":[],"class_list":["post-49421","post","type-post","status-publish","format-standard","has-post-thumbnail","hentry","category-attualita"],"rttpg_featured_image_url":{"full":["https:\/\/imagazine.it\/wp-content\/uploads\/2024\/02\/53471-1.webp",1000,750,false],"landscape":["https:\/\/imagazine.it\/wp-content\/uploads\/2024\/02\/53471-1.webp",1000,750,false],"portraits":["https:\/\/imagazine.it\/wp-content\/uploads\/2024\/02\/53471-1.webp",1000,750,false],"thumbnail":["https:\/\/imagazine.it\/wp-content\/uploads\/2024\/02\/53471-1-150x150.webp",150,150,true],"medium":["https:\/\/imagazine.it\/wp-content\/uploads\/2024\/02\/53471-1-300x225.webp",300,225,true],"large":["https:\/\/imagazine.it\/wp-content\/uploads\/2024\/02\/53471-1.webp",640,480,false],"thumblist":["https:\/\/imagazine.it\/wp-content\/uploads\/2024\/02\/53471-1-300x300.webp",300,300,true],"thumbrelated":["https:\/\/imagazine.it\/wp-content\/uploads\/2024\/02\/53471-1-500x500.webp",500,500,true],"meccarouselthumb":["https:\/\/imagazine.it\/wp-content\/uploads\/2024\/02\/53471-1-474x324.webp",474,324,true],"gridsquare":["https:\/\/imagazine.it\/wp-content\/uploads\/2024\/02\/53471-1-391x260.webp",391,260,true],"tileview":["https:\/\/imagazine.it\/wp-content\/uploads\/2024\/02\/53471-1-300x400.webp",300,400,true],"1536x1536":["https:\/\/imagazine.it\/wp-content\/uploads\/2024\/02\/53471-1.webp",1000,750,false],"2048x2048":["https:\/\/imagazine.it\/wp-content\/uploads\/2024\/02\/53471-1.webp",1000,750,false],"newsup-slider-full":["https:\/\/imagazine.it\/wp-content\/uploads\/2024\/02\/53471-1-1000x720.webp",1000,720,true],"newsup-featured":["https:\/\/imagazine.it\/wp-content\/uploads\/2024\/02\/53471-1.webp",1000,750,false],"newsup-medium":["https:\/\/imagazine.it\/wp-content\/uploads\/2024\/02\/53471-1-720x380.webp",720,380,true],"tptn_thumbnail":["https:\/\/imagazine.it\/wp-content\/uploads\/2024\/02\/53471-1.webp",250,188,false],"sow-carousel-default":["https:\/\/imagazine.it\/wp-content\/uploads\/2024\/02\/53471-1.webp",243,182,false]},"rttpg_author":{"display_name":"Livio Nonis","author_link":"https:\/\/imagazine.it\/home_desk\/author\/nonis\/"},"rttpg_comment":0,"rttpg_category":"<a href=\"https:\/\/imagazine.it\/home_desk\/category\/attualita\/\" rel=\"category tag\">ATTUALIT\u00c0<\/a>","rttpg_excerpt":"Dopo Muscoli e Strassoldo, il neo sacerdote \u00e8 stato accolto ufficialmente dal Consiglio pastorale, mondo associativo e comunit\u00e0 di fedeli","_links":{"self":[{"href":"https:\/\/imagazine.it\/home_desk\/wp-json\/wp\/v2\/posts\/49421","targetHints":{"allow":["GET"]}}],"collection":[{"href":"https:\/\/imagazine.it\/home_desk\/wp-json\/wp\/v2\/posts"}],"about":[{"href":"https:\/\/imagazine.it\/home_desk\/wp-json\/wp\/v2\/types\/post"}],"author":[{"embeddable":true,"href":"https:\/\/imagazine.it\/home_desk\/wp-json\/wp\/v2\/users\/22"}],"replies":[{"embeddable":true,"href":"https:\/\/imagazine.it\/home_desk\/wp-json\/wp\/v2\/comments?post=49421"}],"version-history":[{"count":0,"href":"https:\/\/imagazine.it\/home_desk\/wp-json\/wp\/v2\/posts\/49421\/revisions"}],"wp:featuredmedia":[{"embeddable":true,"href":"https:\/\/imagazine.it\/home_desk\/wp-json\/wp\/v2\/media\/49422"}],"wp:attachment":[{"href":"https:\/\/imagazine.it\/home_desk\/wp-json\/wp\/v2\/media?parent=49421"}],"wp:term":[{"taxonomy":"category","embeddable":true,"href":"https:\/\/imagazine.it\/home_desk\/wp-json\/wp\/v2\/categories?post=49421"},{"taxonomy":"post_tag","embeddable":true,"href":"https:\/\/imagazine.it\/home_desk\/wp-json\/wp\/v2\/tags?post=49421"}],"curies":[{"name":"wp","href":"https:\/\/api.w.org\/{rel}","templated":true}]}}