{"id":49419,"date":"2023-06-16T00:00:00","date_gmt":"2023-06-15T22:00:00","guid":{"rendered":"https:\/\/imagazine.it\/dallisontino-alla-bassa-torna-il-teatro-per-bambini-e-famiglie\/"},"modified":"2023-06-16T00:00:00","modified_gmt":"2023-06-15T22:00:00","slug":"dallisontino-alla-bassa-torna-il-teatro-per-bambini-e-famiglie","status":"publish","type":"post","link":"https:\/\/imagazine.it\/home_desk\/dallisontino-alla-bassa-torna-il-teatro-per-bambini-e-famiglie\/","title":{"rendered":"Dall&#8217;Isontino alla Bassa torna il teatro per bambini e famiglie"},"content":{"rendered":"<p> \tROMANS D\u2019ISONZO \u2013 Torna \u2018<strong><em>Insegui la tua storia<\/em><\/strong>\u2019, la rassegna teatrale itinerante per bambini e famiglie. La <strong>23esima edizione <\/strong>sar\u00e0 ancora pi\u00f9 ricca toccando 13 localit\u00e0 diverse (da quest\u2019anno fa parte del progetto anche Gradisca d\u2019Isonzo) per assistere a 14 spettacoli.<\/p>\n<p> \tAncora una volta a muovere l\u2019ingranaggio organizzativo \u00e8 stato il <strong>Comune di Romans d\u2019Isonzo<\/strong>, capofila del progetto, e nuovamente la direzione artistica \u00e8 stata affidata ad <strong>ArtistiAssociati \u2013 Centro di Produzione Teatrale<\/strong>: proprio il sindaco di Romans, <strong>Michele Calligaris<\/strong>, e l\u2019assessore <strong>Matteo Gargaloni<\/strong>, assieme al direttore artistico <strong>Walter Mramor<\/strong>, hanno svelato il programma.<\/p>\n<p> \tCome consuetudine la rassegna si volger\u00e0 con cadenza bisettimanale (marted\u00ec e gioved\u00ec) a partire <strong>da gioved\u00ec 20 giugno fino a gioved\u00ec 3 agosto, con inizio alle 20, con ingresso libero fino a esaurimento dei posti<\/strong> e, come tradizione, il primo spettacolo della rassegna e l\u2019ultimo saranno messi in scena a Romans d\u2019Isonzo.<\/p>\n<p> \tLa maratona teatrale inizier\u00e0 marted\u00ec 20 giugno con \u2018<em>I tre porcellini. L\u2019arcinota storia raccontata dallo sfortunatissimo Lupo<\/em>\u2019 di Pandemonium Teatro. Il 22 giugno a <strong>Ruda<\/strong> in scena \u2018<em>Il libro della giungla<\/em>\u2019 del Gruppo Pantarei, mentre il 27 a <strong>Villesse<\/strong> in programma \u2018<em>L\u2019ultimo T-rex era un bullo<\/em>\u2019 con Gli Alcuni.<\/p>\n<p> \tA <strong>Gradisca d\u2019Isonzo<\/strong> ci sar\u00e0 Teatro a la Coque con \u2018<em>Circo Sogni<\/em>\u2019 il 29 giugno; il 4 luglio a <strong>Capriva del Friuli<\/strong> in scena \u2018<em>Il pesciolino d\u2019oro<\/em>\u2019 con Ulall\u00e0teatro e il 6 luglio a <strong>Corona di Mariano del Friuli<\/strong> \u2018<em>Cip\u00ec<\/em>\u2019 della Fondazione Aida.<\/p>\n<p> \tL\u201911 luglio sar\u00e0 la volta di \u2018<em>Un Cappuccetto Rosso<\/em>\u2019 di Matricola zero a <strong>Medea<\/strong> e il 13 luglio a <strong>Moraro<\/strong> \u2018<em>Il paese delle favole a rovescio<\/em>\u2019 del Teatro fuori rotta.<\/p>\n<p> \tAn\u00e0-Thema teatro sar\u00e0 ad <strong>Aquileia<\/strong> il 18 luglio con \u2018<em>Il gatto e la volpe<\/em>\u2019 e il 20 luglio a <strong>Fiumicello-Villa Vicentina<\/strong> \u2018<em>Storie di Gianni<\/em>\u2019 del Teatro Delle Quisquilie.<\/p>\n<p> \tLa rassegna toccher\u00e0 <strong>Farra d\u2019Isonzo<\/strong> il 25 luglio con \u2018<em>Hansel e Gretel, storia di paure<\/em>\u2019 allestito da Febo Teatro, e il 27 luglio <strong>Mossa<\/strong> con \u2018<em>Il lupo e i sette capretti<\/em>\u2019 di Accademia Perduta Romagna Teatri.<\/p>\n<p> \tIl 1\u00b0 agosto a <strong>Bagnaria Arsa<\/strong> \u2018<em>Biancaneve show<\/em>\u2019 de I teatri Soffiati. Il cartellone si chiuder\u00e0 a <strong>Romans d\u2019Isonzo<\/strong> gioved\u00ec 3 agosto con la produzione ArtistiAssociati \u2018<em>Esmeralda la farfalla del bosco<\/em>\u2019.<\/p>\n<p> \t\u00a0<\/p>\n","protected":false},"excerpt":{"rendered":"<p>Presentata la rassegna itinerante che coinvolge 13 diversi comuni, con esordio e conclusione a Romans d&#8217;Isonzo<\/p>\n","protected":false},"author":28,"featured_media":49420,"comment_status":"closed","ping_status":"closed","sticky":false,"template":"","format":"standard","meta":{"dwc-title":[],"dwc-content":[],"footnotes":""},"categories":[37],"tags":[],"class_list":["post-49419","post","type-post","status-publish","format-standard","has-post-thumbnail","hentry","category-cultura-e-spettacolo"],"rttpg_featured_image_url":{"full":["https:\/\/imagazine.it\/wp-content\/uploads\/2024\/02\/53468-1.webp",1000,750,false],"landscape":["https:\/\/imagazine.it\/wp-content\/uploads\/2024\/02\/53468-1.webp",1000,750,false],"portraits":["https:\/\/imagazine.it\/wp-content\/uploads\/2024\/02\/53468-1.webp",1000,750,false],"thumbnail":["https:\/\/imagazine.it\/wp-content\/uploads\/2024\/02\/53468-1-150x150.webp",150,150,true],"medium":["https:\/\/imagazine.it\/wp-content\/uploads\/2024\/02\/53468-1-300x225.webp",300,225,true],"large":["https:\/\/imagazine.it\/wp-content\/uploads\/2024\/02\/53468-1.webp",640,480,false],"thumblist":["https:\/\/imagazine.it\/wp-content\/uploads\/2024\/02\/53468-1-300x300.webp",300,300,true],"thumbrelated":["https:\/\/imagazine.it\/wp-content\/uploads\/2024\/02\/53468-1-500x500.webp",500,500,true],"meccarouselthumb":["https:\/\/imagazine.it\/wp-content\/uploads\/2024\/02\/53468-1-474x324.webp",474,324,true],"gridsquare":["https:\/\/imagazine.it\/wp-content\/uploads\/2024\/02\/53468-1-391x260.webp",391,260,true],"tileview":["https:\/\/imagazine.it\/wp-content\/uploads\/2024\/02\/53468-1-300x400.webp",300,400,true],"1536x1536":["https:\/\/imagazine.it\/wp-content\/uploads\/2024\/02\/53468-1.webp",1000,750,false],"2048x2048":["https:\/\/imagazine.it\/wp-content\/uploads\/2024\/02\/53468-1.webp",1000,750,false],"newsup-slider-full":["https:\/\/imagazine.it\/wp-content\/uploads\/2024\/02\/53468-1-1000x720.webp",1000,720,true],"newsup-featured":["https:\/\/imagazine.it\/wp-content\/uploads\/2024\/02\/53468-1.webp",1000,750,false],"newsup-medium":["https:\/\/imagazine.it\/wp-content\/uploads\/2024\/02\/53468-1-720x380.webp",720,380,true],"tptn_thumbnail":["https:\/\/imagazine.it\/wp-content\/uploads\/2024\/02\/53468-1.webp",250,188,false],"sow-carousel-default":["https:\/\/imagazine.it\/wp-content\/uploads\/2024\/02\/53468-1.webp",243,182,false]},"rttpg_author":{"display_name":"redazione","author_link":"https:\/\/imagazine.it\/home_desk\/author\/redazione\/"},"rttpg_comment":0,"rttpg_category":"<a href=\"https:\/\/imagazine.it\/home_desk\/category\/cultura-e-spettacolo\/\" rel=\"category tag\">CULTURA&amp;SPETTACOLO<\/a>","rttpg_excerpt":"Presentata la rassegna itinerante che coinvolge 13 diversi comuni, con esordio e conclusione a Romans d'Isonzo","_links":{"self":[{"href":"https:\/\/imagazine.it\/home_desk\/wp-json\/wp\/v2\/posts\/49419","targetHints":{"allow":["GET"]}}],"collection":[{"href":"https:\/\/imagazine.it\/home_desk\/wp-json\/wp\/v2\/posts"}],"about":[{"href":"https:\/\/imagazine.it\/home_desk\/wp-json\/wp\/v2\/types\/post"}],"author":[{"embeddable":true,"href":"https:\/\/imagazine.it\/home_desk\/wp-json\/wp\/v2\/users\/28"}],"replies":[{"embeddable":true,"href":"https:\/\/imagazine.it\/home_desk\/wp-json\/wp\/v2\/comments?post=49419"}],"version-history":[{"count":0,"href":"https:\/\/imagazine.it\/home_desk\/wp-json\/wp\/v2\/posts\/49419\/revisions"}],"wp:featuredmedia":[{"embeddable":true,"href":"https:\/\/imagazine.it\/home_desk\/wp-json\/wp\/v2\/media\/49420"}],"wp:attachment":[{"href":"https:\/\/imagazine.it\/home_desk\/wp-json\/wp\/v2\/media?parent=49419"}],"wp:term":[{"taxonomy":"category","embeddable":true,"href":"https:\/\/imagazine.it\/home_desk\/wp-json\/wp\/v2\/categories?post=49419"},{"taxonomy":"post_tag","embeddable":true,"href":"https:\/\/imagazine.it\/home_desk\/wp-json\/wp\/v2\/tags?post=49419"}],"curies":[{"name":"wp","href":"https:\/\/api.w.org\/{rel}","templated":true}]}}