{"id":49387,"date":"2023-06-13T00:00:00","date_gmt":"2023-06-12T22:00:00","guid":{"rendered":"https:\/\/imagazine.it\/musica-arte-e-attualita-si-incrociano-a-gradisca\/"},"modified":"2023-06-13T00:00:00","modified_gmt":"2023-06-12T22:00:00","slug":"musica-arte-e-attualita-si-incrociano-a-gradisca","status":"publish","type":"post","link":"https:\/\/imagazine.it\/home_desk\/musica-arte-e-attualita-si-incrociano-a-gradisca\/","title":{"rendered":"Musica, arte e attualit\u00e0 si incrociano a Gradisca"},"content":{"rendered":"<p> \tGRADISCA D\u2019ISONZO \u2013 \u00c8 stata presentata stamane, nella sala consiliare di palazzo Torriani di Gradisca d\u2019Isonzo, la <strong>27\u00aa edizione di Onde Mediterranee<\/strong>, quest\u2019anno di scena dal 10 al 30 luglio.<\/p>\n<p> \tAlla conferenza stampa sono intervenuti il sindaco, <strong>Linda Tomasinsig<\/strong>, l\u2019assessore comunale alla Cultura, <strong>Marco Zanolla<\/strong>, il presidente della Fondazione Carigo,<strong> Alberto Bergamin, Paola Deffendi Regeni<\/strong>,<strong> Beppe Giulietti<\/strong> di Articolo 21 e FNSI. Presenti, al tavolo dei relatori, anche i rappresentanti di <em>AESON Arti della Natura<\/em>, <strong>Devid Strussiat<\/strong>, e di Culturaglobale, <strong>Renzo Furlano<\/strong>, che hanno dato il loro contributo nella realizzazione del programma.<\/p>\n<p> \tLa sezione musicale di<strong> Onde Mediterranee<\/strong> si aprir\u00e0 con una data straordinaria in Piazza Grande a Palmanova (20 luglio) che vedr\u00e0 protagonista <u><a href=\"https:\/\/www.imagazine.it\/eventi\/nick-mason-in-concerto-a-palmanova\" target=\"_blank\" rel=\"noopener\"><span style=\"color:#0000cd;\"><strong>Nick Mason<\/strong>, batterista e fondatore dei <strong>Pink Floyd<\/strong><\/span><\/a><\/u>, in un affascinante viaggio alle radici della mitica band.<\/p>\n<p> \tSi proseguir\u00e0 a Gradisca d\u2019Isonzo, nell\u2019Arena del Castello, con <u><a href=\"https:\/\/www.imagazine.it\/eventi\/carmen-consoli-e-marina-rei-in-concerto-a-gradisca\" target=\"_blank\" rel=\"noopener\"><span style=\"color:#0000cd;\"><strong>Carmen Consoli <\/strong>(27 luglio), che per l\u2019occasione si esibir\u00e0 in duo insieme a <strong>Marina Rei<\/strong><\/span><\/a><\/u> alla batteria per un concerto esplosivo; <u><a href=\"https:\/\/www.imagazine.it\/eventi\/daniele-silvestri-in-concerto-a-gradisca\" target=\"_blank\" rel=\"noopener\"><span style=\"color:#0000cd;\"><strong>Daniele Silvestri<\/strong> (28 luglio) con il tour &#8220;Estate X&#8221;<\/span><\/a><\/u>, in cui riabbraccia le sue amate chitarre elettriche, coinvolgendo il pubblico con la sua vena pi\u00f9 rock; <u><a href=\"https:\/\/www.imagazine.it\/eventi\/anche-niccolo-fabi-nell-estate-di-gradisca\" target=\"_blank\" rel=\"noopener\"><span style=\"color:#0000cd;\"><strong>Niccol\u00f2 Fabi<\/strong> (29 luglio) che porter\u00e0 in scena &#8220;SoloTour Estate 2023&#8221;<\/span><\/a><\/u>, mettendo al centro dell&#8217;attenzione il suono acustico e delicato della voce, accompagnata da chitarra e pianoforte.<\/p>\n<p> \tLa sezione di <strong>Lettere Mediterranee<\/strong> \u00e8 stata potenziata quest\u2019anno grazie alla collaborazione con l\u2019<strong>associazione Culturaglobale <\/strong>che organizza il <em>Festival itinerante della Conoscenza \u201cdialoghi\u201d<\/em>; da qui sono nati 5 incontri letterari: con <strong>Ezio Mauro<\/strong> (10 luglio al Nuovo Teatro Comunale), <strong>Marco Pacini<\/strong> (11 luglio in Corte Marco d\u2019Aviano), <strong>Walter Skerk<\/strong>, <strong>Arduino Paniccia\u00a0<\/strong>e <strong>Giuseppe Razza<\/strong>, (21 luglio in Corte Marco d\u2019Aviano), <strong>Leonardo Becchetti <\/strong>(22 luglio in Corte Marco d\u2019Aviano),<strong> \u201cSaggi Scelti sulla Storia, sulla Lingua e sulla Societ\u00e0 Slovena al Confine italo-sloveno<\/strong>&#8221; (26 luglio in Biblioteca Slovena \u201cDamir Feigel\u201d di Gorizia), <strong>Angelo Floramo<\/strong> (27 luglio in Corte Marco d\u2019Aviano).<\/p>\n<p> \tUn appuntamento speciale sar\u00e0 quello con <strong>Onde climatiche sul Mediterraneo<\/strong> (26 luglio al Nuovo Teatro Comunale) che nasce dalla collaborazione con <strong><em>AESON Arti della Natura<\/em><\/strong><em> (associazione EcoPark) e <strong>Hangar Teatri di Trieste<\/strong> \u2013 nel contesto di \u201cNo Time To Waste\u201d progetto di GO!2025<\/em>. Per l\u2019occasione, lo scienziato <strong>Filippo Giorgi<\/strong>, <strong>premio Nobel per la Pace 2007<\/strong>, terr\u00e0 una conferenza sui cambiamenti climatici e le loro conseguenze nei paesi del Mediterraneo.<\/p>\n<p> \tSpazio anche alla danza e al teatro, con lo spettacolo <strong>&#8220;<em>La bellezza della diversit\u00e0. Symp\u00f3sion<\/em>&#8221; <\/strong>(22 luglio in Corte Marco d\u2019Aviano) della<strong> Compagnia Bellanda<\/strong>, che sar\u00e0 preceduto da un <em>workshop di danza per ragazze\/i dai 15 anni<\/em>, e <strong>\u201cL\u2019uomo che piantava gli alberi\u201d <\/strong>(29 luglio ai Giardini dell\u2019Arena Castello), del<strong> Teatro Molino Rosenkranz<\/strong>.<\/p>\n<p> \tDal 2016 il Festival Onde Mediterranee \u00e8 <strong>dedicato a Giulio Regeni<\/strong> e quest\u2019anno, grazie ai volontari dell\u2019<strong>Auser Territoriale Goriziano<\/strong>, la Biblioteca comunale di Gradisca d&#8217;Isonzo si trasformer\u00e0 in &#8220;punto giallo&#8221; per tutta la durata del festival. Domenica 30 luglio, inoltre, la citt\u00e0 si vestir\u00e0 di giallo e ricorder\u00e0 con vari appuntamenti la battaglia per la giustizia della famiglia Regeni.<\/p>\n<p> \tLe attivit\u00e0 prenderanno il via al mattino con <strong>&#8220;Sassolini di Verit\u00e0&#8221;<\/strong>, un laboratorio gratuito e dedicato ai pi\u00f9 piccoli a cura dell\u2019Assessorato all&#8217;Educazione e Istruzione del Comune (ore 10.30-Polo culturale di Casa Maccari).<\/p>\n<p> \tDalle 18 in poi, nei Giardini Arena del Castello verranno presentati i libri: \u201c<strong><em>La vita ti sia lieve<\/em><\/strong>\u201d di <strong>Alessandra Ballerini<\/strong>; \u201c<strong><em>Giulio Fa Cose<\/em><\/strong>\u201d, di <strong>Paola Deffendi <\/strong>e <strong>Claudio Regeni<\/strong> e la collaborazione di <strong>Alessandra Ballerini<\/strong>; \u201c<strong><em>Fifa Nera. Fifa Blu<\/em><\/strong>\u201d, di <strong>Alessandra Ballerini <\/strong>e illustrazioni di<strong> Lorenzo Terranera<\/strong>. A seguire, <strong>Camminata<\/strong> <strong>per la Giustizia<\/strong> e dalle 20.00 l\u2019incontro <strong>\u201cFacciamo Cose per Giulio\u201d, <\/strong>assieme a <strong>Paola Deffendi <\/strong>e <strong>Claudio Regeni<\/strong>, con numerosi personaggi della vita culturale e artistica italiana. A chiudere la giornata e il Festival, il concerto dei <strong>Vallanzaska<\/strong>.<\/p>\n<p> \tNel corso del Festival, nell\u2019area concerti dell\u2019Arena del Castello, sar\u00e0 aperto lo stand con specialit\u00e0 enogastronomiche curato dall\u2019associazione culturale <strong>Arci Skianto<\/strong>.<\/p>\n<p> \t\u00a0<\/p>\n","protected":false},"excerpt":{"rendered":"<p>Non solo grandi concerti: dal Premio Nobel Filippo Giorgi al ricordo di Giulio Regeni, ecco il programma tra spettacoli e impegno sociale<\/p>\n","protected":false},"author":28,"featured_media":49388,"comment_status":"closed","ping_status":"closed","sticky":false,"template":"","format":"standard","meta":{"dwc-title":[],"dwc-content":[],"footnotes":""},"categories":[37],"tags":[],"class_list":["post-49387","post","type-post","status-publish","format-standard","has-post-thumbnail","hentry","category-cultura-e-spettacolo"],"rttpg_featured_image_url":{"full":["https:\/\/imagazine.it\/wp-content\/uploads\/2024\/02\/53428-1.webp",1000,667,false],"landscape":["https:\/\/imagazine.it\/wp-content\/uploads\/2024\/02\/53428-1.webp",1000,667,false],"portraits":["https:\/\/imagazine.it\/wp-content\/uploads\/2024\/02\/53428-1.webp",1000,667,false],"thumbnail":["https:\/\/imagazine.it\/wp-content\/uploads\/2024\/02\/53428-1-150x150.webp",150,150,true],"medium":["https:\/\/imagazine.it\/wp-content\/uploads\/2024\/02\/53428-1-300x200.webp",300,200,true],"large":["https:\/\/imagazine.it\/wp-content\/uploads\/2024\/02\/53428-1.webp",640,427,false],"thumblist":["https:\/\/imagazine.it\/wp-content\/uploads\/2024\/02\/53428-1-300x300.webp",300,300,true],"thumbrelated":["https:\/\/imagazine.it\/wp-content\/uploads\/2024\/02\/53428-1-500x500.webp",500,500,true],"meccarouselthumb":["https:\/\/imagazine.it\/wp-content\/uploads\/2024\/02\/53428-1-474x324.webp",474,324,true],"gridsquare":["https:\/\/imagazine.it\/wp-content\/uploads\/2024\/02\/53428-1-391x260.webp",391,260,true],"tileview":["https:\/\/imagazine.it\/wp-content\/uploads\/2024\/02\/53428-1-300x400.webp",300,400,true],"1536x1536":["https:\/\/imagazine.it\/wp-content\/uploads\/2024\/02\/53428-1.webp",1000,667,false],"2048x2048":["https:\/\/imagazine.it\/wp-content\/uploads\/2024\/02\/53428-1.webp",1000,667,false],"newsup-slider-full":["https:\/\/imagazine.it\/wp-content\/uploads\/2024\/02\/53428-1.webp",1000,667,false],"newsup-featured":["https:\/\/imagazine.it\/wp-content\/uploads\/2024\/02\/53428-1.webp",1000,667,false],"newsup-medium":["https:\/\/imagazine.it\/wp-content\/uploads\/2024\/02\/53428-1-720x380.webp",720,380,true],"tptn_thumbnail":["https:\/\/imagazine.it\/wp-content\/uploads\/2024\/02\/53428-1.webp",250,167,false],"sow-carousel-default":["https:\/\/imagazine.it\/wp-content\/uploads\/2024\/02\/53428-1.webp",272,182,false]},"rttpg_author":{"display_name":"redazione","author_link":"https:\/\/imagazine.it\/home_desk\/author\/redazione\/"},"rttpg_comment":0,"rttpg_category":"<a href=\"https:\/\/imagazine.it\/home_desk\/category\/cultura-e-spettacolo\/\" rel=\"category tag\">CULTURA&amp;SPETTACOLO<\/a>","rttpg_excerpt":"Non solo grandi concerti: dal Premio Nobel Filippo Giorgi al ricordo di Giulio Regeni, ecco il programma tra spettacoli e impegno sociale","_links":{"self":[{"href":"https:\/\/imagazine.it\/home_desk\/wp-json\/wp\/v2\/posts\/49387","targetHints":{"allow":["GET"]}}],"collection":[{"href":"https:\/\/imagazine.it\/home_desk\/wp-json\/wp\/v2\/posts"}],"about":[{"href":"https:\/\/imagazine.it\/home_desk\/wp-json\/wp\/v2\/types\/post"}],"author":[{"embeddable":true,"href":"https:\/\/imagazine.it\/home_desk\/wp-json\/wp\/v2\/users\/28"}],"replies":[{"embeddable":true,"href":"https:\/\/imagazine.it\/home_desk\/wp-json\/wp\/v2\/comments?post=49387"}],"version-history":[{"count":0,"href":"https:\/\/imagazine.it\/home_desk\/wp-json\/wp\/v2\/posts\/49387\/revisions"}],"wp:featuredmedia":[{"embeddable":true,"href":"https:\/\/imagazine.it\/home_desk\/wp-json\/wp\/v2\/media\/49388"}],"wp:attachment":[{"href":"https:\/\/imagazine.it\/home_desk\/wp-json\/wp\/v2\/media?parent=49387"}],"wp:term":[{"taxonomy":"category","embeddable":true,"href":"https:\/\/imagazine.it\/home_desk\/wp-json\/wp\/v2\/categories?post=49387"},{"taxonomy":"post_tag","embeddable":true,"href":"https:\/\/imagazine.it\/home_desk\/wp-json\/wp\/v2\/tags?post=49387"}],"curies":[{"name":"wp","href":"https:\/\/api.w.org\/{rel}","templated":true}]}}