{"id":49371,"date":"2023-06-11T00:00:00","date_gmt":"2023-06-10T22:00:00","guid":{"rendered":"https:\/\/imagazine.it\/muscoli-e-strassoldo-accolgono-don-manuel-millo\/"},"modified":"2023-06-11T00:00:00","modified_gmt":"2023-06-10T22:00:00","slug":"muscoli-e-strassoldo-accolgono-don-manuel-millo","status":"publish","type":"post","link":"https:\/\/imagazine.it\/home_desk\/muscoli-e-strassoldo-accolgono-don-manuel-millo\/","title":{"rendered":"Muscoli e Strassoldo accolgono don Manuel Millo"},"content":{"rendered":"<p> \tCERVIGNANO DEL FRIULI \u2013 Ingresso solenne <u><a href=\"https:\/\/www.imagazine.it\/notizie-trieste-gorizia-udine-friuli\/13609\"><span style=\"color:#0000cd;\">per il neo sacerdote <strong>don Manuel Millo<\/strong><\/span><\/a><\/u> nelle comunit\u00e0 parrocchiali di Muscoli e Strassoldo, con la celebrazione di due diverse liturgie eucaristiche.<\/p>\n<p> \tNella chiesa di Strassoldo dedicata a San Nicol\u00f2, tutta la comunit\u00e0 si \u00e8 stretta in un caloroso abbraccio e una grande preghiera comunitaria per il novello sacerdote, accompagnato dal parroco <strong>don Sinuhe Marotta<\/strong>.<\/p>\n<p> \tLa celebrazione \u00e8 stata ancor pi\u00f9 sentita e toccante perch\u00e9 un bambino della comunit\u00e0 strassoldina, Matteo, \u00e8 stato battezzato proprio da don Manuel.<\/p>\n<p> \tAlla fine della celebrazione \u00e8 seguito un rinfresco con le campane suonate a festa dalle sapienti mani degli scampanotadors del territorio.<\/p>\n<p> \tDon Manuel ha fatto il suo ingresso ufficiale anche a Muscoli dove, oltre al parroco, erano presenti anche <strong>don Pierpaolo Soranzio<\/strong> e <strong>Barbara Nalon<\/strong>, assessore alle frazioni, oltre ai rappresentanti del Consiglio pastorale a nome dei quali <strong>Barbara Tomasin<\/strong> ha dato un caloroso saluto di benvenuto.<\/p>\n<p> \t\u00a0<\/p>\n","protected":false},"excerpt":{"rendered":"<p>Il neo sacerdote ha effettuato l&#8217;ingresso ufficiale nelle due comunit\u00e0, celebrando anche il suo primo battesimo<\/p>\n","protected":false},"author":22,"featured_media":49372,"comment_status":"closed","ping_status":"closed","sticky":false,"template":"","format":"standard","meta":{"dwc-title":[],"dwc-content":[],"footnotes":""},"categories":[5],"tags":[],"class_list":["post-49371","post","type-post","status-publish","format-standard","has-post-thumbnail","hentry","category-attualita"],"rttpg_featured_image_url":{"full":["https:\/\/imagazine.it\/wp-content\/uploads\/2024\/02\/53398-1.webp",1000,737,false],"landscape":["https:\/\/imagazine.it\/wp-content\/uploads\/2024\/02\/53398-1.webp",1000,737,false],"portraits":["https:\/\/imagazine.it\/wp-content\/uploads\/2024\/02\/53398-1.webp",1000,737,false],"thumbnail":["https:\/\/imagazine.it\/wp-content\/uploads\/2024\/02\/53398-1-150x150.webp",150,150,true],"medium":["https:\/\/imagazine.it\/wp-content\/uploads\/2024\/02\/53398-1-300x221.webp",300,221,true],"large":["https:\/\/imagazine.it\/wp-content\/uploads\/2024\/02\/53398-1.webp",640,472,false],"thumblist":["https:\/\/imagazine.it\/wp-content\/uploads\/2024\/02\/53398-1-300x300.webp",300,300,true],"thumbrelated":["https:\/\/imagazine.it\/wp-content\/uploads\/2024\/02\/53398-1-500x500.webp",500,500,true],"meccarouselthumb":["https:\/\/imagazine.it\/wp-content\/uploads\/2024\/02\/53398-1-474x324.webp",474,324,true],"gridsquare":["https:\/\/imagazine.it\/wp-content\/uploads\/2024\/02\/53398-1-391x260.webp",391,260,true],"tileview":["https:\/\/imagazine.it\/wp-content\/uploads\/2024\/02\/53398-1-300x400.webp",300,400,true],"1536x1536":["https:\/\/imagazine.it\/wp-content\/uploads\/2024\/02\/53398-1.webp",1000,737,false],"2048x2048":["https:\/\/imagazine.it\/wp-content\/uploads\/2024\/02\/53398-1.webp",1000,737,false],"newsup-slider-full":["https:\/\/imagazine.it\/wp-content\/uploads\/2024\/02\/53398-1-1000x720.webp",1000,720,true],"newsup-featured":["https:\/\/imagazine.it\/wp-content\/uploads\/2024\/02\/53398-1.webp",1000,737,false],"newsup-medium":["https:\/\/imagazine.it\/wp-content\/uploads\/2024\/02\/53398-1-720x380.webp",720,380,true],"tptn_thumbnail":["https:\/\/imagazine.it\/wp-content\/uploads\/2024\/02\/53398-1.webp",250,184,false],"sow-carousel-default":["https:\/\/imagazine.it\/wp-content\/uploads\/2024\/02\/53398-1.webp",247,182,false]},"rttpg_author":{"display_name":"Livio Nonis","author_link":"https:\/\/imagazine.it\/home_desk\/author\/nonis\/"},"rttpg_comment":0,"rttpg_category":"<a href=\"https:\/\/imagazine.it\/home_desk\/category\/attualita\/\" rel=\"category tag\">ATTUALIT\u00c0<\/a>","rttpg_excerpt":"Il neo sacerdote ha effettuato l'ingresso ufficiale nelle due comunit\u00e0, celebrando anche il suo primo battesimo","_links":{"self":[{"href":"https:\/\/imagazine.it\/home_desk\/wp-json\/wp\/v2\/posts\/49371","targetHints":{"allow":["GET"]}}],"collection":[{"href":"https:\/\/imagazine.it\/home_desk\/wp-json\/wp\/v2\/posts"}],"about":[{"href":"https:\/\/imagazine.it\/home_desk\/wp-json\/wp\/v2\/types\/post"}],"author":[{"embeddable":true,"href":"https:\/\/imagazine.it\/home_desk\/wp-json\/wp\/v2\/users\/22"}],"replies":[{"embeddable":true,"href":"https:\/\/imagazine.it\/home_desk\/wp-json\/wp\/v2\/comments?post=49371"}],"version-history":[{"count":0,"href":"https:\/\/imagazine.it\/home_desk\/wp-json\/wp\/v2\/posts\/49371\/revisions"}],"wp:featuredmedia":[{"embeddable":true,"href":"https:\/\/imagazine.it\/home_desk\/wp-json\/wp\/v2\/media\/49372"}],"wp:attachment":[{"href":"https:\/\/imagazine.it\/home_desk\/wp-json\/wp\/v2\/media?parent=49371"}],"wp:term":[{"taxonomy":"category","embeddable":true,"href":"https:\/\/imagazine.it\/home_desk\/wp-json\/wp\/v2\/categories?post=49371"},{"taxonomy":"post_tag","embeddable":true,"href":"https:\/\/imagazine.it\/home_desk\/wp-json\/wp\/v2\/tags?post=49371"}],"curies":[{"name":"wp","href":"https:\/\/api.w.org\/{rel}","templated":true}]}}