{"id":49365,"date":"2023-06-12T00:00:00","date_gmt":"2023-06-11T22:00:00","guid":{"rendered":"https:\/\/imagazine.it\/il-mondo-del-giornalismo-in-arrivo-a-ronchi-2\/"},"modified":"2023-06-12T00:00:00","modified_gmt":"2023-06-11T22:00:00","slug":"il-mondo-del-giornalismo-in-arrivo-a-ronchi-2","status":"publish","type":"post","link":"https:\/\/imagazine.it\/home_desk\/il-mondo-del-giornalismo-in-arrivo-a-ronchi-2\/","title":{"rendered":"Il mondo del giornalismo in arrivo a Ronchi"},"content":{"rendered":"<p> \tRONCHI DEI LEGIONARI \u2013 Si inaugura domani la IX edizione del <strong>Festival del Giornalismo a Ronchi dei Legionari<\/strong>, la kermesse che dal 2015 viene organizzata dall\u2019associazione culturale<strong> Leali delle Notizie. <\/strong><\/p>\n<p> \tAnche quest\u2019anno, nel giorno dell\u2019inaugurazione, si svolger\u00e0 la cerimonia di consegna del <strong>Premio Leali Young<\/strong> in memoria di <strong>Cristina Visintini<\/strong>: un progetto nato per incentivare e promuovere l\u2019inserimento dei giovani nella professione giornalistica e nel mondo dell\u2019informazione.<\/p>\n<p> \tOgni angolo di Ronchi dei Legionari diventer\u00e0 parte integrante del Festival del Giornalismo grazie ai numerosi commercianti, esercenti e artigiani che hanno aderito al <strong>concorso vetrine<\/strong>. Ognuno di loro dedicher\u00e0<strong> al Festival fino al 18 giugno l\u2019allestimento di una vetrina<\/strong> <strong>o di una parte di essa<\/strong> o di <strong>un\u2019area interna del locale <\/strong>e durante la manifestazione <strong>pubblico<\/strong> e <strong>ospiti<\/strong> saranno invitati a passeggiare per le vie cittadine e a <strong>votare la vetrina pi\u00f9 bella<\/strong>.<\/p>\n<p> \tIl programma di domani prevede <strong>sette appuntamenti<\/strong> incentrati sul <strong>genere<\/strong> <strong>giallo<\/strong> e il <strong>giornalismo di inchiesta<\/strong>, sugli <strong>Stati Uniti d\u2019America<\/strong>, sulla <strong>condizione delle donne in Afghanistan e in Iran<\/strong>, sulle <strong>morti nelle carceri<\/strong>, su <strong>come si racconta una guerra<\/strong> e sui <strong>45 anni dall\u2019approvazione della legge 194 che ha sancito per le donne il diritto all\u2019aborto<\/strong>.<\/p>\n<p> \tIl riscatto di <strong>Monsignor Oscar Arnulfo Romero e della popolazione di El Salvador<\/strong>, la <strong>ricostruzione di un incidente marittimo a Venezia <\/strong>a ridosso della <strong>Prima Guerra Mondiale<\/strong>, <strong>educazione finanziaria<\/strong>, <strong>satira<\/strong>, la <strong>potenza delle immagini nel giornalismo grazie alla fotografia e al graphic novel <\/strong>e il <strong>rispetto dei diritti della comunit\u00e0 LGBTQIA+<\/strong> i temi centrali di <strong>mercoled\u00ec 14 giugno<\/strong>, <strong>seconda giornata<\/strong> del <strong>Festival del Giornalismo<\/strong>.<\/p>\n<p> \t<strong>Mercoled\u00ec<\/strong>, oltre alla messa in onda del <strong>Live @Festival<\/strong> su <strong>Radio Bullets <\/strong>da parte della reporter di guerra nonch\u00e9 direttrice del canale radiofonico <strong>Barbara Schiavulli<\/strong>, verr\u00e0 inaugurata anche <strong>Radio Festival<\/strong>. Il podcast di <strong>Leali delle Notizie <\/strong>sugli sviluppi della <strong>IX edizione del Festival del Giornalismo<\/strong> che uscir\u00e0 quotidianamente sul canale Spotify dell\u2019associazione e che verr\u00e0 realizzato da<strong> Elvis Zoppolato<\/strong>, uno dei vincitori del Premio Leali Young.<\/p>\n<p> \t<strong>Mercoled\u00ec 14 giugno<\/strong>,\u00a0<strong>secondo giorno del\u00a0Festival,<\/strong>\u00a0si aprir\u00e0 <strong>alle 17<\/strong> all\u2019<strong>Auditorium Comunale \u201cCasa della Cultura&#8221;<\/strong> in Piazzetta dell\u2019Emigrante con la proiezione di <strong><em>Il Risarcimento \u2013 Oscar Romero<\/em><\/strong> di <strong>Patrick Soergel<\/strong> e <strong>Gianni Beretta<\/strong>, collaboratore de Il Manifesto e della Radiotelevisione Svizzera Italiana, esperto in questioni latinoamericane. Un <strong>documentario<\/strong> che ripercorre, grazie alla testimonianza dei suoi pi\u00f9 stretti collaboratori, la <strong>vita di Monsignor Oscar Arnulfo Romero, arcivescovo di San Salvador<\/strong>, assassinato nel 1980 per mano degli squadroni della morte mentre celebrava messa. L\u2019uomo diede voce a chi di solito non ce l\u2019aveva, <strong>accompagnando<\/strong> il suo <strong>popolo povero e oppresso di El Salvador nel suo sforzo di liberazione<\/strong>. \u00c8 stato <strong>proclamato santo il 14 ottobre 2018<\/strong>. Una santificazione che costituisce una sorta di <strong>\u201crisarcimento\u201d<\/strong> di papa Francesco <strong>verso monsignor Romero e il suo popolo<\/strong>.<\/p>\n<p> \tSi proseguir\u00e0 alle <strong>17.30 <\/strong>nel <strong>Giardino di Piazzetta dell\u2019Emigrante <\/strong>con la presentazione del libro <strong><em>L\u2019appuntamento<\/em><\/strong> (Linea Edizioni, 2022) della giornalista e scrittrice <strong>Anna Sandri <\/strong>e della giornalista ed editrice <strong>Silvia Zanardi<\/strong>. Una ricostruzione, attraverso le cronache dell\u2019epoca e ricordi di famiglia, di un vaporetto delle linee di navigazione comunali di Venezia che, il 19 marzo 1914, diretto dal Lido verso la citt\u00e0 storica, entr\u00f2 in collisione con una torpediniera e affond\u00f2, provocando 16 morti e 34 feriti. Le due autrici dialogheranno con il giornalista <strong>Alex Pessotto<\/strong>. La presentazione del libro \u00e8 stata organizzata in collaborazione con il <strong>Festival Treviso Giallo<\/strong>.<\/p>\n<p> \tAlle <strong>18 <\/strong>in <strong>Piazzetta Francesco Giuseppe I <\/strong>si terr\u00e0 l\u2019incontro \u201c<strong>Borsa e finanza<\/strong>\u201d, partendo dal libro<strong> <em>Io speriamo che la borsa sale<\/em><\/strong> (Ugo Mursia Editore, 2022). Un agile prontuario di educazione finanziaria sulla Borsa, scritto dalla giornalista di economia <strong>Manuela Donghi <\/strong>e dal trader e formatore <strong>Enrico Gei<\/strong>. Dialogher\u00e0 con gli autori <strong>Emanuela Bonchino<\/strong>, inviata di Rai News 24.<br \/> \tQuarto appuntamento della giornata alle <strong>18.15 <\/strong>nel <strong>Giardino di Piazzetta dell\u2019Emigrante<\/strong> con l\u2019incontro \u201c<strong>La potenza dell\u2019immagine nel giornalismo: dalle foto alla graphic novel<\/strong>\u201d. Interverranno il critico e storico dell\u2019arte <strong>Angelo Bertani<\/strong>, il disegnatore satirico <strong>Mauro Biani<\/strong>, la fotografa indipendente <strong>Mara Fella<\/strong> e <strong>Gattaldo<\/strong>, Art Director, illustratore e autore per ragazzi. Introdurr\u00e0 e moderer\u00e0 l\u2019incontro <strong>Claudio Cattaruzza<\/strong>, curatore di Dedicafestival di Pordenone, manifestazione culturale organizzata dall\u2019associazione Thesis con cui Leali delle Notizie ha collaborato per la realizzazione di questo appuntamento. L\u2019incontro rientra tra i <strong>corsi formativi<\/strong> riconosciuti dall\u2019<strong>Ordine dei Giornalisti del Friuli Venezia Giulia<\/strong> con iscrizione su <a href=\"https:\/\/www.formazionegiornalisti.it\/login?redirect=%2Fdashboard\" target=\"_blank\" rel=\"noopener\">formazionegiornalisti.it<\/a> o in loco. Si ricorda inoltre che la mostra di <strong>Mara Fella,<\/strong> <strong><em>Amuri di Petra. Lampedusa, l\u2019isola che c\u2019\u00e8<\/em><\/strong> curata da <strong>Angelo Bertani<\/strong> e in collaborazione con l\u2019<strong>Associazione Culturale Thesis\/Dedica Festival di Pordenone, <\/strong>\u00e8 visibile nella <strong>sede del CCM<\/strong> (Consorzio Culturale del Monfalconese \u2013 Villa Vicentini Miniussi) <strong>fino al 30 giugno<\/strong>; quella di <strong>Gattaldo<\/strong> dal titolo <strong><em>Daphne Caruana Galizia: la storia di una giornalista coraggiosa<\/em><\/strong> \u00e8 visitabile invece nell\u2019<strong>Auditorium comunale<\/strong> in Piazzetta dell\u2019Emigrante<strong> fino al 30 giugno<\/strong>, mentre la selezione di vignette di <strong>Mauro Biani<\/strong> dal titolo <strong><em>I nostri diritti, i diritti di tutti<\/em><\/strong>, sar\u00e0 visibile lungo il <strong>centro cittadino di Ronchi dei Legionari <\/strong><strong>fino al 30 agosto<\/strong>.<\/p>\n<p> \t<strong>Alle 20<\/strong>, in <strong>Palatenda<\/strong> in Piazzale Martiri delle Foibe, sar\u00e0 invece la volta del panel \u201c<strong>Quando la satira fa piangere i politici<\/strong>\u201d. Protagonista dell\u2019incontro sar\u00e0 nuovamente <strong>Mauro Biani<\/strong> assieme a <strong>Luca Bottura<\/strong>, giornalista, autore satirico e televisivo e conduttore radiofonico, e <strong>Federico Palmaroli<\/strong>, umorista e autore satirico, conosciuto anche come l\u2019ideatore di &#8220;<strong><em>Le pi\u00f9 belle frasi di Osho<\/em><\/strong>&#8220;. Introdurr\u00e0 e moderer\u00e0 l\u2019appuntamento <strong>Omar Costantini<\/strong>, coordinatore editoriale e direttore di FriuliTv.<\/p>\n<p> \tSi rimarr\u00e0 in <strong>Palatenda<\/strong> per assistere all\u2019ultimo incontro della giornata alle <strong>21.30 <\/strong>sul <strong>rispetto dei diritti della comunit\u00e0 LGBTQIA+<\/strong>. \u00a0Interverranno <strong>Ervin Bajrami<\/strong>, responsabile Advocacy movimento Khetane per rom e sinti Italia, <strong>Daniela Lourdes Falanga <\/strong>della Segreteria Nazionale Arcigay con delega alla legalit\u00e0, al contrasto alle mafie e alle carceri, e <strong>Paolo Rondelli<\/strong>, manager culturale, parlamentare e attivista per i diritti civili. Introdurr\u00e0 e moderer\u00e0 l\u2019incontro <strong>Emanuela Bonchino<\/strong>, giornalista.<\/p>\n<p> \t<strong>LE MOSTRE DEL FESTIVAL<\/strong><\/p>\n<p> \tOltre alle <strong>mostre di Mauro Biani<\/strong>,<strong> Mara Fella <\/strong>e<strong> Gattaldo<\/strong>, \u00e8 stata inaugurata un\u2019altra importante e interessante mostra durante gli appuntamenti di \u201cAspettando il Festival\u2026\u201d: <strong><em>La libert\u00e0 ha stelle &#038; strisce <\/em><\/strong>del fumettista <strong>Fabrizio Gargano<\/strong> nella <strong>Sala espositiva dell\u2019Associazione Leali delle Notizie<\/strong> in Piazzetta Francesco Giuseppe I, curata da <strong>Fabio d\u2019Achille <\/strong>e in collaborazione con <strong>MAD Museo d\u2019Arte Diffusa di Latina. <\/strong>Questa mostra \u00e8 <strong>visibile anch\u2019essa durante le giornate del Festival<\/strong> e fino al<strong> 30 giugno.<\/strong><\/p>\n<p> \t<strong>L\u2019ORGANIZZAZIONE DEL FESTIVAL E LE SCUOLE <\/strong><\/p>\n<p> \tL\u2019intera manifestazione del <strong>Festival del Giornalismo<\/strong> sar\u00e0 gestita dal <strong>direttivo<\/strong>, dai <strong>collaboratori<\/strong> di <strong>Leali delle Notizie<\/strong> e dai<strong> volontari<\/strong>. Tra questi ci saranno alcuni studenti dell\u2019Isiss <strong>D\u2019Annunzio-Fabiani di Gorizia<\/strong> che, durante l\u2019anno scolastico 2022\/2023, hanno preso parte a <strong><em>Linguaggi Leali: esercizi di legalit\u00e0 inclusiva,<\/em><\/strong> un progetto organizzato da Leali delle Notizie per far conoscere il significato di concetti come <strong>legalit\u00e0<\/strong> e <strong>libert\u00e0 di stampa e di espressione, <\/strong>che sono stati approfonditi attraverso tre laboratori sul<strong> linguaggio audiovisivo<\/strong>, sul <strong>fumetto<\/strong> e sulla <strong>Passeggiata della Libert\u00e0 di Stampa e di Espressione di Ronchi dei Legionari<\/strong>.<\/p>\n<p> \tAnche quest\u2019anno le <strong>scuole dell\u2019infanzia di via Fratelli Cervi<\/strong>, di <strong>via dei Campi,<\/strong> la <strong>sezione italiana della scuola di via Capitello di Ronchi dei Legionari<\/strong> e <strong>la classi terze, quarte e quinte della scuola primaria Giovanni Ferretti di Gorizia<\/strong> hanno aderito con entusiasmo all\u2019iniziativa, decorando<strong> le borse di carta<\/strong> che conterranno gli <strong>omaggi per gli ospiti del Festival<\/strong>. I bambini si sono ispirati alle opere di Kandinskij, a quadri a tema floreale e alla tutela e al rispetto del nostro pianeta. All\u2019interno delle borsette ci saranno i \u201c<strong>Biscottini Leali<\/strong>\u201d, cuoricini sfornati dalla panetteria pasticceria Battistuta di Romans d\u2019Isonzo, e un <strong>astuccio sostenibile<\/strong> realizzato grazie alla collaborazione con la <strong>Sartoria Sociale di Gorizia<\/strong> che ha <strong>riciclato gli striscioni degli anni passati del Festival del Giornalismo<\/strong>.\u00a0 Il gadget \u00e8 stato creato grazie a una squadra di artisti, designer, artigiani, educatori, comunit\u00e0 e rete di prossimit\u00e0 dell\u2019hub di autoproduzione <strong>*Strambo*<\/strong> della Cooperativa sociale <strong>La Collina<\/strong> di Trieste, una realt\u00e0 che sperimenta nuovi modelli di innovazione e inclusione sociale. La Sartoria Sociale \u00e8 una start-up presente sul territorio goriziano da due anni nell&#8217;ambito del progetto Salute-Zdravstvo attuato da GECT GO e poi proseguito grazie a La Collina.<\/p>\n<p> \t<strong><u><a href=\"https:\/\/lealidellenotizie.it\/\" target=\"_blank\" rel=\"noopener\"><span style=\"color:#0000cd;\">Clicca qui per il programma completo <\/span><\/a><\/u><\/strong><\/p>\n<p> \t\u00a0<\/p>\n","protected":false},"excerpt":{"rendered":"<p>Da marted\u00ec a domenica incontri a tema, presentazioni di libri, mostre e concorso per la vetrina a tema pi\u00f9 bella<\/p>\n","protected":false},"author":28,"featured_media":49366,"comment_status":"closed","ping_status":"closed","sticky":false,"template":"","format":"standard","meta":{"dwc-title":[],"dwc-content":[],"footnotes":""},"categories":[37],"tags":[],"class_list":["post-49365","post","type-post","status-publish","format-standard","has-post-thumbnail","hentry","category-cultura-e-spettacolo"],"rttpg_featured_image_url":{"full":["https:\/\/imagazine.it\/wp-content\/uploads\/2024\/02\/53390-1.webp",1200,798,false],"landscape":["https:\/\/imagazine.it\/wp-content\/uploads\/2024\/02\/53390-1.webp",1200,798,false],"portraits":["https:\/\/imagazine.it\/wp-content\/uploads\/2024\/02\/53390-1.webp",1200,798,false],"thumbnail":["https:\/\/imagazine.it\/wp-content\/uploads\/2024\/02\/53390-1-150x150.webp",150,150,true],"medium":["https:\/\/imagazine.it\/wp-content\/uploads\/2024\/02\/53390-1-300x200.webp",300,200,true],"large":["https:\/\/imagazine.it\/wp-content\/uploads\/2024\/02\/53390-1-1024x681.webp",640,426,true],"thumblist":["https:\/\/imagazine.it\/wp-content\/uploads\/2024\/02\/53390-1-300x300.webp",300,300,true],"thumbrelated":["https:\/\/imagazine.it\/wp-content\/uploads\/2024\/02\/53390-1-500x500.webp",500,500,true],"meccarouselthumb":["https:\/\/imagazine.it\/wp-content\/uploads\/2024\/02\/53390-1-474x324.webp",474,324,true],"gridsquare":["https:\/\/imagazine.it\/wp-content\/uploads\/2024\/02\/53390-1-391x260.webp",391,260,true],"tileview":["https:\/\/imagazine.it\/wp-content\/uploads\/2024\/02\/53390-1-300x400.webp",300,400,true],"1536x1536":["https:\/\/imagazine.it\/wp-content\/uploads\/2024\/02\/53390-1.webp",1200,798,false],"2048x2048":["https:\/\/imagazine.it\/wp-content\/uploads\/2024\/02\/53390-1.webp",1200,798,false],"newsup-slider-full":["https:\/\/imagazine.it\/wp-content\/uploads\/2024\/02\/53390-1-1200x720.webp",1200,720,true],"newsup-featured":["https:\/\/imagazine.it\/wp-content\/uploads\/2024\/02\/53390-1-1024x681.webp",1024,681,true],"newsup-medium":["https:\/\/imagazine.it\/wp-content\/uploads\/2024\/02\/53390-1-720x380.webp",720,380,true],"tptn_thumbnail":["https:\/\/imagazine.it\/wp-content\/uploads\/2024\/02\/53390-1.webp",250,166,false],"sow-carousel-default":["https:\/\/imagazine.it\/wp-content\/uploads\/2024\/02\/53390-1.webp",272,182,false]},"rttpg_author":{"display_name":"redazione","author_link":"https:\/\/imagazine.it\/home_desk\/author\/redazione\/"},"rttpg_comment":0,"rttpg_category":"<a href=\"https:\/\/imagazine.it\/home_desk\/category\/cultura-e-spettacolo\/\" rel=\"category tag\">CULTURA&amp;SPETTACOLO<\/a>","rttpg_excerpt":"Da marted\u00ec a domenica incontri a tema, presentazioni di libri, mostre e concorso per la vetrina a tema pi\u00f9 bella","_links":{"self":[{"href":"https:\/\/imagazine.it\/home_desk\/wp-json\/wp\/v2\/posts\/49365","targetHints":{"allow":["GET"]}}],"collection":[{"href":"https:\/\/imagazine.it\/home_desk\/wp-json\/wp\/v2\/posts"}],"about":[{"href":"https:\/\/imagazine.it\/home_desk\/wp-json\/wp\/v2\/types\/post"}],"author":[{"embeddable":true,"href":"https:\/\/imagazine.it\/home_desk\/wp-json\/wp\/v2\/users\/28"}],"replies":[{"embeddable":true,"href":"https:\/\/imagazine.it\/home_desk\/wp-json\/wp\/v2\/comments?post=49365"}],"version-history":[{"count":0,"href":"https:\/\/imagazine.it\/home_desk\/wp-json\/wp\/v2\/posts\/49365\/revisions"}],"wp:featuredmedia":[{"embeddable":true,"href":"https:\/\/imagazine.it\/home_desk\/wp-json\/wp\/v2\/media\/49366"}],"wp:attachment":[{"href":"https:\/\/imagazine.it\/home_desk\/wp-json\/wp\/v2\/media?parent=49365"}],"wp:term":[{"taxonomy":"category","embeddable":true,"href":"https:\/\/imagazine.it\/home_desk\/wp-json\/wp\/v2\/categories?post=49365"},{"taxonomy":"post_tag","embeddable":true,"href":"https:\/\/imagazine.it\/home_desk\/wp-json\/wp\/v2\/tags?post=49365"}],"curies":[{"name":"wp","href":"https:\/\/api.w.org\/{rel}","templated":true}]}}