{"id":49357,"date":"2023-06-09T00:00:00","date_gmt":"2023-06-08T22:00:00","guid":{"rendered":"https:\/\/imagazine.it\/san-canzian-lasap-per-superare-la-carenza-di-medici-di-base\/"},"modified":"2023-06-09T00:00:00","modified_gmt":"2023-06-08T22:00:00","slug":"san-canzian-lasap-per-superare-la-carenza-di-medici-di-base","status":"publish","type":"post","link":"https:\/\/imagazine.it\/home_desk\/san-canzian-lasap-per-superare-la-carenza-di-medici-di-base\/","title":{"rendered":"San Canzian, l&#8217;Asap per superare la carenza di medici di base"},"content":{"rendered":"<p> \tSAN CANZIAN D&#8217;ISONZO \u2013 Inaugurato l\u2019<strong>Ambulatorio<\/strong> <strong>sperimentale di assistenza primaria<\/strong> (Asap) di San Canzian d\u2019Isonzo, cui potranno rivolgersi gli utenti gi\u00e0 iscritti con medici di famiglia cessati dall&#8217;attivit\u00e0 e che non siano riusciti a ottenere l&#8217;iscrizione con altri professionisti convenzionati tramite il portale Sesamo oppure al distretto di riferimento.<\/p>\n<p> \tAl taglio del nastro dell&#8217;Asap, che \u00e8 attivo dal primo giugno, al civico 12 di via Trieste, sono intervenuti l&#8217;assessore regionale alla Salute e politiche sociali del Friuli Venezia Giulia, <strong>Riccardo Riccardi<\/strong>, il direttore dell&#8217;Azienda sanitaria universitaria Giuliano Isontina, <strong>Antonio Poggiana<\/strong>, e il sindaco <strong>Claudio Fratta<\/strong>.<\/p>\n<p> \tL&#8217;Asap \u00e8 <strong>attivo nel centro civico<\/strong> di San Canzian d&#8217;Isonzo, che ospita anche la biblioteca, sedi e sale di associazioni e dove era gi\u00e0 attivo il medico di base.<\/p>\n<p> \tL\u2019ambulatorio sar\u00e0 aperto nei seguenti orari: luned\u00ec dalle ore 8 alle 10 e dalle 15 alle 17, marted\u00ec dalle 8 alle 10 e dalle 12 alle 14, mercoled\u00ec dalle 8 alle 10 e dalle 15 alle 17, gioved\u00ec dalle 8 alle 10 e dalle 12 alle 14, venerd\u00ec dalle 8 alle 10 e dalle 12 alle 14.<\/p>\n<p> \tNella giornata di sabato la reperibilit\u00e0 \u00e8 garantita dalle ore 8 alle ore 10.<\/p>\n<p> \t\u00a0<\/p>\n","protected":false},"excerpt":{"rendered":"<p>Attivo gi\u00e0 dal primo giugno, l&#8217;Ambulatorio sperimentale di assistenza primaria sar\u00e0 operativo dal luned\u00ec al venerd\u00ec, con reperibilit\u00e0 nella giornata di sabato<\/p>\n","protected":false},"author":28,"featured_media":49358,"comment_status":"closed","ping_status":"closed","sticky":false,"template":"","format":"standard","meta":{"dwc-title":[],"dwc-content":[],"footnotes":""},"categories":[5],"tags":[],"class_list":["post-49357","post","type-post","status-publish","format-standard","has-post-thumbnail","hentry","category-attualita"],"rttpg_featured_image_url":{"full":["https:\/\/imagazine.it\/wp-content\/uploads\/2024\/02\/53381-1.webp",750,509,false],"landscape":["https:\/\/imagazine.it\/wp-content\/uploads\/2024\/02\/53381-1.webp",750,509,false],"portraits":["https:\/\/imagazine.it\/wp-content\/uploads\/2024\/02\/53381-1.webp",750,509,false],"thumbnail":["https:\/\/imagazine.it\/wp-content\/uploads\/2024\/02\/53381-1-150x150.webp",150,150,true],"medium":["https:\/\/imagazine.it\/wp-content\/uploads\/2024\/02\/53381-1-300x204.webp",300,204,true],"large":["https:\/\/imagazine.it\/wp-content\/uploads\/2024\/02\/53381-1.webp",640,434,false],"thumblist":["https:\/\/imagazine.it\/wp-content\/uploads\/2024\/02\/53381-1-300x300.webp",300,300,true],"thumbrelated":["https:\/\/imagazine.it\/wp-content\/uploads\/2024\/02\/53381-1-500x500.webp",500,500,true],"meccarouselthumb":["https:\/\/imagazine.it\/wp-content\/uploads\/2024\/02\/53381-1-474x324.webp",474,324,true],"gridsquare":["https:\/\/imagazine.it\/wp-content\/uploads\/2024\/02\/53381-1-391x260.webp",391,260,true],"tileview":["https:\/\/imagazine.it\/wp-content\/uploads\/2024\/02\/53381-1-300x400.webp",300,400,true],"1536x1536":["https:\/\/imagazine.it\/wp-content\/uploads\/2024\/02\/53381-1.webp",750,509,false],"2048x2048":["https:\/\/imagazine.it\/wp-content\/uploads\/2024\/02\/53381-1.webp",750,509,false],"newsup-slider-full":["https:\/\/imagazine.it\/wp-content\/uploads\/2024\/02\/53381-1.webp",750,509,false],"newsup-featured":["https:\/\/imagazine.it\/wp-content\/uploads\/2024\/02\/53381-1.webp",750,509,false],"newsup-medium":["https:\/\/imagazine.it\/wp-content\/uploads\/2024\/02\/53381-1-720x380.webp",720,380,true],"tptn_thumbnail":["https:\/\/imagazine.it\/wp-content\/uploads\/2024\/02\/53381-1.webp",250,170,false],"sow-carousel-default":["https:\/\/imagazine.it\/wp-content\/uploads\/2024\/02\/53381-1.webp",268,182,false]},"rttpg_author":{"display_name":"redazione","author_link":"https:\/\/imagazine.it\/home_desk\/author\/redazione\/"},"rttpg_comment":0,"rttpg_category":"<a href=\"https:\/\/imagazine.it\/home_desk\/category\/attualita\/\" rel=\"category tag\">ATTUALIT\u00c0<\/a>","rttpg_excerpt":"Attivo gi\u00e0 dal primo giugno, l'Ambulatorio sperimentale di assistenza primaria sar\u00e0 operativo dal luned\u00ec al venerd\u00ec, con reperibilit\u00e0 nella giornata di sabato","_links":{"self":[{"href":"https:\/\/imagazine.it\/home_desk\/wp-json\/wp\/v2\/posts\/49357","targetHints":{"allow":["GET"]}}],"collection":[{"href":"https:\/\/imagazine.it\/home_desk\/wp-json\/wp\/v2\/posts"}],"about":[{"href":"https:\/\/imagazine.it\/home_desk\/wp-json\/wp\/v2\/types\/post"}],"author":[{"embeddable":true,"href":"https:\/\/imagazine.it\/home_desk\/wp-json\/wp\/v2\/users\/28"}],"replies":[{"embeddable":true,"href":"https:\/\/imagazine.it\/home_desk\/wp-json\/wp\/v2\/comments?post=49357"}],"version-history":[{"count":0,"href":"https:\/\/imagazine.it\/home_desk\/wp-json\/wp\/v2\/posts\/49357\/revisions"}],"wp:featuredmedia":[{"embeddable":true,"href":"https:\/\/imagazine.it\/home_desk\/wp-json\/wp\/v2\/media\/49358"}],"wp:attachment":[{"href":"https:\/\/imagazine.it\/home_desk\/wp-json\/wp\/v2\/media?parent=49357"}],"wp:term":[{"taxonomy":"category","embeddable":true,"href":"https:\/\/imagazine.it\/home_desk\/wp-json\/wp\/v2\/categories?post=49357"},{"taxonomy":"post_tag","embeddable":true,"href":"https:\/\/imagazine.it\/home_desk\/wp-json\/wp\/v2\/tags?post=49357"}],"curies":[{"name":"wp","href":"https:\/\/api.w.org\/{rel}","templated":true}]}}