{"id":49351,"date":"2023-06-09T00:00:00","date_gmt":"2023-06-08T22:00:00","guid":{"rendered":"https:\/\/imagazine.it\/aiello-ultima-campanella-per-la-maestra-betty\/"},"modified":"2023-06-09T00:00:00","modified_gmt":"2023-06-08T22:00:00","slug":"aiello-ultima-campanella-per-la-maestra-betty","status":"publish","type":"post","link":"https:\/\/imagazine.it\/home_desk\/aiello-ultima-campanella-per-la-maestra-betty\/","title":{"rendered":"Aiello, ultima campanella per la maestra Betty"},"content":{"rendered":"<p> \tAIELLO DEL FRIULI &#8211; L\u2019ultimo giorno di scuola \u00e8 una giornata particolare per alcuni alunni, quelli delle ultime classi.<\/p>\n<p> \tNella scuola primaria San Giovanni Bosco di Aiello del Friuli i ragazzi e le ragazze di quinta hanno salutato le maestre che non rivedranno il prossimo anno perch\u00e9 saranno impegnati nella scuola secondaria di primo grado. E per la maestra <strong>Elisabetta Bordignon<\/strong> (famigliarmente maestra Betty) lo squillo della campanella \u00e8 stato in assoluto l\u2019ultimo, in quanto dopo 40 anni di onorato servizio alle dipendenze del Ministero della pubblica istruzione \u00e8 andata in quiescenza.<\/p>\n<p> \tA salutarla nell\u2019ultimo momento da \u201cmaestra\u201d c\u2019erano molte colleghe tra le quali <strong>Rita Li Vigni, Laura Fasulo, Rita Del Bianco, Lucia De Giorgio, Federica Tognon<\/strong>, <strong>Eva Visintin<\/strong>, la dirigente scolastica <strong>Oriana Gilotti<\/strong>, il sindaco <strong>Roberto Festa<\/strong>, la vicesindaco <strong>Lucia Giaiot<\/strong>, la consigliera <strong>Valeria Sampietro<\/strong> e alcuni vecchi alunni che hanno preparato un tabellone scherzoso, con tanti errori \u201cortografici\u201d, un modo goliardico per salutare una persona che ha speso la sua vita per insegnare ai piccoli del paese le prime nozioni dello \u201cscrivere\u201d e del \u201cfare di conto\u201d.<\/p>\n<p> \tLa maestra Betty ha conseguito il diploma di scuola magistrale nel 1981 a Gorizia, e quindi ha frequentato il corso biennale per la specializzazione per insegnare a bambini con difficolt\u00e0 di varia natura. Dal 1983 al 1990 ha fatto l&#8217;insegnante di sostegno in varie scuole della regione, a Folgaria, Muzzana, Trivignano Udinese e Palazzolo alla Stella.<\/p>\n<p> \tNel 1990 ha ottenuto il trasferimento ad Aiello e qui \u00e8 iniziata la sua avventura come insegnante di classe, sono stati anni intensi, ha insegnato materie veramente importanti: storia, geografia e soprattutto italiano. Ha ricoperto altri incarichi, dall\u2019insegnamento di strumenti, all\u2019organizzazione di viaggi d\u2019istruzione, a collaboratrice del preside, a membro delle varie commissioni di studio e Consiglio d&#8217;Istituto e per molti anni ha fatto parte della R.S.I. (Rappresentanze Sindacali Interne) per rappresentare i suoi colleghi nelle varie contrattazioni.<\/p>\n<p> \t\u201cHo trascorso assieme ai bambini e ai colleghi anni indimenticabili \u2013 ha confidato commossa la maestra \u2013 che non dimenticher\u00f2 mai, sono stati la mia seconda casa e la mia seconda famiglia, in cui ho trascorso tante ore della mia vita ma sempre con entusiasmo, puntualit\u00e0 e collaborazione. Ora dopo 40 anni lascio il lavoro ma penso che per molti sono e rimarr\u00f2 la maestra Betty, grazie a tutti coloro che hanno condiviso con me questo bellissimo percorso di vita e in particolare a chi non c&#8217;\u00e8 pi\u00f9 ma che sar\u00e0 sempre nel mio cuore\u201d.<\/p>\n<p> \t\u00a0<\/p>\n","protected":false},"excerpt":{"rendered":"<p>L&#8217;insegnante della primaria Elisabetta Bordignon andr\u00e0 in pensione. &#8220;Bambini e colleghi sono stati la mia seconda casa&#8221;<\/p>\n","protected":false},"author":22,"featured_media":49352,"comment_status":"closed","ping_status":"closed","sticky":false,"template":"","format":"standard","meta":{"dwc-title":[],"dwc-content":[],"footnotes":""},"categories":[5],"tags":[],"class_list":["post-49351","post","type-post","status-publish","format-standard","has-post-thumbnail","hentry","category-attualita"],"rttpg_featured_image_url":{"full":["https:\/\/imagazine.it\/wp-content\/uploads\/2024\/02\/53374-1.webp",1000,750,false],"landscape":["https:\/\/imagazine.it\/wp-content\/uploads\/2024\/02\/53374-1.webp",1000,750,false],"portraits":["https:\/\/imagazine.it\/wp-content\/uploads\/2024\/02\/53374-1.webp",1000,750,false],"thumbnail":["https:\/\/imagazine.it\/wp-content\/uploads\/2024\/02\/53374-1-150x150.webp",150,150,true],"medium":["https:\/\/imagazine.it\/wp-content\/uploads\/2024\/02\/53374-1-300x225.webp",300,225,true],"large":["https:\/\/imagazine.it\/wp-content\/uploads\/2024\/02\/53374-1.webp",640,480,false],"thumblist":["https:\/\/imagazine.it\/wp-content\/uploads\/2024\/02\/53374-1-300x300.webp",300,300,true],"thumbrelated":["https:\/\/imagazine.it\/wp-content\/uploads\/2024\/02\/53374-1-500x500.webp",500,500,true],"meccarouselthumb":["https:\/\/imagazine.it\/wp-content\/uploads\/2024\/02\/53374-1-474x324.webp",474,324,true],"gridsquare":["https:\/\/imagazine.it\/wp-content\/uploads\/2024\/02\/53374-1-391x260.webp",391,260,true],"tileview":["https:\/\/imagazine.it\/wp-content\/uploads\/2024\/02\/53374-1-300x400.webp",300,400,true],"1536x1536":["https:\/\/imagazine.it\/wp-content\/uploads\/2024\/02\/53374-1.webp",1000,750,false],"2048x2048":["https:\/\/imagazine.it\/wp-content\/uploads\/2024\/02\/53374-1.webp",1000,750,false],"newsup-slider-full":["https:\/\/imagazine.it\/wp-content\/uploads\/2024\/02\/53374-1-1000x720.webp",1000,720,true],"newsup-featured":["https:\/\/imagazine.it\/wp-content\/uploads\/2024\/02\/53374-1.webp",1000,750,false],"newsup-medium":["https:\/\/imagazine.it\/wp-content\/uploads\/2024\/02\/53374-1-720x380.webp",720,380,true],"tptn_thumbnail":["https:\/\/imagazine.it\/wp-content\/uploads\/2024\/02\/53374-1.webp",250,188,false],"sow-carousel-default":["https:\/\/imagazine.it\/wp-content\/uploads\/2024\/02\/53374-1.webp",243,182,false]},"rttpg_author":{"display_name":"Livio Nonis","author_link":"https:\/\/imagazine.it\/home_desk\/author\/nonis\/"},"rttpg_comment":0,"rttpg_category":"<a href=\"https:\/\/imagazine.it\/home_desk\/category\/attualita\/\" rel=\"category tag\">ATTUALIT\u00c0<\/a>","rttpg_excerpt":"L'insegnante della primaria Elisabetta Bordignon andr\u00e0 in pensione. \"Bambini e colleghi sono stati la mia seconda casa\"","_links":{"self":[{"href":"https:\/\/imagazine.it\/home_desk\/wp-json\/wp\/v2\/posts\/49351","targetHints":{"allow":["GET"]}}],"collection":[{"href":"https:\/\/imagazine.it\/home_desk\/wp-json\/wp\/v2\/posts"}],"about":[{"href":"https:\/\/imagazine.it\/home_desk\/wp-json\/wp\/v2\/types\/post"}],"author":[{"embeddable":true,"href":"https:\/\/imagazine.it\/home_desk\/wp-json\/wp\/v2\/users\/22"}],"replies":[{"embeddable":true,"href":"https:\/\/imagazine.it\/home_desk\/wp-json\/wp\/v2\/comments?post=49351"}],"version-history":[{"count":0,"href":"https:\/\/imagazine.it\/home_desk\/wp-json\/wp\/v2\/posts\/49351\/revisions"}],"wp:featuredmedia":[{"embeddable":true,"href":"https:\/\/imagazine.it\/home_desk\/wp-json\/wp\/v2\/media\/49352"}],"wp:attachment":[{"href":"https:\/\/imagazine.it\/home_desk\/wp-json\/wp\/v2\/media?parent=49351"}],"wp:term":[{"taxonomy":"category","embeddable":true,"href":"https:\/\/imagazine.it\/home_desk\/wp-json\/wp\/v2\/categories?post=49351"},{"taxonomy":"post_tag","embeddable":true,"href":"https:\/\/imagazine.it\/home_desk\/wp-json\/wp\/v2\/tags?post=49351"}],"curies":[{"name":"wp","href":"https:\/\/api.w.org\/{rel}","templated":true}]}}