{"id":49349,"date":"2023-06-09T00:00:00","date_gmt":"2023-06-08T22:00:00","guid":{"rendered":"https:\/\/imagazine.it\/stanziati-850mila-euro-alle-pro-loco-del-fvg\/"},"modified":"2023-06-09T00:00:00","modified_gmt":"2023-06-08T22:00:00","slug":"stanziati-850mila-euro-alle-pro-loco-del-fvg","status":"publish","type":"post","link":"https:\/\/imagazine.it\/home_desk\/stanziati-850mila-euro-alle-pro-loco-del-fvg\/","title":{"rendered":"Stanziati 850mila euro alle Pro Loco del FVG"},"content":{"rendered":"<p> \tTRIESTE \u2013 La Giunta regionale, su proposta dell&#8217;assessore regionale alle Attivit\u00e0 produttive e Turismo, <strong>Sergio Emidio Bini<\/strong>, ha approvato la <strong>graduatoria dei contributi alle Pro loco del Friuli Venezia Giulia<\/strong>, come presentata dall&#8217;Associazione Unpli Friuli Venezia Giulia Aps.<\/p>\n<p> \t&#8220;La Regione &#8211; ha spiegato Bini &#8211; ha stanziato 850mila euro per quest&#8217;anno a sostegno della promozione delle attivit\u00e0 delle Pro loco e per il loro funzionamento. Ciascuna Pro loco iscritta all&#8217;Albo regionale, sulla base della domanda presentata all&#8217;Associazione Unpli Fvg Aps, ricever\u00e0 un contributo per lo svolgimento delle attivit\u00e0 programmate nel corso del 2023 nonch\u00e9 per le proprie spese di funzionamento, mentre i Consorzi tra le Pro loco e l&#8217;Associazione riceveranno contributi destinati alle spese di funzionamento&#8221;.<\/p>\n<p> \tNel dettaglio, il contributo 2023 per le spese relative all&#8217;attivit\u00e0 delle Pro loco ammonta ora a 566.600 euro mentre il contributo per le spese relative al loro funzionamento \u00e8 pari ad euro 96.100. Il contributo per le spese di funzionamento dei Consorzi ammonta a 34.300 euro. Infine, il contributo per le spese di funzionamento di UNPLI FVG APS ammonta a 153.000 euro.<\/p>\n","protected":false},"excerpt":{"rendered":"<p>Ciascuna Pro loco iscritta all&#8217;Albo regionale, sulla base della domanda presentata, ricever\u00e0 un contributo per lo svolgimento delle attivit\u00e0 programmate nel corso dell&#8217;anno<\/p>\n","protected":false},"author":28,"featured_media":49350,"comment_status":"closed","ping_status":"closed","sticky":false,"template":"","format":"standard","meta":{"dwc-title":[],"dwc-content":[],"footnotes":""},"categories":[5],"tags":[],"class_list":["post-49349","post","type-post","status-publish","format-standard","has-post-thumbnail","hentry","category-attualita"],"rttpg_featured_image_url":{"full":["https:\/\/imagazine.it\/wp-content\/uploads\/2024\/02\/53373-1.webp",1000,667,false],"landscape":["https:\/\/imagazine.it\/wp-content\/uploads\/2024\/02\/53373-1.webp",1000,667,false],"portraits":["https:\/\/imagazine.it\/wp-content\/uploads\/2024\/02\/53373-1.webp",1000,667,false],"thumbnail":["https:\/\/imagazine.it\/wp-content\/uploads\/2024\/02\/53373-1-150x150.webp",150,150,true],"medium":["https:\/\/imagazine.it\/wp-content\/uploads\/2024\/02\/53373-1-300x200.webp",300,200,true],"large":["https:\/\/imagazine.it\/wp-content\/uploads\/2024\/02\/53373-1.webp",640,427,false],"thumblist":["https:\/\/imagazine.it\/wp-content\/uploads\/2024\/02\/53373-1-300x300.webp",300,300,true],"thumbrelated":["https:\/\/imagazine.it\/wp-content\/uploads\/2024\/02\/53373-1-500x500.webp",500,500,true],"meccarouselthumb":["https:\/\/imagazine.it\/wp-content\/uploads\/2024\/02\/53373-1-474x324.webp",474,324,true],"gridsquare":["https:\/\/imagazine.it\/wp-content\/uploads\/2024\/02\/53373-1-391x260.webp",391,260,true],"tileview":["https:\/\/imagazine.it\/wp-content\/uploads\/2024\/02\/53373-1-300x400.webp",300,400,true],"1536x1536":["https:\/\/imagazine.it\/wp-content\/uploads\/2024\/02\/53373-1.webp",1000,667,false],"2048x2048":["https:\/\/imagazine.it\/wp-content\/uploads\/2024\/02\/53373-1.webp",1000,667,false],"newsup-slider-full":["https:\/\/imagazine.it\/wp-content\/uploads\/2024\/02\/53373-1.webp",1000,667,false],"newsup-featured":["https:\/\/imagazine.it\/wp-content\/uploads\/2024\/02\/53373-1.webp",1000,667,false],"newsup-medium":["https:\/\/imagazine.it\/wp-content\/uploads\/2024\/02\/53373-1-720x380.webp",720,380,true],"tptn_thumbnail":["https:\/\/imagazine.it\/wp-content\/uploads\/2024\/02\/53373-1.webp",250,167,false],"sow-carousel-default":["https:\/\/imagazine.it\/wp-content\/uploads\/2024\/02\/53373-1.webp",272,182,false]},"rttpg_author":{"display_name":"redazione","author_link":"https:\/\/imagazine.it\/home_desk\/author\/redazione\/"},"rttpg_comment":0,"rttpg_category":"<a href=\"https:\/\/imagazine.it\/home_desk\/category\/attualita\/\" rel=\"category tag\">ATTUALIT\u00c0<\/a>","rttpg_excerpt":"Ciascuna Pro loco iscritta all'Albo regionale, sulla base della domanda presentata, ricever\u00e0 un contributo per lo svolgimento delle attivit\u00e0 programmate nel corso dell'anno","_links":{"self":[{"href":"https:\/\/imagazine.it\/home_desk\/wp-json\/wp\/v2\/posts\/49349","targetHints":{"allow":["GET"]}}],"collection":[{"href":"https:\/\/imagazine.it\/home_desk\/wp-json\/wp\/v2\/posts"}],"about":[{"href":"https:\/\/imagazine.it\/home_desk\/wp-json\/wp\/v2\/types\/post"}],"author":[{"embeddable":true,"href":"https:\/\/imagazine.it\/home_desk\/wp-json\/wp\/v2\/users\/28"}],"replies":[{"embeddable":true,"href":"https:\/\/imagazine.it\/home_desk\/wp-json\/wp\/v2\/comments?post=49349"}],"version-history":[{"count":0,"href":"https:\/\/imagazine.it\/home_desk\/wp-json\/wp\/v2\/posts\/49349\/revisions"}],"wp:featuredmedia":[{"embeddable":true,"href":"https:\/\/imagazine.it\/home_desk\/wp-json\/wp\/v2\/media\/49350"}],"wp:attachment":[{"href":"https:\/\/imagazine.it\/home_desk\/wp-json\/wp\/v2\/media?parent=49349"}],"wp:term":[{"taxonomy":"category","embeddable":true,"href":"https:\/\/imagazine.it\/home_desk\/wp-json\/wp\/v2\/categories?post=49349"},{"taxonomy":"post_tag","embeddable":true,"href":"https:\/\/imagazine.it\/home_desk\/wp-json\/wp\/v2\/tags?post=49349"}],"curies":[{"name":"wp","href":"https:\/\/api.w.org\/{rel}","templated":true}]}}