{"id":49345,"date":"2023-06-09T00:00:00","date_gmt":"2023-06-08T22:00:00","guid":{"rendered":"https:\/\/imagazine.it\/il-coro-di-tapogliano-protagonista-in-val-pusteria\/"},"modified":"2023-06-09T00:00:00","modified_gmt":"2023-06-08T22:00:00","slug":"il-coro-di-tapogliano-protagonista-in-val-pusteria","status":"publish","type":"post","link":"https:\/\/imagazine.it\/home_desk\/il-coro-di-tapogliano-protagonista-in-val-pusteria\/","title":{"rendered":"Il coro di Tapogliano protagonista in Val Pusteria"},"content":{"rendered":"<p> \tCAMPOLONGO TAPOGLIANO \u2013 Dal 14 al 18 giugno in Val Pusteria si terr\u00e0 il \u201c<em>Festival dei mille cori<\/em>\u201d, rassegna corale che da anni richiama nella valle altoatesina decine di cori provenienti da tutto il mondo.<\/p>\n<p> \tQuest\u2019anno, fra gli 89 cori partecipanti, ci sar\u00e0 anche il <strong>Coro San Martino di Tapogliano<\/strong>, diretto dalla Maestra <strong>Elisabetta Spinelli<\/strong>.<\/p>\n<p> \tIl coro si esibir\u00e0 in due luoghi distinti venerd\u00ec 16 e sabato 17. Il repertorio che verr\u00e0 eseguito spazier\u00e0 tra la musica popolare con l\u2019immancabile <em>Stelutis Alpinis<\/em>, le arie operistiche come la <em>Barcarolle<\/em> di Hoffenbach e il <em>Carnevale<\/em> di Rossini e brani di musica contemporanea.<\/p>\n<p> \tIl coro sar\u00e0 accompagnato al pianoforte da <strong>Stefania Bertoldi<\/strong> e alle percussioni da <strong>Nicola Bernardi<\/strong>.<\/p>\n<p> \tSabato pomeriggio a San Candido, inoltre, si terr\u00e0 la sfilata di tutti i cori partecipanti che si raduneranno nella piazza della cittadina. Le centinaia di coristi presenti eseguiranno tutti assieme \u201c<em>Va\u2019 pensiero<\/em>\u201d di Giuseppe Verdi e \u201c<em>Signore delle cime<\/em>\u201d di Bepi De Marzi.<\/p>\n<p> \tPer il Coro San Martino sar\u00e0 la prima trasferta dopo lo stop dovuto al Covid. Un\u2019occasione per conoscere altri cori e stringere nuove amicizie sotto il segno della musica.<\/p>\n<p> \t\u00a0<\/p>\n","protected":false},"excerpt":{"rendered":"<p>Il gruppo corale diretto dalla Maestra Elisabetta Spinelli sar\u00e0 tra gli 89 partecipanti allarassegna di San Candido<\/p>\n","protected":false},"author":22,"featured_media":49346,"comment_status":"closed","ping_status":"closed","sticky":false,"template":"","format":"standard","meta":{"dwc-title":[],"dwc-content":[],"footnotes":""},"categories":[37],"tags":[],"class_list":["post-49345","post","type-post","status-publish","format-standard","has-post-thumbnail","hentry","category-cultura-e-spettacolo"],"rttpg_featured_image_url":{"full":["https:\/\/imagazine.it\/wp-content\/uploads\/2024\/02\/53371-1.webp",1000,667,false],"landscape":["https:\/\/imagazine.it\/wp-content\/uploads\/2024\/02\/53371-1.webp",1000,667,false],"portraits":["https:\/\/imagazine.it\/wp-content\/uploads\/2024\/02\/53371-1.webp",1000,667,false],"thumbnail":["https:\/\/imagazine.it\/wp-content\/uploads\/2024\/02\/53371-1-150x150.webp",150,150,true],"medium":["https:\/\/imagazine.it\/wp-content\/uploads\/2024\/02\/53371-1-300x200.webp",300,200,true],"large":["https:\/\/imagazine.it\/wp-content\/uploads\/2024\/02\/53371-1.webp",640,427,false],"thumblist":["https:\/\/imagazine.it\/wp-content\/uploads\/2024\/02\/53371-1-300x300.webp",300,300,true],"thumbrelated":["https:\/\/imagazine.it\/wp-content\/uploads\/2024\/02\/53371-1-500x500.webp",500,500,true],"meccarouselthumb":["https:\/\/imagazine.it\/wp-content\/uploads\/2024\/02\/53371-1-474x324.webp",474,324,true],"gridsquare":["https:\/\/imagazine.it\/wp-content\/uploads\/2024\/02\/53371-1-391x260.webp",391,260,true],"tileview":["https:\/\/imagazine.it\/wp-content\/uploads\/2024\/02\/53371-1-300x400.webp",300,400,true],"1536x1536":["https:\/\/imagazine.it\/wp-content\/uploads\/2024\/02\/53371-1.webp",1000,667,false],"2048x2048":["https:\/\/imagazine.it\/wp-content\/uploads\/2024\/02\/53371-1.webp",1000,667,false],"newsup-slider-full":["https:\/\/imagazine.it\/wp-content\/uploads\/2024\/02\/53371-1.webp",1000,667,false],"newsup-featured":["https:\/\/imagazine.it\/wp-content\/uploads\/2024\/02\/53371-1.webp",1000,667,false],"newsup-medium":["https:\/\/imagazine.it\/wp-content\/uploads\/2024\/02\/53371-1-720x380.webp",720,380,true],"tptn_thumbnail":["https:\/\/imagazine.it\/wp-content\/uploads\/2024\/02\/53371-1.webp",250,167,false],"sow-carousel-default":["https:\/\/imagazine.it\/wp-content\/uploads\/2024\/02\/53371-1.webp",272,182,false]},"rttpg_author":{"display_name":"Livio Nonis","author_link":"https:\/\/imagazine.it\/home_desk\/author\/nonis\/"},"rttpg_comment":0,"rttpg_category":"<a href=\"https:\/\/imagazine.it\/home_desk\/category\/cultura-e-spettacolo\/\" rel=\"category tag\">CULTURA&amp;SPETTACOLO<\/a>","rttpg_excerpt":"Il gruppo corale diretto dalla Maestra Elisabetta Spinelli sar\u00e0 tra gli 89 partecipanti allarassegna di San Candido","_links":{"self":[{"href":"https:\/\/imagazine.it\/home_desk\/wp-json\/wp\/v2\/posts\/49345","targetHints":{"allow":["GET"]}}],"collection":[{"href":"https:\/\/imagazine.it\/home_desk\/wp-json\/wp\/v2\/posts"}],"about":[{"href":"https:\/\/imagazine.it\/home_desk\/wp-json\/wp\/v2\/types\/post"}],"author":[{"embeddable":true,"href":"https:\/\/imagazine.it\/home_desk\/wp-json\/wp\/v2\/users\/22"}],"replies":[{"embeddable":true,"href":"https:\/\/imagazine.it\/home_desk\/wp-json\/wp\/v2\/comments?post=49345"}],"version-history":[{"count":0,"href":"https:\/\/imagazine.it\/home_desk\/wp-json\/wp\/v2\/posts\/49345\/revisions"}],"wp:featuredmedia":[{"embeddable":true,"href":"https:\/\/imagazine.it\/home_desk\/wp-json\/wp\/v2\/media\/49346"}],"wp:attachment":[{"href":"https:\/\/imagazine.it\/home_desk\/wp-json\/wp\/v2\/media?parent=49345"}],"wp:term":[{"taxonomy":"category","embeddable":true,"href":"https:\/\/imagazine.it\/home_desk\/wp-json\/wp\/v2\/categories?post=49345"},{"taxonomy":"post_tag","embeddable":true,"href":"https:\/\/imagazine.it\/home_desk\/wp-json\/wp\/v2\/tags?post=49345"}],"curies":[{"name":"wp","href":"https:\/\/api.w.org\/{rel}","templated":true}]}}