{"id":49343,"date":"2023-06-07T00:00:00","date_gmt":"2023-06-06T22:00:00","guid":{"rendered":"https:\/\/imagazine.it\/sport-e-fair-play-i-veterani-investono-sui-giovani\/"},"modified":"2023-06-07T00:00:00","modified_gmt":"2023-06-06T22:00:00","slug":"sport-e-fair-play-i-veterani-investono-sui-giovani","status":"publish","type":"post","link":"https:\/\/imagazine.it\/home_desk\/sport-e-fair-play-i-veterani-investono-sui-giovani\/","title":{"rendered":"Sport e fair play, i veterani investono sui giovani"},"content":{"rendered":"<p> \tCERVIGNANO DEL FRIULI \u2013 Si \u00e8 concluso presso il campo sportivo \u201cPierino Dissabo\u201d l\u2019annuale progetto \u201c<strong><em>Il gioco leale<\/em><\/strong>\u201d promosso dalla <strong>sezione \u201cErnesto Piani\u201d dei<\/strong> <strong>Veterani dello Sport<\/strong>, con una manifestazione alla quale hanno partecipato tutti i giovani delle <strong>classi quinte delle scuole primarie<\/strong> della cittadina e alcuni <strong>ospiti dei centri CAMPP<\/strong>.<\/p>\n<p> \tIl progetto \u00e8 stato realizzato grazie alla disponibilit\u00e0 e collaborazione della Dirigenza scolastica, delle insegnanti, della locale societ\u00e0 di pallavolo <strong>Sporting Club<\/strong> e dell\u2019amministrazione comunale.<\/p>\n<p> \tNella giornata finale i giovani hanno potuto svolgere alcuni giochi di attivit\u00e0 motoria opportunamente allestiti, che prevedevano percorsi a staffetta, percorsi con ostacoli, percorsi di logica. Al termine dei giochi, prima la sosta ristoro grazie alla disponibilit\u00e0 della Coop Alleanza 3.0, poi la consegna delle medaglie ricordo ai partecipanti e gli interventi di saluto della coordinatrice dell\u2019attivit\u00e0 scolastica, <strong>Carla Rosa Cartura<\/strong>, del presidente della sezione <strong>Giorgio Comisso<\/strong> e del sindaco di Cervignano del Friuli <strong>Andrea Balducci<\/strong>. Presentatore della manifestazione <strong>Roberto Tomat<\/strong>.<\/p>\n<p> \tIn merito a questa attivit\u00e0, negli ultimi mesi i veterani <strong>Adriano Paliaga<\/strong> e <strong>Sandro Giusti<\/strong>, insieme alle pallavoliste <strong>Camilla Geotti<\/strong>, <strong>Cristina Milloch<\/strong>, <strong>Alessia Boso<\/strong> e <strong>Giulia Ferigutti<\/strong> si sono alternati nelle ore di attivit\u00e0 motoria delle classi quinte per portare i concetti base del gioco leale.<\/p>\n<p> \t\u201cLa collaborazione delle insegnanti \u2013 confermano i Veterani dello Sport \u2013 \u00e8 stata decisiva per il buon esito del progetto. Ai ragazzi \u00e8 stato chiesto, tra l\u2019altro, di esprimere, tramite un disegno, il loro modo di vivere il \u201cfair play\u201d. A settembre, in occasione della \u201cFesta dello sport\u201d verr\u00e0 organizzata una mostra pubblica di questi disegni\u201d.<\/p>\n<p> \t\u00a0<\/p>\n","protected":false},"excerpt":{"rendered":"<p>Prosegue a Cervignano la collaborazione con le scuole cittadine e il coinvolgimento del CAMPP. A settembre una mostra di disegni a tema nell&#8217;ambito della Festa dello Sport<\/p>\n","protected":false},"author":12,"featured_media":49344,"comment_status":"closed","ping_status":"closed","sticky":false,"template":"","format":"standard","meta":{"dwc-title":[],"dwc-content":[],"footnotes":""},"categories":[38],"tags":[],"class_list":["post-49343","post","type-post","status-publish","format-standard","has-post-thumbnail","hentry","category-sport"],"rttpg_featured_image_url":{"full":["https:\/\/imagazine.it\/wp-content\/uploads\/2024\/02\/53370-1.webp",1000,726,false],"landscape":["https:\/\/imagazine.it\/wp-content\/uploads\/2024\/02\/53370-1.webp",1000,726,false],"portraits":["https:\/\/imagazine.it\/wp-content\/uploads\/2024\/02\/53370-1.webp",1000,726,false],"thumbnail":["https:\/\/imagazine.it\/wp-content\/uploads\/2024\/02\/53370-1-150x150.webp",150,150,true],"medium":["https:\/\/imagazine.it\/wp-content\/uploads\/2024\/02\/53370-1-300x218.webp",300,218,true],"large":["https:\/\/imagazine.it\/wp-content\/uploads\/2024\/02\/53370-1.webp",640,465,false],"thumblist":["https:\/\/imagazine.it\/wp-content\/uploads\/2024\/02\/53370-1-300x300.webp",300,300,true],"thumbrelated":["https:\/\/imagazine.it\/wp-content\/uploads\/2024\/02\/53370-1-500x500.webp",500,500,true],"meccarouselthumb":["https:\/\/imagazine.it\/wp-content\/uploads\/2024\/02\/53370-1-474x324.webp",474,324,true],"gridsquare":["https:\/\/imagazine.it\/wp-content\/uploads\/2024\/02\/53370-1-391x260.webp",391,260,true],"tileview":["https:\/\/imagazine.it\/wp-content\/uploads\/2024\/02\/53370-1-300x400.webp",300,400,true],"1536x1536":["https:\/\/imagazine.it\/wp-content\/uploads\/2024\/02\/53370-1.webp",1000,726,false],"2048x2048":["https:\/\/imagazine.it\/wp-content\/uploads\/2024\/02\/53370-1.webp",1000,726,false],"newsup-slider-full":["https:\/\/imagazine.it\/wp-content\/uploads\/2024\/02\/53370-1-1000x720.webp",1000,720,true],"newsup-featured":["https:\/\/imagazine.it\/wp-content\/uploads\/2024\/02\/53370-1.webp",1000,726,false],"newsup-medium":["https:\/\/imagazine.it\/wp-content\/uploads\/2024\/02\/53370-1-720x380.webp",720,380,true],"tptn_thumbnail":["https:\/\/imagazine.it\/wp-content\/uploads\/2024\/02\/53370-1.webp",250,182,false],"sow-carousel-default":["https:\/\/imagazine.it\/wp-content\/uploads\/2024\/02\/53370-1.webp",251,182,false]},"rttpg_author":{"display_name":"Claudio Pizzin","author_link":"https:\/\/imagazine.it\/home_desk\/author\/pizzin\/"},"rttpg_comment":0,"rttpg_category":"<a href=\"https:\/\/imagazine.it\/home_desk\/category\/sport\/\" rel=\"category tag\">SPORT<\/a>","rttpg_excerpt":"Prosegue a Cervignano la collaborazione con le scuole cittadine e il coinvolgimento del CAMPP. A settembre una mostra di disegni a tema nell'ambito della Festa dello Sport","_links":{"self":[{"href":"https:\/\/imagazine.it\/home_desk\/wp-json\/wp\/v2\/posts\/49343","targetHints":{"allow":["GET"]}}],"collection":[{"href":"https:\/\/imagazine.it\/home_desk\/wp-json\/wp\/v2\/posts"}],"about":[{"href":"https:\/\/imagazine.it\/home_desk\/wp-json\/wp\/v2\/types\/post"}],"author":[{"embeddable":true,"href":"https:\/\/imagazine.it\/home_desk\/wp-json\/wp\/v2\/users\/12"}],"replies":[{"embeddable":true,"href":"https:\/\/imagazine.it\/home_desk\/wp-json\/wp\/v2\/comments?post=49343"}],"version-history":[{"count":0,"href":"https:\/\/imagazine.it\/home_desk\/wp-json\/wp\/v2\/posts\/49343\/revisions"}],"wp:featuredmedia":[{"embeddable":true,"href":"https:\/\/imagazine.it\/home_desk\/wp-json\/wp\/v2\/media\/49344"}],"wp:attachment":[{"href":"https:\/\/imagazine.it\/home_desk\/wp-json\/wp\/v2\/media?parent=49343"}],"wp:term":[{"taxonomy":"category","embeddable":true,"href":"https:\/\/imagazine.it\/home_desk\/wp-json\/wp\/v2\/categories?post=49343"},{"taxonomy":"post_tag","embeddable":true,"href":"https:\/\/imagazine.it\/home_desk\/wp-json\/wp\/v2\/tags?post=49343"}],"curies":[{"name":"wp","href":"https:\/\/api.w.org\/{rel}","templated":true}]}}