{"id":49323,"date":"2023-06-07T00:00:00","date_gmt":"2023-06-06T22:00:00","guid":{"rendered":"https:\/\/imagazine.it\/specialisti-della-retina-da-tutto-il-mondo-a-trieste\/"},"modified":"2023-06-07T00:00:00","modified_gmt":"2023-06-06T22:00:00","slug":"specialisti-della-retina-da-tutto-il-mondo-a-trieste","status":"publish","type":"post","link":"https:\/\/imagazine.it\/home_desk\/specialisti-della-retina-da-tutto-il-mondo-a-trieste\/","title":{"rendered":"Specialisti della retina da tutto il mondo a Trieste"},"content":{"rendered":"<p> \tTRIESTE \u2013 Tre giornate interamente dedicate alle novit\u00e0 nel campo delle pi\u00f9 recenti innovazioni diagnostiche e chirurgiche nel trattamento delle malattie della retina, con la presenza dei pi\u00f9 <strong>autorevoli oftalmologi italiani e internazionali<\/strong>, che si confronteranno nel corso di oltre <strong>50 sessioni scientifiche<\/strong> suddivise in tavole rotonde, simposi e corsi interattivi, alle quali parteciperanno oltre <strong>1.300 iscritti<\/strong>.<\/p>\n<p> \tSi tratta del Congresso internazionale della Societ\u00e0 Italiana di Chirurgia vitreoretinica, che si svolger\u00e0 a Trieste, al Convention Center in Porto Vecchio da gioved\u00ec 8 a sabato 10 giugno, con il patrocinio del Ministero della Salute, della Regione Friuli Venezia Giulia, del Comune di Trieste, dell\u2019Universit\u00e0 di Trieste e dell\u2019Azienda Sanitaria Universitaria Giuliano Isontina (ASUGI).<br \/> \t\u201cPer la prima volta un evento scientifico sul tema della retina vedr\u00e0 la partecipazione delle principali Societ\u00e0 Scientifiche della Retina provenienti da tutta Europa\u201d, afferma il professor <strong>Daniele Tognetto<\/strong>, direttore della Clinica Oculistica di ASUGI Trieste e organizzatore del congresso internazionale.<\/p>\n<p> \tParteciperanno infatti, attraverso i loro esponenti, le Societ\u00e0 scientifiche di Austria, Belgio, Danimarca, Francia, Germania, Grecia, Inghilterra, Olanda, Polonia, Portogallo, Repubblica Ceca, Romania, Serbia, Spagna, Turchia, Ungheria, tutte impegnate in diversi ambiti di ricerca sia clinica che chirurgica.<\/p>\n<p> \t\u201cDurante la prima giornata congressuale \u2013 spiega il professor Tognetto \u2013 verranno affrontati e dibattuti numerosi argomenti, tra i quali troveranno ampio spazio il <strong>trattamento del distacco di retina trazionale diabetico<\/strong>, la gestione delle <strong>emorragia retiniche<\/strong> e le <strong>nuove terapie impiegate nel trattamento della degenerazione maculare<\/strong> legata all\u2019et\u00e0\u201d.<\/p>\n<p> \tSempre nella giornata di gioved\u00ec 8 avr\u00e0 luogo il <strong>Corso sulla chirurgia mininvasiva del distacco di retina<\/strong>, giunto alla sua 135 edizione, e guidato dalla <strong>professoressa Ingrid Kreissig dell\u2019Universit\u00e0 di Heidelberg<\/strong> che, dopo aver lavorato al fianco del professor Harvey Lincoff, pioniere della chirurgia episclerale, ha perfezionato tale tecnica sviluppando la cosiddetta chirurgia minimale del distacco di retina. Il corso, tenutosi in ogni parte del mondo sin dalla sua prima edizione nel 1991, ha fornito le basi della chirurgia episclerale minimale a centinaia di chirurghi vitreoretinici. <strong>Il panel dei docenti<\/strong>, del quale far\u00e0 parte anche il professor Tognetto, \u00e8 composto dai pi\u00f9 esperti chirurghi della tecnica mininvasiva provenienti diverse aree internazionali.<\/p>\n<p> \tCompleteranno la giornata numerose altre sessioni scientifiche che tratteranno altri temi di attualit\u00e0 e che si affiancheranno a corsi teorico-pratici durante i quali i medici pi\u00f9 giovani potranno apprendere le principali tecniche diagnostiche e chirurgiche per l\u2019approccio alle malattie retiniche. Per i chirurghi in formazione sar\u00e0 possibile esercitarsi in <strong>4 diversi wet-lab e fare un\u2019esperienza con un simulatore per la chirurgia vitreoretinica<\/strong>.<\/p>\n<p> \tNella giornata di <strong>venerd\u00ec 9 giugno<\/strong> saranno oggetto di approfondimento numerosi temi di attualit\u00e0, tra i quali avranno particolare rilievo il trattamento dell\u2019<strong>edema maculare diabetico<\/strong>, la gestione della <strong>maculopatia miopica<\/strong>, le procedure terapeutiche che consentono di ottenere i migliori risultati nel trattamento del <strong>foro maculare<\/strong>.<\/p>\n<p> \tNelle prime due giornate i membri delle societ\u00e0 scientifiche europee daranno vita all\u2019 \u201c<strong>European Debate<\/strong>\u201d, cio\u00e8 a un confronto su argomenti di estrema attualit\u00e0 nell\u2019ambito delle <strong>malattie della retina e dell\u2019impianto secondario di lenti intraoculari<\/strong>. Si tratta di tematiche che da anni lasciano aperti numerosi interrogativi a cui l\u2019impegno e il contributo dei pi\u00f9 qualificati esperti del settore cercher\u00e0 di dare risposta.<\/p>\n<p> \tDi particolare interesse il <strong>simposio congiunto tra la Societ\u00e0 Italiana di Chirurgia della Cataratta e il gruppo EUROCOVCAT<\/strong>, un gruppo di chirurghi europei specialisti nelle patologie del segmento anteriore. Discuteranno dei casi pi\u00f9 difficili nei quali le malattie della retina sono associate a quelle della cornea o del cristallino.<\/p>\n<p> \tTra i membri della Faculty saranno presenti <strong>ospiti di spicco del panorama mondiale<\/strong> come <strong>Donald J. D&#8217;Amico<\/strong>, professore al Weill Cornell Medical College e al Presbyterian Hospital di New York, leader riconosciuto a livello internazionale nel campo della chirurgia vitreoretinica; <strong>Andre Gomes<\/strong> e <strong>Andre Maia<\/strong>, noti chirurghi vitreoretinici provenienti dal Brasile che presiederanno la sessione dei casi chirurgici complessi. <strong>Doric Wong<\/strong>, professore al National Eye Centre di Singapore, e <strong>Kazuaki Kadonosono<\/strong>, professore alla Yokohama City University in Giappone, illustreranno, nell\u2019ambito di una sessione patrocinata dall\u2019European School of Advanced Study in Ophthalmology, <strong>il ruolo della robotica<\/strong> nella gestione chirurgica delle malattie retiniche nell\u2019ambito delle tecniche microchirurgiche.<\/p>\n<p> \tMomento cruciale delle giornate congressuali sar\u00e0 la sessione di <strong>Live Surgery<\/strong> <strong>trasmessa dalle sale operatorie della Clinica Oculistica dell\u2019Ospedale Maggiore di Trieste e da altri centri internazionali di eccellenza<\/strong> (Francia, Inghilterra, Polonia, Turchia e Belgio) dove esperti chirurghi vitreoretinici mostreranno in diretta tecniche chirurgiche avanzate e innovative. Saranno utilizzati i <strong>nuovi microscopi<\/strong> operatori integrati con le apparecchiature OCT che permettono al chirurgo di effettuare indagini diagnostiche di imaging ad alta risoluzione nel corso dell\u2019intervento chirurgico. Le chirurgie verranno effettuate impiegando i <strong>moderni schermi in 3D<\/strong> che consentono al chirurgo e al personale presente in sala operatoria di osservare le immagini operatorie ad elevato ingrandimento e in visione tridimensionale. <strong>Si tratta di apparecchiature di ultima generazione presenti nella dotazione delle sale operatorie della Clinica Oculistica di Trieste.<\/strong><\/p>\n<p> \t\u00a0<\/p>\n","protected":false},"excerpt":{"rendered":"<p>Confermata la presenza dei pi\u00f9 autorevoli oftalmologi italiani e internazionali, che si confronteranno nel corso di oltre 50 sessioni scientifiche<\/p>\n","protected":false},"author":28,"featured_media":49324,"comment_status":"closed","ping_status":"closed","sticky":false,"template":"","format":"standard","meta":{"dwc-title":[],"dwc-content":[],"footnotes":""},"categories":[6],"tags":[],"class_list":["post-49323","post","type-post","status-publish","format-standard","has-post-thumbnail","hentry","category-societa"],"rttpg_featured_image_url":{"full":["https:\/\/imagazine.it\/wp-content\/uploads\/2024\/02\/53339-1.webp",1000,750,false],"landscape":["https:\/\/imagazine.it\/wp-content\/uploads\/2024\/02\/53339-1.webp",1000,750,false],"portraits":["https:\/\/imagazine.it\/wp-content\/uploads\/2024\/02\/53339-1.webp",1000,750,false],"thumbnail":["https:\/\/imagazine.it\/wp-content\/uploads\/2024\/02\/53339-1-150x150.webp",150,150,true],"medium":["https:\/\/imagazine.it\/wp-content\/uploads\/2024\/02\/53339-1-300x225.webp",300,225,true],"large":["https:\/\/imagazine.it\/wp-content\/uploads\/2024\/02\/53339-1.webp",640,480,false],"thumblist":["https:\/\/imagazine.it\/wp-content\/uploads\/2024\/02\/53339-1-300x300.webp",300,300,true],"thumbrelated":["https:\/\/imagazine.it\/wp-content\/uploads\/2024\/02\/53339-1-500x500.webp",500,500,true],"meccarouselthumb":["https:\/\/imagazine.it\/wp-content\/uploads\/2024\/02\/53339-1-474x324.webp",474,324,true],"gridsquare":["https:\/\/imagazine.it\/wp-content\/uploads\/2024\/02\/53339-1-391x260.webp",391,260,true],"tileview":["https:\/\/imagazine.it\/wp-content\/uploads\/2024\/02\/53339-1-300x400.webp",300,400,true],"1536x1536":["https:\/\/imagazine.it\/wp-content\/uploads\/2024\/02\/53339-1.webp",1000,750,false],"2048x2048":["https:\/\/imagazine.it\/wp-content\/uploads\/2024\/02\/53339-1.webp",1000,750,false],"newsup-slider-full":["https:\/\/imagazine.it\/wp-content\/uploads\/2024\/02\/53339-1-1000x720.webp",1000,720,true],"newsup-featured":["https:\/\/imagazine.it\/wp-content\/uploads\/2024\/02\/53339-1.webp",1000,750,false],"newsup-medium":["https:\/\/imagazine.it\/wp-content\/uploads\/2024\/02\/53339-1-720x380.webp",720,380,true],"tptn_thumbnail":["https:\/\/imagazine.it\/wp-content\/uploads\/2024\/02\/53339-1.webp",250,188,false],"sow-carousel-default":["https:\/\/imagazine.it\/wp-content\/uploads\/2024\/02\/53339-1.webp",243,182,false]},"rttpg_author":{"display_name":"redazione","author_link":"https:\/\/imagazine.it\/home_desk\/author\/redazione\/"},"rttpg_comment":0,"rttpg_category":"<a href=\"https:\/\/imagazine.it\/home_desk\/category\/societa\/\" rel=\"category tag\">SOCIET\u00c0<\/a>","rttpg_excerpt":"Confermata la presenza dei pi\u00f9 autorevoli oftalmologi italiani e internazionali, che si confronteranno nel corso di oltre 50 sessioni scientifiche","_links":{"self":[{"href":"https:\/\/imagazine.it\/home_desk\/wp-json\/wp\/v2\/posts\/49323","targetHints":{"allow":["GET"]}}],"collection":[{"href":"https:\/\/imagazine.it\/home_desk\/wp-json\/wp\/v2\/posts"}],"about":[{"href":"https:\/\/imagazine.it\/home_desk\/wp-json\/wp\/v2\/types\/post"}],"author":[{"embeddable":true,"href":"https:\/\/imagazine.it\/home_desk\/wp-json\/wp\/v2\/users\/28"}],"replies":[{"embeddable":true,"href":"https:\/\/imagazine.it\/home_desk\/wp-json\/wp\/v2\/comments?post=49323"}],"version-history":[{"count":0,"href":"https:\/\/imagazine.it\/home_desk\/wp-json\/wp\/v2\/posts\/49323\/revisions"}],"wp:featuredmedia":[{"embeddable":true,"href":"https:\/\/imagazine.it\/home_desk\/wp-json\/wp\/v2\/media\/49324"}],"wp:attachment":[{"href":"https:\/\/imagazine.it\/home_desk\/wp-json\/wp\/v2\/media?parent=49323"}],"wp:term":[{"taxonomy":"category","embeddable":true,"href":"https:\/\/imagazine.it\/home_desk\/wp-json\/wp\/v2\/categories?post=49323"},{"taxonomy":"post_tag","embeddable":true,"href":"https:\/\/imagazine.it\/home_desk\/wp-json\/wp\/v2\/tags?post=49323"}],"curies":[{"name":"wp","href":"https:\/\/api.w.org\/{rel}","templated":true}]}}