{"id":49249,"date":"2023-05-29T00:00:00","date_gmt":"2023-05-28T22:00:00","guid":{"rendered":"https:\/\/imagazine.it\/muggia-inaugurato-il-nuovo-infopoint-turistico\/"},"modified":"2023-05-29T00:00:00","modified_gmt":"2023-05-28T22:00:00","slug":"muggia-inaugurato-il-nuovo-infopoint-turistico","status":"publish","type":"post","link":"https:\/\/imagazine.it\/home_desk\/muggia-inaugurato-il-nuovo-infopoint-turistico\/","title":{"rendered":"Muggia, inaugurato il nuovo infopoint turistico"},"content":{"rendered":"<p> \tMUGGIA \u2013 Inaugurato il <strong>nuovo spazio informativo<\/strong> allestito con PromoTurismoFVG nei locali municipali al piano terra del <strong>Comune di Muggia<\/strong>.<\/p>\n<p> \tLa sede, che esporr\u00e0 anche prodotti locali, potr\u00e0 contare su due persone dedicate e, in caso di necessit\u00e0, sul supporto del vicino infopoint di Trieste.<\/p>\n<p> \tSar\u00e0 aperta tutti i giorni dalle 9 alle 13 e dalle 14 alle 18.<\/p>\n<p> \t&#8220;La posizione strategica di Muggia vicino al confine \u2013 ha affermato l\u2019assessore regionale al turismo, <strong>Sergio Emidio Bini<\/strong>, intervento assieme al sindaco di Muggia, <strong>Paolo Polidori<\/strong> \u2013 permette di intercettare flussi turistici in entrata e in uscita e di affinare prodotti dedicati, per una promozione sempre pi\u00f9 mirata e incisiva, soprattutto nei confronti di chi percorre l&#8217;Alpe Adria Trail, l&#8217;itinerario di 750 chilometri che collega Carinzia, Slovenia e Friuli Venezia Giulia e che ha proprio in Muggia la sua conclusione. In questo senso, l&#8217;infopoint permetter\u00e0 il potenziamento del calendario degli eventi dell&#8217;area e l&#8217;incentivazione di progetti dedicati a un turismo sempre pi\u00f9 sostenibile e slow, rappresentando il punto di riferimento di una rete strutturata di valorizzazione della destinazione&#8221;.<\/p>\n<p> \tQuello inaugurato oggi, di natura stagionale, \u00e8 il ventesimo infopoint in regione gestito da PromoTurismoFVG.<\/p>\n<p> \t\u00a0<\/p>\n","protected":false},"excerpt":{"rendered":"<p>Il ventesimo in regione gestito da PromoTurismo FVG. Esposti anche prodotti locali<\/p>\n","protected":false},"author":28,"featured_media":49250,"comment_status":"closed","ping_status":"closed","sticky":false,"template":"","format":"standard","meta":{"dwc-title":[],"dwc-content":[],"footnotes":""},"categories":[8],"tags":[],"class_list":["post-49249","post","type-post","status-publish","format-standard","has-post-thumbnail","hentry","category-turismo"],"rttpg_featured_image_url":{"full":["https:\/\/imagazine.it\/wp-content\/uploads\/2024\/02\/53213-1.webp",1024,768,false],"landscape":["https:\/\/imagazine.it\/wp-content\/uploads\/2024\/02\/53213-1.webp",1024,768,false],"portraits":["https:\/\/imagazine.it\/wp-content\/uploads\/2024\/02\/53213-1.webp",1024,768,false],"thumbnail":["https:\/\/imagazine.it\/wp-content\/uploads\/2024\/02\/53213-1-150x150.webp",150,150,true],"medium":["https:\/\/imagazine.it\/wp-content\/uploads\/2024\/02\/53213-1-300x225.webp",300,225,true],"large":["https:\/\/imagazine.it\/wp-content\/uploads\/2024\/02\/53213-1.webp",640,480,false],"thumblist":["https:\/\/imagazine.it\/wp-content\/uploads\/2024\/02\/53213-1-300x300.webp",300,300,true],"thumbrelated":["https:\/\/imagazine.it\/wp-content\/uploads\/2024\/02\/53213-1-500x500.webp",500,500,true],"meccarouselthumb":["https:\/\/imagazine.it\/wp-content\/uploads\/2024\/02\/53213-1-474x324.webp",474,324,true],"gridsquare":["https:\/\/imagazine.it\/wp-content\/uploads\/2024\/02\/53213-1-391x260.webp",391,260,true],"tileview":["https:\/\/imagazine.it\/wp-content\/uploads\/2024\/02\/53213-1-300x400.webp",300,400,true],"1536x1536":["https:\/\/imagazine.it\/wp-content\/uploads\/2024\/02\/53213-1.webp",1024,768,false],"2048x2048":["https:\/\/imagazine.it\/wp-content\/uploads\/2024\/02\/53213-1.webp",1024,768,false],"newsup-slider-full":["https:\/\/imagazine.it\/wp-content\/uploads\/2024\/02\/53213-1-1024x720.webp",1024,720,true],"newsup-featured":["https:\/\/imagazine.it\/wp-content\/uploads\/2024\/02\/53213-1.webp",1024,768,false],"newsup-medium":["https:\/\/imagazine.it\/wp-content\/uploads\/2024\/02\/53213-1-720x380.webp",720,380,true],"tptn_thumbnail":["https:\/\/imagazine.it\/wp-content\/uploads\/2024\/02\/53213-1.webp",250,188,false],"sow-carousel-default":["https:\/\/imagazine.it\/wp-content\/uploads\/2024\/02\/53213-1.webp",243,182,false]},"rttpg_author":{"display_name":"redazione","author_link":"https:\/\/imagazine.it\/home_desk\/author\/redazione\/"},"rttpg_comment":0,"rttpg_category":"<a href=\"https:\/\/imagazine.it\/home_desk\/category\/turismo\/\" rel=\"category tag\">TURISMO<\/a>","rttpg_excerpt":"Il ventesimo in regione gestito da PromoTurismo FVG. Esposti anche prodotti locali","_links":{"self":[{"href":"https:\/\/imagazine.it\/home_desk\/wp-json\/wp\/v2\/posts\/49249","targetHints":{"allow":["GET"]}}],"collection":[{"href":"https:\/\/imagazine.it\/home_desk\/wp-json\/wp\/v2\/posts"}],"about":[{"href":"https:\/\/imagazine.it\/home_desk\/wp-json\/wp\/v2\/types\/post"}],"author":[{"embeddable":true,"href":"https:\/\/imagazine.it\/home_desk\/wp-json\/wp\/v2\/users\/28"}],"replies":[{"embeddable":true,"href":"https:\/\/imagazine.it\/home_desk\/wp-json\/wp\/v2\/comments?post=49249"}],"version-history":[{"count":0,"href":"https:\/\/imagazine.it\/home_desk\/wp-json\/wp\/v2\/posts\/49249\/revisions"}],"wp:featuredmedia":[{"embeddable":true,"href":"https:\/\/imagazine.it\/home_desk\/wp-json\/wp\/v2\/media\/49250"}],"wp:attachment":[{"href":"https:\/\/imagazine.it\/home_desk\/wp-json\/wp\/v2\/media?parent=49249"}],"wp:term":[{"taxonomy":"category","embeddable":true,"href":"https:\/\/imagazine.it\/home_desk\/wp-json\/wp\/v2\/categories?post=49249"},{"taxonomy":"post_tag","embeddable":true,"href":"https:\/\/imagazine.it\/home_desk\/wp-json\/wp\/v2\/tags?post=49249"}],"curies":[{"name":"wp","href":"https:\/\/api.w.org\/{rel}","templated":true}]}}