{"id":49129,"date":"2023-05-15T00:00:00","date_gmt":"2023-05-14T22:00:00","guid":{"rendered":"https:\/\/imagazine.it\/cervignano-emanuele-battistella-presidente-del-ricreatorio\/"},"modified":"2023-05-15T00:00:00","modified_gmt":"2023-05-14T22:00:00","slug":"cervignano-emanuele-battistella-presidente-del-ricreatorio","status":"publish","type":"post","link":"https:\/\/imagazine.it\/home_desk\/cervignano-emanuele-battistella-presidente-del-ricreatorio\/","title":{"rendered":"Cervignano, Emanuele Battistella presidente del Ricreatorio"},"content":{"rendered":"<p> \tCERVIGNANO DEL FRIULI \u2013 <strong>Emanuele Battistella<\/strong> \u00e8 stato nominato presidente del <strong>Ricreatorio San Michele<\/strong>. Ha deciderlo \u00e8 stato il neoeletto Consiglio direttivo che, nel corso della prima seduta, ha distribuito anche le altre cariche sociali.<\/p>\n<p> \t<strong>David Politti<\/strong> \u00e8 stato nominato vicepresidente, <strong>Valentina Tufano<\/strong> sar\u00e0 la segretaria, <strong>Pierluigi Bernardis<\/strong> il tesoriere, <strong>don Mario Pulvirenti<\/strong> sar\u00e0 responsabile della progettualit\u00e0 educativa, <strong>Elia Ran\u00f9<\/strong> sar\u00e0 l\u2019incaricato del Gruppo Animatori e delle attivit\u00e0 ricreative, <strong>Gabriele Scolaro<\/strong> diriger\u00e0 i rapporti con le comunicazioni e con altri enti, <strong>Luca Tardivo<\/strong> \u00e8 il delegato dei rapporti con le associazioni, infine <strong>Maurizio Trevisan<\/strong> \u00e8 diventato il responsabile della struttura.<\/p>\n<p> \t<strong>Don Manuel Millo<\/strong>, come gi\u00e0 ha fatto con il precedente Direttivo, sar\u00e0 l\u2019assistente spirituale.<\/p>\n<p> \tNelle prossime settimane si concluder\u00e0 il passaggio di consegne con il consiglio uscente, ma \u00e8 gi\u00e0 iniziata l\u2019organizzazione del centro estivo \u201c<strong>Estate Insieme<\/strong>\u201d programmato per le ultime due settimane di agosto.<\/p>\n<p> \tContemporaneamente si lavorer\u00e0 sull\u2019agenda degli eventi del 2023 per rilanciare le attivit\u00e0 subito dopo l\u2019estate. L\u2019attenzione sar\u00e0 rivolta ai giovani di tutta l\u2019Unit\u00e0 Pastorale \u201cBassa Friulana\u201d, alle loro necessit\u00e0, alla crescita e alla loro formazione. Tutto questo andr\u00e0 ad affiancarsi alle attivit\u00e0 di Azione Cattolica, Scout e gruppi teatrali che storicamente animano gli spazi del Ricreatorio.<\/p>\n<p> \tIn particolare si sta avvicinando &#8220;<strong>OCE 2023<\/strong>&#8220;, l\u2019Operazione Campi Estivi organizzata da A.G.E.S.C.I. gruppo Cervignano 1, con una lotteria di autofinanziamento la cui estrazione si svolger\u00e0 in Teatro Sala Aurora il 17 giugno per sostenere le spese necessarie per i campi estivi. Contemporaneamente prosegue anche la macchina organizzativa dei campi estivi parrocchiali e dell\u2019Azione Cattolica Ragazzi.<\/p>\n<p> \t\u00a0<\/p>\n","protected":false},"excerpt":{"rendered":"<p>Succede a Christian Franetovich. Nuovo direttivo al lavoro per l&#8217;organizzazione di Estate Insieme. Attenzione rivolta ai giovani di tutta l\u2019Unit\u00e0 Pastorale \u201cBassa Friulana\u201d<\/p>\n","protected":false},"author":22,"featured_media":49130,"comment_status":"closed","ping_status":"closed","sticky":false,"template":"","format":"standard","meta":{"dwc-title":[],"dwc-content":[],"footnotes":""},"categories":[5],"tags":[],"class_list":["post-49129","post","type-post","status-publish","format-standard","has-post-thumbnail","hentry","category-attualita"],"rttpg_featured_image_url":{"full":["https:\/\/imagazine.it\/wp-content\/uploads\/2024\/02\/53030-1.webp",1000,794,false],"landscape":["https:\/\/imagazine.it\/wp-content\/uploads\/2024\/02\/53030-1.webp",1000,794,false],"portraits":["https:\/\/imagazine.it\/wp-content\/uploads\/2024\/02\/53030-1.webp",1000,794,false],"thumbnail":["https:\/\/imagazine.it\/wp-content\/uploads\/2024\/02\/53030-1-150x150.webp",150,150,true],"medium":["https:\/\/imagazine.it\/wp-content\/uploads\/2024\/02\/53030-1-300x238.webp",300,238,true],"large":["https:\/\/imagazine.it\/wp-content\/uploads\/2024\/02\/53030-1.webp",640,508,false],"thumblist":["https:\/\/imagazine.it\/wp-content\/uploads\/2024\/02\/53030-1-300x300.webp",300,300,true],"thumbrelated":["https:\/\/imagazine.it\/wp-content\/uploads\/2024\/02\/53030-1-500x500.webp",500,500,true],"meccarouselthumb":["https:\/\/imagazine.it\/wp-content\/uploads\/2024\/02\/53030-1-474x324.webp",474,324,true],"gridsquare":["https:\/\/imagazine.it\/wp-content\/uploads\/2024\/02\/53030-1-391x260.webp",391,260,true],"tileview":["https:\/\/imagazine.it\/wp-content\/uploads\/2024\/02\/53030-1-300x400.webp",300,400,true],"1536x1536":["https:\/\/imagazine.it\/wp-content\/uploads\/2024\/02\/53030-1.webp",1000,794,false],"2048x2048":["https:\/\/imagazine.it\/wp-content\/uploads\/2024\/02\/53030-1.webp",1000,794,false],"newsup-slider-full":["https:\/\/imagazine.it\/wp-content\/uploads\/2024\/02\/53030-1-1000x720.webp",1000,720,true],"newsup-featured":["https:\/\/imagazine.it\/wp-content\/uploads\/2024\/02\/53030-1.webp",1000,794,false],"newsup-medium":["https:\/\/imagazine.it\/wp-content\/uploads\/2024\/02\/53030-1-720x380.webp",720,380,true],"tptn_thumbnail":["https:\/\/imagazine.it\/wp-content\/uploads\/2024\/02\/53030-1.webp",250,199,false],"sow-carousel-default":["https:\/\/imagazine.it\/wp-content\/uploads\/2024\/02\/53030-1.webp",229,182,false]},"rttpg_author":{"display_name":"Livio Nonis","author_link":"https:\/\/imagazine.it\/home_desk\/author\/nonis\/"},"rttpg_comment":0,"rttpg_category":"<a href=\"https:\/\/imagazine.it\/home_desk\/category\/attualita\/\" rel=\"category tag\">ATTUALIT\u00c0<\/a>","rttpg_excerpt":"Succede a Christian Franetovich. Nuovo direttivo al lavoro per l'organizzazione di Estate Insieme. Attenzione rivolta ai giovani di tutta l\u2019Unit\u00e0 Pastorale \u201cBassa Friulana\u201d","_links":{"self":[{"href":"https:\/\/imagazine.it\/home_desk\/wp-json\/wp\/v2\/posts\/49129","targetHints":{"allow":["GET"]}}],"collection":[{"href":"https:\/\/imagazine.it\/home_desk\/wp-json\/wp\/v2\/posts"}],"about":[{"href":"https:\/\/imagazine.it\/home_desk\/wp-json\/wp\/v2\/types\/post"}],"author":[{"embeddable":true,"href":"https:\/\/imagazine.it\/home_desk\/wp-json\/wp\/v2\/users\/22"}],"replies":[{"embeddable":true,"href":"https:\/\/imagazine.it\/home_desk\/wp-json\/wp\/v2\/comments?post=49129"}],"version-history":[{"count":0,"href":"https:\/\/imagazine.it\/home_desk\/wp-json\/wp\/v2\/posts\/49129\/revisions"}],"wp:featuredmedia":[{"embeddable":true,"href":"https:\/\/imagazine.it\/home_desk\/wp-json\/wp\/v2\/media\/49130"}],"wp:attachment":[{"href":"https:\/\/imagazine.it\/home_desk\/wp-json\/wp\/v2\/media?parent=49129"}],"wp:term":[{"taxonomy":"category","embeddable":true,"href":"https:\/\/imagazine.it\/home_desk\/wp-json\/wp\/v2\/categories?post=49129"},{"taxonomy":"post_tag","embeddable":true,"href":"https:\/\/imagazine.it\/home_desk\/wp-json\/wp\/v2\/tags?post=49129"}],"curies":[{"name":"wp","href":"https:\/\/api.w.org\/{rel}","templated":true}]}}