{"id":49095,"date":"2023-05-10T00:00:00","date_gmt":"2023-05-09T22:00:00","guid":{"rendered":"https:\/\/imagazine.it\/dalle-bocce-al-basket-lo-sport-come-opportunita-di-inclusione\/"},"modified":"2023-05-10T00:00:00","modified_gmt":"2023-05-09T22:00:00","slug":"dalle-bocce-al-basket-lo-sport-come-opportunita-di-inclusione","status":"publish","type":"post","link":"https:\/\/imagazine.it\/home_desk\/dalle-bocce-al-basket-lo-sport-come-opportunita-di-inclusione\/","title":{"rendered":"Dalle bocce al basket, lo sport come opportunit\u00e0 di inclusione"},"content":{"rendered":"<p> \tCERVIGNANO DEL FRIULI \u2013 Il sodalizio tra i <strong>Veterani dello sport di Cervignano<\/strong> e lo staff e gli ospiti dei <strong>centri per l\u2019assistenza medica e psicopedagogica<\/strong> (CAMPP) della Bassa friulana vive e si rinnova continuamente da ormai diversi anni.<\/p>\n<p> \tL\u2019attivit\u00e0 \u00e8 ripresa dopo la sosta forzata dovuta alla pandemia e si \u00e8 arricchita di iniziative sia nel gruppo delle bocce che in quello del basket.<\/p>\n<p> \tIl <strong>gruppo dei bocciofili<\/strong>, seguito dai soci <strong>Pietro Vignola<\/strong> e <strong>Luigino Toffolo<\/strong>, si ritrova ogni gioved\u00ec presso il <strong>bocciodromo di Cervignano<\/strong>, gestito dalla locale associazione bocciofila. Dopo aver partecipato al torneo di Cussignacco, recentemente si sono ritrovati a Romas d\u2019Isonzo dove hanno dato sfoggio delle loro abilit\u00e0.<\/p>\n<p> \tIl <strong>gruppo del basket<\/strong> invece si ritrova ogni marted\u00ec nella <strong>palestra di Bagnaria Arsa<\/strong> sotto la guida del socio e gi\u00e0 presidente della sezione <strong>Roberto Tomat<\/strong>.<\/p>\n<p> \tIeri, nella stessa palestra, si \u00e8 svolta una manifestazione che ha coinvolto un gran numero di ospiti di questi centri in giochi e gare. Arbitro delle gare il socio <strong>Adriano Paliaga<\/strong> che, nel pomeriggio, insieme ad <strong>Alessandro Giusti<\/strong> si \u00e8 recato nella scuola primaria di Cervignano per proseguire l\u2019altra attivit\u00e0 della sezione in pieno svolgimento, quella legata al progetto \u201c<em>Il gioco leale<\/em>\u201d.<\/p>\n<p> \t\u201cUna grande emozione \u2013 sottolineano i Veterani dello sport \u2013 vedere questi atleti impegnati nelle loro attivit\u00e0. Hanno saputo offrire una grande dimostrazione di partecipazione sportiva all\u2019insegna di quello che si chiama \u201cfair play\u201d, del rispetto delle diversit\u00e0, dell\u2019inclusione sociale, dell\u2019amicizia sincera\u201d.<\/p>\n<p> \tAlla manifestazione hanno assistito anche la sindaca di Bagnaria Arsa, <strong>Elisa Pizzamiglio<\/strong>, l\u2019assessore allo sport dello stesso comune, <strong>Nicola Pellizzari<\/strong>, l\u2019assessore allo sport del comune di Cervignano, <strong>Giovanni Di Meglio<\/strong>, il vicepresidente del CAMPP, <strong>Mirto Scala<\/strong>, accompagnato dal consigliere <strong>Renato Bolzon<\/strong>. Alla fine della manifestazione una medaglia ricordo per tutti i partecipanti e per i loro educatori e assistenti.<\/p>\n<p> \tIl presidente della sezione, <strong>Giorgio Comisso<\/strong>, ha consegnato alla sindaca di Bagnaria Arsa una targa a ricordo della manifestazione ringraziandola, anche a nome dei centri CAMPP, \u201cper l\u2019ospitalit\u00e0, l\u2019accoglienza e per il sostegno suo e dell\u2019amministrazione comunale a questi importanti e significativi impegni di carattere sportivo e soprattutto sociale\u201d.<\/p>\n<p> \t\u00a0<\/p>\n","protected":false},"excerpt":{"rendered":"<p>Prosegue con successo il sodalizio tra i Veterani dello Sport di Cervignano e i centri per l\u2019assistenza medica e psicopedagogica della Bassa friulana<\/p>\n","protected":false},"author":12,"featured_media":49096,"comment_status":"closed","ping_status":"closed","sticky":false,"template":"","format":"standard","meta":{"dwc-title":[],"dwc-content":[],"footnotes":""},"categories":[6],"tags":[],"class_list":["post-49095","post","type-post","status-publish","format-standard","has-post-thumbnail","hentry","category-societa"],"rttpg_featured_image_url":{"full":["https:\/\/imagazine.it\/wp-content\/uploads\/2024\/02\/52976-1.webp",1000,667,false],"landscape":["https:\/\/imagazine.it\/wp-content\/uploads\/2024\/02\/52976-1.webp",1000,667,false],"portraits":["https:\/\/imagazine.it\/wp-content\/uploads\/2024\/02\/52976-1.webp",1000,667,false],"thumbnail":["https:\/\/imagazine.it\/wp-content\/uploads\/2024\/02\/52976-1-150x150.webp",150,150,true],"medium":["https:\/\/imagazine.it\/wp-content\/uploads\/2024\/02\/52976-1-300x200.webp",300,200,true],"large":["https:\/\/imagazine.it\/wp-content\/uploads\/2024\/02\/52976-1.webp",640,427,false],"thumblist":["https:\/\/imagazine.it\/wp-content\/uploads\/2024\/02\/52976-1-300x300.webp",300,300,true],"thumbrelated":["https:\/\/imagazine.it\/wp-content\/uploads\/2024\/02\/52976-1-500x500.webp",500,500,true],"meccarouselthumb":["https:\/\/imagazine.it\/wp-content\/uploads\/2024\/02\/52976-1-474x324.webp",474,324,true],"gridsquare":["https:\/\/imagazine.it\/wp-content\/uploads\/2024\/02\/52976-1-391x260.webp",391,260,true],"tileview":["https:\/\/imagazine.it\/wp-content\/uploads\/2024\/02\/52976-1-300x400.webp",300,400,true],"1536x1536":["https:\/\/imagazine.it\/wp-content\/uploads\/2024\/02\/52976-1.webp",1000,667,false],"2048x2048":["https:\/\/imagazine.it\/wp-content\/uploads\/2024\/02\/52976-1.webp",1000,667,false],"newsup-slider-full":["https:\/\/imagazine.it\/wp-content\/uploads\/2024\/02\/52976-1.webp",1000,667,false],"newsup-featured":["https:\/\/imagazine.it\/wp-content\/uploads\/2024\/02\/52976-1.webp",1000,667,false],"newsup-medium":["https:\/\/imagazine.it\/wp-content\/uploads\/2024\/02\/52976-1-720x380.webp",720,380,true],"tptn_thumbnail":["https:\/\/imagazine.it\/wp-content\/uploads\/2024\/02\/52976-1.webp",250,167,false],"sow-carousel-default":["https:\/\/imagazine.it\/wp-content\/uploads\/2024\/02\/52976-1.webp",272,182,false]},"rttpg_author":{"display_name":"Claudio Pizzin","author_link":"https:\/\/imagazine.it\/home_desk\/author\/pizzin\/"},"rttpg_comment":0,"rttpg_category":"<a href=\"https:\/\/imagazine.it\/home_desk\/category\/societa\/\" rel=\"category tag\">SOCIET\u00c0<\/a>","rttpg_excerpt":"Prosegue con successo il sodalizio tra i Veterani dello Sport di Cervignano e i centri per l\u2019assistenza medica e psicopedagogica della Bassa friulana","_links":{"self":[{"href":"https:\/\/imagazine.it\/home_desk\/wp-json\/wp\/v2\/posts\/49095","targetHints":{"allow":["GET"]}}],"collection":[{"href":"https:\/\/imagazine.it\/home_desk\/wp-json\/wp\/v2\/posts"}],"about":[{"href":"https:\/\/imagazine.it\/home_desk\/wp-json\/wp\/v2\/types\/post"}],"author":[{"embeddable":true,"href":"https:\/\/imagazine.it\/home_desk\/wp-json\/wp\/v2\/users\/12"}],"replies":[{"embeddable":true,"href":"https:\/\/imagazine.it\/home_desk\/wp-json\/wp\/v2\/comments?post=49095"}],"version-history":[{"count":0,"href":"https:\/\/imagazine.it\/home_desk\/wp-json\/wp\/v2\/posts\/49095\/revisions"}],"wp:featuredmedia":[{"embeddable":true,"href":"https:\/\/imagazine.it\/home_desk\/wp-json\/wp\/v2\/media\/49096"}],"wp:attachment":[{"href":"https:\/\/imagazine.it\/home_desk\/wp-json\/wp\/v2\/media?parent=49095"}],"wp:term":[{"taxonomy":"category","embeddable":true,"href":"https:\/\/imagazine.it\/home_desk\/wp-json\/wp\/v2\/categories?post=49095"},{"taxonomy":"post_tag","embeddable":true,"href":"https:\/\/imagazine.it\/home_desk\/wp-json\/wp\/v2\/tags?post=49095"}],"curies":[{"name":"wp","href":"https:\/\/api.w.org\/{rel}","templated":true}]}}