{"id":49063,"date":"2023-04-27T00:00:00","date_gmt":"2023-04-26T22:00:00","guid":{"rendered":"https:\/\/imagazine.it\/la-grado-mitteleuropea-svelata-a-bruxelles\/"},"modified":"2023-04-27T00:00:00","modified_gmt":"2023-04-26T22:00:00","slug":"la-grado-mitteleuropea-svelata-a-bruxelles","status":"publish","type":"post","link":"https:\/\/imagazine.it\/home_desk\/la-grado-mitteleuropea-svelata-a-bruxelles\/","title":{"rendered":"La Grado mitteleuropea svelata a Bruxelles"},"content":{"rendered":"<p> \tBRUXELLES \u2013 Il circolo di Bruxelles dell\u2019<strong>Associazione<\/strong> <strong>Giuliani nel Mondo<\/strong> ha organizzato la conferenza della professoressa <strong>Marina Bressan<\/strong> dal titolo \u201c<em>Grado Microcosmo della Mitteleuropa<\/em>\u201d al Press Club Europe.<\/p>\n<p> \tLa conferenza \u00e8 stata aperta dai saluti istituzionali di <strong>Martina Rattinger<\/strong> in rappresentanza della regione Carinzia (Land K\u00e4rnten) e di <strong>Gino Cormons<\/strong> della Regione Friuli Venezia Giulia, i quali hanno ricordato i profondi legami culturali oltre che istituzionali tra le due regioni.<\/p>\n<p> \tNella sua conferenza, Bressan ha ripercorso i momenti pi\u00f9 importanti della storia contemporanea di Grado che, da antichissimo villaggio per lo pi\u00f9 di pescatori, dove la vita era racchiusa in un \u201ccastrum\u201d di calli, divent\u00f2 sotto l\u2019amministrazione austriaca la spiaggia pi\u00f9 amata della monarchia austro-ungarica.<\/p>\n<p> \tSotto l\u2019amministrazione austriaca inizi\u00f2 infatti per Grado un nuovo periodo di prosperit\u00e0, favorito da una sapiente politica salutistica avviata nell\u2019Ospizio Marino, culminato nell\u2019assegnazione dell\u2019ambito titolo di Kurort (localit\u00e0 di cura) e sostenuto dalla rete ferroviaria.<\/p>\n<p> \tUna volta divenuta italiana, Grado seppe superare le difficolt\u00e0 dovute al cambio di amministrazione e alla frammentazione del vecchio Impero in nuovi stati, e consolid\u00f2 il suo ruolo di importante centro turistico della regione giuliana e di tutta la nuova Europa centrale.<\/p>\n<p> \tNel decennio successivo Grado si conferm\u00f2 luogo di villeggiatura alla moda non solo di stranieri, ma anche di italiani, e si apr\u00ec a un turismo non pi\u00f9 solamente elitario, ma che coinvolgeva gran parte della popolazione, favorito anche dalla costruzione del ponte che la collegava alla terraferma. A partire dagli Anni Cinquanta Grado si espanse ulteriormente attraverso nuove colate e divent\u00f2 luogo di villeggiatura di tutti nonch\u00e9 meta preferita di gitanti domenicali.<\/p>\n<p> \tBressan ha corredato la sua presentazione con foto storiche, nonch\u00e9 con la lettura di testi di Biagio Marin e di articoli di giornali dell\u2019epoca, che hanno illustrato al pubblico e reso chiara le trasformazioni di Grado nel periodo sopracitato.<\/p>\n<p> \tNella prima parte della conferenza, Bressan si \u00e8 soffermata sulle foto della Grado austriaca di inizio secolo dove erano sorti alberghi, hotel, impianti talassoterapici, costruite <em>promenade<\/em>, viali, nuovi stabilimenti bagni per garantire all\u2019ospite ogni comodit\u00e0.<\/p>\n<p> \tAmpio approfondimento \u00e8 stato dato alla figura del pittore Josef Maria Auchentaller e della moglie Emma che hanno trasformato Grado in un cenacolo operoso di pittori, artisti e architetti secessionisti, insomma in una piccola Vienna mondana.<\/p>\n<p> \tNella seconda parte della conferenza Bressan ha mostrato al pubblico i pi\u00f9 iconici manifesti pubblicitari di Grado, da quelli di impronta secessionista di Josef Maria Auchentaller a quelli simbolo degli anni trenta come il celebre \u201cEstasi in laguna\u201d di Marcello Dudovich.<\/p>\n<p> \tLa conferenza si \u00e8 infine conclusa con un momento conviviale con dei prodotti enogastronomici regionali.<\/p>\n<p> \t\u201cLa conferenza \u2013 ha commentato il segretario del circolo, <strong>Antonio Pavanello<\/strong> \u2013 ha visto un ampio pubblico tra cui numerosi ospiti esterni, anche provenienti delle istituzioni europee, spinti dalla curiosit\u00e0 per Grado, oltre ai soci del circolo. La conferenza \u00e8 stata apprezzata molto dal pubblico, sia per i ricchi contenuti che per lo stile accattivante della professoressa Bressan\u201d.<\/p>\n","protected":false},"excerpt":{"rendered":"<p>Successo di pubblico e di critica per l&#8217;evento organizzato dall&#8217;Associazione Giuliani nel Mondo<\/p>\n","protected":false},"author":28,"featured_media":49064,"comment_status":"closed","ping_status":"closed","sticky":false,"template":"","format":"standard","meta":{"dwc-title":[],"dwc-content":[],"footnotes":""},"categories":[37],"tags":[],"class_list":["post-49063","post","type-post","status-publish","format-standard","has-post-thumbnail","hentry","category-cultura-e-spettacolo"],"rttpg_featured_image_url":{"full":["https:\/\/imagazine.it\/wp-content\/uploads\/2024\/02\/52925-1.webp",1000,640,false],"landscape":["https:\/\/imagazine.it\/wp-content\/uploads\/2024\/02\/52925-1.webp",1000,640,false],"portraits":["https:\/\/imagazine.it\/wp-content\/uploads\/2024\/02\/52925-1.webp",1000,640,false],"thumbnail":["https:\/\/imagazine.it\/wp-content\/uploads\/2024\/02\/52925-1-150x150.webp",150,150,true],"medium":["https:\/\/imagazine.it\/wp-content\/uploads\/2024\/02\/52925-1-300x192.webp",300,192,true],"large":["https:\/\/imagazine.it\/wp-content\/uploads\/2024\/02\/52925-1.webp",640,410,false],"thumblist":["https:\/\/imagazine.it\/wp-content\/uploads\/2024\/02\/52925-1-300x300.webp",300,300,true],"thumbrelated":["https:\/\/imagazine.it\/wp-content\/uploads\/2024\/02\/52925-1-500x500.webp",500,500,true],"meccarouselthumb":["https:\/\/imagazine.it\/wp-content\/uploads\/2024\/02\/52925-1-474x324.webp",474,324,true],"gridsquare":["https:\/\/imagazine.it\/wp-content\/uploads\/2024\/02\/52925-1-391x260.webp",391,260,true],"tileview":["https:\/\/imagazine.it\/wp-content\/uploads\/2024\/02\/52925-1-300x400.webp",300,400,true],"1536x1536":["https:\/\/imagazine.it\/wp-content\/uploads\/2024\/02\/52925-1.webp",1000,640,false],"2048x2048":["https:\/\/imagazine.it\/wp-content\/uploads\/2024\/02\/52925-1.webp",1000,640,false],"newsup-slider-full":["https:\/\/imagazine.it\/wp-content\/uploads\/2024\/02\/52925-1.webp",1000,640,false],"newsup-featured":["https:\/\/imagazine.it\/wp-content\/uploads\/2024\/02\/52925-1.webp",1000,640,false],"newsup-medium":["https:\/\/imagazine.it\/wp-content\/uploads\/2024\/02\/52925-1-720x380.webp",720,380,true],"tptn_thumbnail":["https:\/\/imagazine.it\/wp-content\/uploads\/2024\/02\/52925-1.webp",250,160,false],"sow-carousel-default":["https:\/\/imagazine.it\/wp-content\/uploads\/2024\/02\/52925-1.webp",272,174,false]},"rttpg_author":{"display_name":"redazione","author_link":"https:\/\/imagazine.it\/home_desk\/author\/redazione\/"},"rttpg_comment":0,"rttpg_category":"<a href=\"https:\/\/imagazine.it\/home_desk\/category\/cultura-e-spettacolo\/\" rel=\"category tag\">CULTURA&amp;SPETTACOLO<\/a>","rttpg_excerpt":"Successo di pubblico e di critica per l'evento organizzato dall'Associazione Giuliani nel Mondo","_links":{"self":[{"href":"https:\/\/imagazine.it\/home_desk\/wp-json\/wp\/v2\/posts\/49063","targetHints":{"allow":["GET"]}}],"collection":[{"href":"https:\/\/imagazine.it\/home_desk\/wp-json\/wp\/v2\/posts"}],"about":[{"href":"https:\/\/imagazine.it\/home_desk\/wp-json\/wp\/v2\/types\/post"}],"author":[{"embeddable":true,"href":"https:\/\/imagazine.it\/home_desk\/wp-json\/wp\/v2\/users\/28"}],"replies":[{"embeddable":true,"href":"https:\/\/imagazine.it\/home_desk\/wp-json\/wp\/v2\/comments?post=49063"}],"version-history":[{"count":0,"href":"https:\/\/imagazine.it\/home_desk\/wp-json\/wp\/v2\/posts\/49063\/revisions"}],"wp:featuredmedia":[{"embeddable":true,"href":"https:\/\/imagazine.it\/home_desk\/wp-json\/wp\/v2\/media\/49064"}],"wp:attachment":[{"href":"https:\/\/imagazine.it\/home_desk\/wp-json\/wp\/v2\/media?parent=49063"}],"wp:term":[{"taxonomy":"category","embeddable":true,"href":"https:\/\/imagazine.it\/home_desk\/wp-json\/wp\/v2\/categories?post=49063"},{"taxonomy":"post_tag","embeddable":true,"href":"https:\/\/imagazine.it\/home_desk\/wp-json\/wp\/v2\/tags?post=49063"}],"curies":[{"name":"wp","href":"https:\/\/api.w.org\/{rel}","templated":true}]}}