{"id":48995,"date":"2023-04-28T00:00:00","date_gmt":"2023-04-27T22:00:00","guid":{"rendered":"https:\/\/imagazine.it\/trieste-omaggia-miro\/"},"modified":"2023-04-28T00:00:00","modified_gmt":"2023-04-27T22:00:00","slug":"trieste-omaggia-miro","status":"publish","type":"post","link":"https:\/\/imagazine.it\/home_desk\/trieste-omaggia-miro\/","title":{"rendered":"Trieste omaggia Mir\u00f2"},"content":{"rendered":"<p> \tTRIESTE \u2013 La <u><a href=\"https:\/\/www.imagazine.it\/eventi\/omaggio-a-miro\" target=\"_blank\" rel=\"noopener\"><span style=\"color:#0000cd;\">mostra \u201cOmaggio a Mir\u00f3\u201d<\/span><\/a><\/u>, presentata a Trieste in anteprima alla stampa in vista dell\u2019apertura al pubblico sabato 29 aprile al <strong>Civico Museo Revoltella \u2013 Galleria d\u2019Arte Moderna<\/strong>, si articola in una serie di sezioni che raccontano il percorso del grande artista surrealista con il suo mondo interiore, delineato da <strong>Achille Bonito Oliva<\/strong>, fra i maggiori e pi\u00f9 stimati critici d\u2019arte italiani, insieme a <strong>Ma\u00efth\u00e9 Vall\u00e8s-Bled<\/strong> (gi\u00e0 direttrice di musei francesi) e a <strong>Vincenzo Sanfo<\/strong>, esperto d\u2019arte e organizzatore di grandi mostre internazionali.<\/p>\n<p> \t\u201cLa mostra a Trieste \u2013 ha sottolineato <strong>Vincenzo Sanfo<\/strong> illustrando le opere esposte \u2013 non \u00e8 una mostra di giro, ma \u00e8 stata pensata e realizzata appositamente per l\u2019occasione e calibrata su misura per gli spazi del Revoltella, museo a cui sono particolarmente affezionato e dove ritorno sempre con grande piacere. Inserito nel contesto dei surrealisti. Mir\u00f2 \u00e8 il meno surrealista dei suoi compagni di strada, essendo lontano da quei rimandi al sesso, alla stravaganza t<em>out-court<\/em>, al desiderio di stupire tipico del mondo surrealista. Una rilettura pi\u00f9 attenta e aggiornata pu\u00f2 invece collocarlo in quell\u2019universo attraversato dai gesti pittorici di Pollock, dalle visioni intellettuali di Wols o dalle espressioni liricamente poetiche di Klee. La rassegna espositiva vuole dare spazio quindi non solo alla gioia di attraversare un modo di vivere l\u2019arte in maniera intellettualmente ludica, ma pu\u00f2 anche far riflettere sulla giusta collocazione di Mir\u00f2 nella storia dell\u2019arte\u201d.<\/p>\n<p> \t\u201cIl Museo Revoltella \u2013 ha dichiarato l\u2019assessore alle Politiche della Cultura e del Turismo del Comune di Trieste, <strong>Giorgio Rossi <\/strong>\u2013 offre un&#8217;altra perla culturale attraverso l&#8217;esposizione delle opere di Mir\u00f3. Chi visiter\u00e0 la mostra avr\u00e0 l\u2019opportunit\u00e0 di apprezzare gratuitamente anche le restanti sale dello storico museo triestino\u201d.<\/p>\n<p> \tAlla presentazione \u00e8 intervenuto anche <strong>Salvatore Lacagnina<\/strong> di Navigare Srl, azienda che ha prodotto mostra.<\/p>\n<p> \t<u><a href=\"https:\/\/www.imagazine.it\/eventi\/omaggio-a-miro\" target=\"_blank\" rel=\"noopener\"><span style=\"color:#0000cd;\">Clicca qui per scoprire tutti i dettagli dell&#8217;esposizione<\/span><\/a><\/u><\/p>\n<p> \t\u00a0<\/p>\n","protected":false},"excerpt":{"rendered":"<p>Fino a settembre esposte al Revoltella un&#8217;ottantina di opere del grande artista surrealista<\/p>\n","protected":false},"author":28,"featured_media":48996,"comment_status":"closed","ping_status":"closed","sticky":false,"template":"","format":"standard","meta":{"dwc-title":[],"dwc-content":[],"footnotes":""},"categories":[37],"tags":[],"class_list":["post-48995","post","type-post","status-publish","format-standard","has-post-thumbnail","hentry","category-cultura-e-spettacolo"],"rttpg_featured_image_url":{"full":["https:\/\/imagazine.it\/wp-content\/uploads\/2024\/02\/52820-1.webp",1000,666,false],"landscape":["https:\/\/imagazine.it\/wp-content\/uploads\/2024\/02\/52820-1.webp",1000,666,false],"portraits":["https:\/\/imagazine.it\/wp-content\/uploads\/2024\/02\/52820-1.webp",1000,666,false],"thumbnail":["https:\/\/imagazine.it\/wp-content\/uploads\/2024\/02\/52820-1-150x150.webp",150,150,true],"medium":["https:\/\/imagazine.it\/wp-content\/uploads\/2024\/02\/52820-1-300x200.webp",300,200,true],"large":["https:\/\/imagazine.it\/wp-content\/uploads\/2024\/02\/52820-1.webp",640,426,false],"thumblist":["https:\/\/imagazine.it\/wp-content\/uploads\/2024\/02\/52820-1-300x300.webp",300,300,true],"thumbrelated":["https:\/\/imagazine.it\/wp-content\/uploads\/2024\/02\/52820-1-500x500.webp",500,500,true],"meccarouselthumb":["https:\/\/imagazine.it\/wp-content\/uploads\/2024\/02\/52820-1-474x324.webp",474,324,true],"gridsquare":["https:\/\/imagazine.it\/wp-content\/uploads\/2024\/02\/52820-1-391x260.webp",391,260,true],"tileview":["https:\/\/imagazine.it\/wp-content\/uploads\/2024\/02\/52820-1-300x400.webp",300,400,true],"1536x1536":["https:\/\/imagazine.it\/wp-content\/uploads\/2024\/02\/52820-1.webp",1000,666,false],"2048x2048":["https:\/\/imagazine.it\/wp-content\/uploads\/2024\/02\/52820-1.webp",1000,666,false],"newsup-slider-full":["https:\/\/imagazine.it\/wp-content\/uploads\/2024\/02\/52820-1.webp",1000,666,false],"newsup-featured":["https:\/\/imagazine.it\/wp-content\/uploads\/2024\/02\/52820-1.webp",1000,666,false],"newsup-medium":["https:\/\/imagazine.it\/wp-content\/uploads\/2024\/02\/52820-1-720x380.webp",720,380,true],"tptn_thumbnail":["https:\/\/imagazine.it\/wp-content\/uploads\/2024\/02\/52820-1.webp",250,167,false],"sow-carousel-default":["https:\/\/imagazine.it\/wp-content\/uploads\/2024\/02\/52820-1.webp",272,182,false]},"rttpg_author":{"display_name":"redazione","author_link":"https:\/\/imagazine.it\/home_desk\/author\/redazione\/"},"rttpg_comment":0,"rttpg_category":"<a href=\"https:\/\/imagazine.it\/home_desk\/category\/cultura-e-spettacolo\/\" rel=\"category tag\">CULTURA&amp;SPETTACOLO<\/a>","rttpg_excerpt":"Fino a settembre esposte al Revoltella un'ottantina di opere del grande artista surrealista","_links":{"self":[{"href":"https:\/\/imagazine.it\/home_desk\/wp-json\/wp\/v2\/posts\/48995","targetHints":{"allow":["GET"]}}],"collection":[{"href":"https:\/\/imagazine.it\/home_desk\/wp-json\/wp\/v2\/posts"}],"about":[{"href":"https:\/\/imagazine.it\/home_desk\/wp-json\/wp\/v2\/types\/post"}],"author":[{"embeddable":true,"href":"https:\/\/imagazine.it\/home_desk\/wp-json\/wp\/v2\/users\/28"}],"replies":[{"embeddable":true,"href":"https:\/\/imagazine.it\/home_desk\/wp-json\/wp\/v2\/comments?post=48995"}],"version-history":[{"count":0,"href":"https:\/\/imagazine.it\/home_desk\/wp-json\/wp\/v2\/posts\/48995\/revisions"}],"wp:featuredmedia":[{"embeddable":true,"href":"https:\/\/imagazine.it\/home_desk\/wp-json\/wp\/v2\/media\/48996"}],"wp:attachment":[{"href":"https:\/\/imagazine.it\/home_desk\/wp-json\/wp\/v2\/media?parent=48995"}],"wp:term":[{"taxonomy":"category","embeddable":true,"href":"https:\/\/imagazine.it\/home_desk\/wp-json\/wp\/v2\/categories?post=48995"},{"taxonomy":"post_tag","embeddable":true,"href":"https:\/\/imagazine.it\/home_desk\/wp-json\/wp\/v2\/tags?post=48995"}],"curies":[{"name":"wp","href":"https:\/\/api.w.org\/{rel}","templated":true}]}}