{"id":48987,"date":"2023-04-27T00:00:00","date_gmt":"2023-04-26T22:00:00","guid":{"rendered":"https:\/\/imagazine.it\/monfalcone-nuovo-futuro-per-la-cavana\/"},"modified":"2023-04-27T00:00:00","modified_gmt":"2023-04-26T22:00:00","slug":"monfalcone-nuovo-futuro-per-la-cavana","status":"publish","type":"post","link":"https:\/\/imagazine.it\/home_desk\/monfalcone-nuovo-futuro-per-la-cavana\/","title":{"rendered":"Monfalcone, nuovo futuro per la Cavana"},"content":{"rendered":"<p> \tMONFALCONE \u2013 Il Comune di Monfalcone ha ottenuto <strong>quasi 240mila euro<\/strong> da destinare alla <strong>valorizzazione della Cavana<\/strong> grazie all\u2019approvazione di due nuovi progetti europei che consentiranno di migliorare la tutela dell\u2019area naturalistica e di realizzare un percorso ecologico didattico.\u00a0<\/p>\n<p> \tSi tratta dei primi risultati della <strong>nuova programmazione comunitaria<\/strong>: negli ultimi 4 mesi il Comune ha partecipato a 9 bandi, 7 dei quali ancora in valutazione, e un nuovo ulteriore progetto sta per essere presentato a giorni. L\u2019aspettativa \u00e8 quella di ripetere l\u2019esperienza degli ultimi 6 anni che ha portato nelle casse del Comune 3 milioni e 529mila euro. Le due nuove iniziative sono la capitalizzazione dei risultati di Eco-Smart, chiuso da poche settimane, che per il suo valore era stato \u201cpremiato\u201d in fase di attuazione con 27mila euro aggiuntivi che hanno portato il budget da 117mila a oltre 144mila euro.\u00a0<\/p>\n<p> \t\u201cQuando ho fatto il primo sopralluogo nell\u2019area Cavana \u2013 afferma il sindaco <strong>Anna Maria Cisint<\/strong> \u2013 sono rimasta sconcertata dal degrado dovuto a tanti anni di abbandono: immondizie, barche semiaffondate, nessuna cartellonistica per illustrare un patrimonio ambientale straordinario di oltre 130 ettari, la met\u00e0 dei quali ubicati nella zona denominata Schiavetti, la pi\u00f9 suggestiva ma anche la pi\u00f9 trascurata e danneggiata. Area che, tra l\u2019altro, si colloca all\u2019interno di un comprensorio in pieno sviluppo, con Marina Nova, il centro velico della Red Bull e le ulteriori trasformazioni in corso a Marina Julia, e per questo richiede particolare attenzione. Con il precedente progetto europeo abbiamo puntato alla quantificazione della vulnerabilit\u00e0 ai cambiamenti climatici nell\u2019ambito costiero. Ci proponiamo ora di proseguire la tutela e la sua valorizzazione nel pi\u00f9 rigoroso rispetto naturalistico\u201d.\u00a0<\/p>\n<p> \tI due nuovi progetti hanno l\u2019acronimo <em>Eco2Smart<\/em> e <em>Grennat<\/em> e si sono collocati, nel loro filone d\u2019intervento, rispettivamente al secondo e al terzo posto in graduatoria. Entrambi si basano sulle direttive europee per migliorare lo stato della biodiversit\u00e0 e le condizioni delle specie e degli stati di habitat nella Rete Natura 2000.\u00a0<\/p>\n<p> \tNel primo caso il Comune di Monfalcone, assieme a quello di Capodistria, si far\u00e0 carico di una <strong>campagna informativa e educativa<\/strong>. Avr\u00e0 il compito, infatti, di coordinare le azioni di formazione mettendo a disposizione le proprie competenze acquisite nei precedenti progetti europei e le buone pratiche di protezione ambientale, realizzando anche un catalogo digitale per promuoverne la sensibilizzazione. Saranno attuati <strong>due eventi formativi per insegnanti<\/strong> degli istituti scolastici di formazione secondaria di primo e secondo grado sul tema delle misure di adattamento ai cambiamenti climatici per fornire loro strumenti didattici e sar\u00e0 organizzato un importante meeting tematico conclusivo. Il budget a disposizione sar\u00e0 di 98mila euro.\u00a0\u00a0<\/p>\n<p> \tIl progetto <em>Grennat<\/em>, nel quale il Comune \u00e8 partner con quello di Nova Gorica, prevede, invece, la <strong>progettazione di un percorso didattico-naturalistico<\/strong> con la installazione di cartelloni che consentiranno di far apprezzare le specie vegetali e animali da proteggere. Saranno inoltre valutate le misure da intraprendere per la conservazione della biodiversit\u00e0 e sviluppato un <em>Infopoint Natura 2000<\/em>, che integrandosi con il nuovo sistema \u201c<em>Visit Monfalcone<\/em>\u201d potr\u00e0 promuovere il rispetto e la conoscenza di questa parte del territorio. L\u2019amministrazione potr\u00e0 contare in questo caso su un finanziamento di 130mila euro.<\/p>\n<p> \tIl filone della sostenibilit\u00e0, tema centrale della nuova programmazione europea 2021-2027, \u00e8 al centro delle altre progettualit\u00e0 a cui partecipa il Comune che sono in fase di valutazione. Due di queste riguardano le tematiche del progetto <em>Saspas<\/em>, che ha gi\u00e0 realizzato una prateria di fanerogame al confine con il lido di Staranzano per il ripopolamento delle specie marine e il contrasto dell\u2019erosione dei fondali, nonch\u00e9 l\u2019innovativa rete di boe ecologiche, che &#8211; peraltro &#8211; saranno nuovamente risistemate a inizio della stagione estiva.<\/p>\n<p> \tSu questi stessi aspetti, l\u2019ente parteciper\u00e0 anche al nuovo bando Adrion che si chiude a giugno, per affermare il proprio ruolo di avanguardia nella tutela e rigenerazione dell\u2019Adriatico. Una delle nuove proposte presentate, invece, vuole rimarcare la vocazione turistica cittadina con la creazione di un asse ciclabile fra Monfalcone, Merano e Salisburgo. Sulla stessa linea anche la proposta di valorizzare il percorso fra la nostra citt\u00e0 e Caporetto, realizzando un parco di scultura nei luoghi della Grande Guerra guardando all\u2019appuntamento del 2025 con la Capitale europea della Cultura.<\/p>\n<p> \t\u00a0<\/p>\n","protected":false},"excerpt":{"rendered":"<p>In arrivo quasi 240.000 euro per la valorizzazione dell\u2019area naturalistica<\/p>\n","protected":false},"author":28,"featured_media":48988,"comment_status":"closed","ping_status":"closed","sticky":false,"template":"","format":"standard","meta":{"dwc-title":[],"dwc-content":[],"footnotes":""},"categories":[5],"tags":[],"class_list":["post-48987","post","type-post","status-publish","format-standard","has-post-thumbnail","hentry","category-attualita"],"rttpg_featured_image_url":{"full":["https:\/\/imagazine.it\/wp-content\/uploads\/2024\/02\/52809-1.webp",1000,667,false],"landscape":["https:\/\/imagazine.it\/wp-content\/uploads\/2024\/02\/52809-1.webp",1000,667,false],"portraits":["https:\/\/imagazine.it\/wp-content\/uploads\/2024\/02\/52809-1.webp",1000,667,false],"thumbnail":["https:\/\/imagazine.it\/wp-content\/uploads\/2024\/02\/52809-1-150x150.webp",150,150,true],"medium":["https:\/\/imagazine.it\/wp-content\/uploads\/2024\/02\/52809-1-300x200.webp",300,200,true],"large":["https:\/\/imagazine.it\/wp-content\/uploads\/2024\/02\/52809-1.webp",640,427,false],"thumblist":["https:\/\/imagazine.it\/wp-content\/uploads\/2024\/02\/52809-1-300x300.webp",300,300,true],"thumbrelated":["https:\/\/imagazine.it\/wp-content\/uploads\/2024\/02\/52809-1-500x500.webp",500,500,true],"meccarouselthumb":["https:\/\/imagazine.it\/wp-content\/uploads\/2024\/02\/52809-1-474x324.webp",474,324,true],"gridsquare":["https:\/\/imagazine.it\/wp-content\/uploads\/2024\/02\/52809-1-391x260.webp",391,260,true],"tileview":["https:\/\/imagazine.it\/wp-content\/uploads\/2024\/02\/52809-1-300x400.webp",300,400,true],"1536x1536":["https:\/\/imagazine.it\/wp-content\/uploads\/2024\/02\/52809-1.webp",1000,667,false],"2048x2048":["https:\/\/imagazine.it\/wp-content\/uploads\/2024\/02\/52809-1.webp",1000,667,false],"newsup-slider-full":["https:\/\/imagazine.it\/wp-content\/uploads\/2024\/02\/52809-1.webp",1000,667,false],"newsup-featured":["https:\/\/imagazine.it\/wp-content\/uploads\/2024\/02\/52809-1.webp",1000,667,false],"newsup-medium":["https:\/\/imagazine.it\/wp-content\/uploads\/2024\/02\/52809-1-720x380.webp",720,380,true],"tptn_thumbnail":["https:\/\/imagazine.it\/wp-content\/uploads\/2024\/02\/52809-1.webp",250,167,false],"sow-carousel-default":["https:\/\/imagazine.it\/wp-content\/uploads\/2024\/02\/52809-1.webp",272,182,false]},"rttpg_author":{"display_name":"redazione","author_link":"https:\/\/imagazine.it\/home_desk\/author\/redazione\/"},"rttpg_comment":0,"rttpg_category":"<a href=\"https:\/\/imagazine.it\/home_desk\/category\/attualita\/\" rel=\"category tag\">ATTUALIT\u00c0<\/a>","rttpg_excerpt":"In arrivo quasi 240.000 euro per la valorizzazione dell\u2019area naturalistica","_links":{"self":[{"href":"https:\/\/imagazine.it\/home_desk\/wp-json\/wp\/v2\/posts\/48987","targetHints":{"allow":["GET"]}}],"collection":[{"href":"https:\/\/imagazine.it\/home_desk\/wp-json\/wp\/v2\/posts"}],"about":[{"href":"https:\/\/imagazine.it\/home_desk\/wp-json\/wp\/v2\/types\/post"}],"author":[{"embeddable":true,"href":"https:\/\/imagazine.it\/home_desk\/wp-json\/wp\/v2\/users\/28"}],"replies":[{"embeddable":true,"href":"https:\/\/imagazine.it\/home_desk\/wp-json\/wp\/v2\/comments?post=48987"}],"version-history":[{"count":0,"href":"https:\/\/imagazine.it\/home_desk\/wp-json\/wp\/v2\/posts\/48987\/revisions"}],"wp:featuredmedia":[{"embeddable":true,"href":"https:\/\/imagazine.it\/home_desk\/wp-json\/wp\/v2\/media\/48988"}],"wp:attachment":[{"href":"https:\/\/imagazine.it\/home_desk\/wp-json\/wp\/v2\/media?parent=48987"}],"wp:term":[{"taxonomy":"category","embeddable":true,"href":"https:\/\/imagazine.it\/home_desk\/wp-json\/wp\/v2\/categories?post=48987"},{"taxonomy":"post_tag","embeddable":true,"href":"https:\/\/imagazine.it\/home_desk\/wp-json\/wp\/v2\/tags?post=48987"}],"curies":[{"name":"wp","href":"https:\/\/api.w.org\/{rel}","templated":true}]}}