{"id":48971,"date":"2023-04-24T00:00:00","date_gmt":"2023-04-23T22:00:00","guid":{"rendered":"https:\/\/imagazine.it\/muggia-in-arrivo-la-tassa-di-soggiorno\/"},"modified":"2023-04-24T00:00:00","modified_gmt":"2023-04-23T22:00:00","slug":"muggia-in-arrivo-la-tassa-di-soggiorno","status":"publish","type":"post","link":"https:\/\/imagazine.it\/home_desk\/muggia-in-arrivo-la-tassa-di-soggiorno\/","title":{"rendered":"Muggia, in arrivo la tassa di soggiorno"},"content":{"rendered":"<p> \tMUGGIA \u2013 Il Comune di Muggia punta a introdurre a breve la <strong>tassa di soggiorno<\/strong>. Dopo il via libera della giunta, la novit\u00e0 approder\u00e0 in consiglio comunale mercoled\u00ec 26 aprile.<\/p>\n<p> \tGi\u00e0 incontrati gli operatori del settore, insieme a Federalberghi Trieste, associazione aderente a Confcommercio. Gli introiti verranno reinvestiti sulla citt\u00e0, in termini di promozione e valorizzazione del territorio.\u00a0<\/p>\n<p> \tIl regolamento, di cui si discuter\u00e0 in consiglio comunale, prevede diverse tariffe, in base alla tipologia della struttura ricettiva, con una particolare disciplina per campeggi e marina resort, che fanno parte delle realt\u00e0 attive a Muggia.\u00a0<\/p>\n<p> \tFederalberghi, con il presidente provinciale <strong>Guerrino Lanci<\/strong>, insieme al Comune, ha gi\u00e0 incontrato in diverse occasioni titolari di hotel, case vacanza e altre soluzioni presenti, per rispondere alle domande degli imprenditori del settore e per illustrare le modalit\u00e0 di gestione della tassa e i software necessari per attivare i meccanismi di pagamento, e per portare all&#8217;attenzione del Comune le proposte degli operatori.<\/p>\n<p> \tTutto sar\u00e0 finalizzato nei prossimi mesi. L\u2019obiettivo \u00e8 di <strong>partire con l\u2019imposta nella prima settimana di giugno<\/strong>.<\/p>\n<p> \t\u201cMuggia \u2013 afferma il sindaco <strong>Paolo Polidori<\/strong> \u2013 possiede, nello sviluppo del settore turistico, delle enormi potenzialit\u00e0. Attraverso l\u2019introduzione dell\u2019imposta daranno al Comune la possibilit\u00e0 di sfruttarle al meglio per migliorare e rafforzare i prodotti turistici del territorio, e quindi, attraverso gli investimenti conseguenti agli introiti, per rendere ancora pi\u00f9 attrattiva la citt\u00e0\u201d.<\/p>\n<p> \t\u00a0<\/p>\n","protected":false},"excerpt":{"rendered":"<p>Dopo il via libera della giunta, attesa l&#8217;approvazione del Consiglio comunale<\/p>\n","protected":false},"author":28,"featured_media":48972,"comment_status":"closed","ping_status":"closed","sticky":false,"template":"","format":"standard","meta":{"dwc-title":[],"dwc-content":[],"footnotes":""},"categories":[5],"tags":[],"class_list":["post-48971","post","type-post","status-publish","format-standard","has-post-thumbnail","hentry","category-attualita"],"rttpg_featured_image_url":{"full":["https:\/\/imagazine.it\/wp-content\/uploads\/2024\/02\/52780-1.webp",1000,767,false],"landscape":["https:\/\/imagazine.it\/wp-content\/uploads\/2024\/02\/52780-1.webp",1000,767,false],"portraits":["https:\/\/imagazine.it\/wp-content\/uploads\/2024\/02\/52780-1.webp",1000,767,false],"thumbnail":["https:\/\/imagazine.it\/wp-content\/uploads\/2024\/02\/52780-1-150x150.webp",150,150,true],"medium":["https:\/\/imagazine.it\/wp-content\/uploads\/2024\/02\/52780-1-300x230.webp",300,230,true],"large":["https:\/\/imagazine.it\/wp-content\/uploads\/2024\/02\/52780-1.webp",640,491,false],"thumblist":["https:\/\/imagazine.it\/wp-content\/uploads\/2024\/02\/52780-1-300x300.webp",300,300,true],"thumbrelated":["https:\/\/imagazine.it\/wp-content\/uploads\/2024\/02\/52780-1-500x500.webp",500,500,true],"meccarouselthumb":["https:\/\/imagazine.it\/wp-content\/uploads\/2024\/02\/52780-1-474x324.webp",474,324,true],"gridsquare":["https:\/\/imagazine.it\/wp-content\/uploads\/2024\/02\/52780-1-391x260.webp",391,260,true],"tileview":["https:\/\/imagazine.it\/wp-content\/uploads\/2024\/02\/52780-1-300x400.webp",300,400,true],"1536x1536":["https:\/\/imagazine.it\/wp-content\/uploads\/2024\/02\/52780-1.webp",1000,767,false],"2048x2048":["https:\/\/imagazine.it\/wp-content\/uploads\/2024\/02\/52780-1.webp",1000,767,false],"newsup-slider-full":["https:\/\/imagazine.it\/wp-content\/uploads\/2024\/02\/52780-1-1000x720.webp",1000,720,true],"newsup-featured":["https:\/\/imagazine.it\/wp-content\/uploads\/2024\/02\/52780-1.webp",1000,767,false],"newsup-medium":["https:\/\/imagazine.it\/wp-content\/uploads\/2024\/02\/52780-1-720x380.webp",720,380,true],"tptn_thumbnail":["https:\/\/imagazine.it\/wp-content\/uploads\/2024\/02\/52780-1.webp",250,192,false],"sow-carousel-default":["https:\/\/imagazine.it\/wp-content\/uploads\/2024\/02\/52780-1.webp",237,182,false]},"rttpg_author":{"display_name":"redazione","author_link":"https:\/\/imagazine.it\/home_desk\/author\/redazione\/"},"rttpg_comment":0,"rttpg_category":"<a href=\"https:\/\/imagazine.it\/home_desk\/category\/attualita\/\" rel=\"category tag\">ATTUALIT\u00c0<\/a>","rttpg_excerpt":"Dopo il via libera della giunta, attesa l'approvazione del Consiglio comunale","_links":{"self":[{"href":"https:\/\/imagazine.it\/home_desk\/wp-json\/wp\/v2\/posts\/48971","targetHints":{"allow":["GET"]}}],"collection":[{"href":"https:\/\/imagazine.it\/home_desk\/wp-json\/wp\/v2\/posts"}],"about":[{"href":"https:\/\/imagazine.it\/home_desk\/wp-json\/wp\/v2\/types\/post"}],"author":[{"embeddable":true,"href":"https:\/\/imagazine.it\/home_desk\/wp-json\/wp\/v2\/users\/28"}],"replies":[{"embeddable":true,"href":"https:\/\/imagazine.it\/home_desk\/wp-json\/wp\/v2\/comments?post=48971"}],"version-history":[{"count":0,"href":"https:\/\/imagazine.it\/home_desk\/wp-json\/wp\/v2\/posts\/48971\/revisions"}],"wp:featuredmedia":[{"embeddable":true,"href":"https:\/\/imagazine.it\/home_desk\/wp-json\/wp\/v2\/media\/48972"}],"wp:attachment":[{"href":"https:\/\/imagazine.it\/home_desk\/wp-json\/wp\/v2\/media?parent=48971"}],"wp:term":[{"taxonomy":"category","embeddable":true,"href":"https:\/\/imagazine.it\/home_desk\/wp-json\/wp\/v2\/categories?post=48971"},{"taxonomy":"post_tag","embeddable":true,"href":"https:\/\/imagazine.it\/home_desk\/wp-json\/wp\/v2\/tags?post=48971"}],"curies":[{"name":"wp","href":"https:\/\/api.w.org\/{rel}","templated":true}]}}