{"id":48967,"date":"2023-04-21T00:00:00","date_gmt":"2023-04-20T22:00:00","guid":{"rendered":"https:\/\/imagazine.it\/aiello-alice-bonavita-eletta-sindaca-dei-giovani\/"},"modified":"2023-04-21T00:00:00","modified_gmt":"2023-04-20T22:00:00","slug":"aiello-alice-bonavita-eletta-sindaca-dei-giovani","status":"publish","type":"post","link":"https:\/\/imagazine.it\/home_desk\/aiello-alice-bonavita-eletta-sindaca-dei-giovani\/","title":{"rendered":"Aiello, Alice Bonavita eletta sindaca dei giovani"},"content":{"rendered":"<p> \tAIELLO DEL FRIULI \u2013 Si \u00e8 insediato il nuovo <strong>Consiglio Comunale dei Ragazzi di Aiello del Friuli<\/strong>, per la \u201c5<sup>a<\/sup> legislatura\u201d.<\/p>\n<p> \tIl neo sindaco eletto \u00e8 <strong>Alice Bonavita<\/strong> che frequenta la seconda classe della scuola secondaria di primo grado \u201cAchille Venier\u201d. I suoi predecessori sono stati: <strong>Fidel Avian, Daniele Colussi, Daniel Bordignon e Margherita Schena<\/strong>.<\/p>\n<p> \tDavanti a tutte due le scuole riunite, la primaria \u201cSan Giovanni Bosco\u201d e la \u201cAchille Venier\u201d, \u00e8 stato fatto lo scambio della fascia tricolore e la presentazione degli assessori e consiglieri che per i prossimi due anni gestiranno le iniziative delle due scuole.<\/p>\n<p> \tDopo il giuramento della sindaca, sono stati presentati gli assessori: <strong>Camilla Pilotto<\/strong> avr\u00e0 l\u2019incarico allo sport e tempo libero e nel contempo sar\u00e0 anche vice sindaco; <strong>Aurora Bazzo<\/strong> sar\u00e0 responsabile alle politiche sociali; <strong>Giulia Bonaviva<\/strong> avr\u00e0 l\u2019incarico di supportare le politiche ambientali; <strong>Emanuele Bertos<\/strong> sar\u00e0 l\u2019assessore alla cultura e istruzione.<\/p>\n<p> \tIl gruppo dei nuovi amministratori \u00e8 completato dai consiglieri, ognuno avr\u00e0 delle deleghe, perci\u00f2 delle responsabilit\u00e0: <strong>Angelo Cumin<\/strong> \u00e8 delegato ai rapporti per i tornei sportivi e le attivit\u00e0 creative; <strong>Vittoria Martinis<\/strong> avr\u00e0 l\u2019incarico ai rapporti con le associazioni che si occupano di ambiente; ad <strong>Alessia Strada<\/strong> \u00e8 stata demandata la responsabilit\u00e0 alla tutela e protezione animali; a <strong>Nicol Gerion<\/strong> il sindaco ha dato l\u2019incarico di seguire i rapporti con l\u2019amministrazione comunale per la pulizia e tutela del territorio; a <strong>Giulia Pilot<\/strong> \u00e8 affidata l\u2019organizzazione delle giornate ecologiche. Anche gli \u201cadulti\u201d son intervenuti a questo momento istituzionale: erano infatti presenti la vicesindaco <strong>Lucia Giaiot<\/strong>, la dirigente scolastica <strong>Oriana Gilotti<\/strong> e il comandante della stazione dei carabinieri <strong>Giuseppe Sarra Fiore<\/strong>.<\/p>\n<p> \t\u00a0<\/p>\n","protected":false},"excerpt":{"rendered":"<p>Insediato il nuovo Consiglio comunale dei ragazzi, composto dagli studenti della scuole elementari e medie<\/p>\n","protected":false},"author":22,"featured_media":48968,"comment_status":"closed","ping_status":"closed","sticky":false,"template":"","format":"standard","meta":{"dwc-title":[],"dwc-content":[],"footnotes":""},"categories":[5],"tags":[],"class_list":["post-48967","post","type-post","status-publish","format-standard","has-post-thumbnail","hentry","category-attualita"],"rttpg_featured_image_url":{"full":["https:\/\/imagazine.it\/wp-content\/uploads\/2024\/02\/52773-1.webp",1000,632,false],"landscape":["https:\/\/imagazine.it\/wp-content\/uploads\/2024\/02\/52773-1.webp",1000,632,false],"portraits":["https:\/\/imagazine.it\/wp-content\/uploads\/2024\/02\/52773-1.webp",1000,632,false],"thumbnail":["https:\/\/imagazine.it\/wp-content\/uploads\/2024\/02\/52773-1-150x150.webp",150,150,true],"medium":["https:\/\/imagazine.it\/wp-content\/uploads\/2024\/02\/52773-1-300x190.webp",300,190,true],"large":["https:\/\/imagazine.it\/wp-content\/uploads\/2024\/02\/52773-1.webp",640,404,false],"thumblist":["https:\/\/imagazine.it\/wp-content\/uploads\/2024\/02\/52773-1-300x300.webp",300,300,true],"thumbrelated":["https:\/\/imagazine.it\/wp-content\/uploads\/2024\/02\/52773-1-500x500.webp",500,500,true],"meccarouselthumb":["https:\/\/imagazine.it\/wp-content\/uploads\/2024\/02\/52773-1-474x324.webp",474,324,true],"gridsquare":["https:\/\/imagazine.it\/wp-content\/uploads\/2024\/02\/52773-1-391x260.webp",391,260,true],"tileview":["https:\/\/imagazine.it\/wp-content\/uploads\/2024\/02\/52773-1-300x400.webp",300,400,true],"1536x1536":["https:\/\/imagazine.it\/wp-content\/uploads\/2024\/02\/52773-1.webp",1000,632,false],"2048x2048":["https:\/\/imagazine.it\/wp-content\/uploads\/2024\/02\/52773-1.webp",1000,632,false],"newsup-slider-full":["https:\/\/imagazine.it\/wp-content\/uploads\/2024\/02\/52773-1.webp",1000,632,false],"newsup-featured":["https:\/\/imagazine.it\/wp-content\/uploads\/2024\/02\/52773-1.webp",1000,632,false],"newsup-medium":["https:\/\/imagazine.it\/wp-content\/uploads\/2024\/02\/52773-1-720x380.webp",720,380,true],"tptn_thumbnail":["https:\/\/imagazine.it\/wp-content\/uploads\/2024\/02\/52773-1.webp",250,158,false],"sow-carousel-default":["https:\/\/imagazine.it\/wp-content\/uploads\/2024\/02\/52773-1.webp",272,172,false]},"rttpg_author":{"display_name":"Livio Nonis","author_link":"https:\/\/imagazine.it\/home_desk\/author\/nonis\/"},"rttpg_comment":0,"rttpg_category":"<a href=\"https:\/\/imagazine.it\/home_desk\/category\/attualita\/\" rel=\"category tag\">ATTUALIT\u00c0<\/a>","rttpg_excerpt":"Insediato il nuovo Consiglio comunale dei ragazzi, composto dagli studenti della scuole elementari e medie","_links":{"self":[{"href":"https:\/\/imagazine.it\/home_desk\/wp-json\/wp\/v2\/posts\/48967","targetHints":{"allow":["GET"]}}],"collection":[{"href":"https:\/\/imagazine.it\/home_desk\/wp-json\/wp\/v2\/posts"}],"about":[{"href":"https:\/\/imagazine.it\/home_desk\/wp-json\/wp\/v2\/types\/post"}],"author":[{"embeddable":true,"href":"https:\/\/imagazine.it\/home_desk\/wp-json\/wp\/v2\/users\/22"}],"replies":[{"embeddable":true,"href":"https:\/\/imagazine.it\/home_desk\/wp-json\/wp\/v2\/comments?post=48967"}],"version-history":[{"count":0,"href":"https:\/\/imagazine.it\/home_desk\/wp-json\/wp\/v2\/posts\/48967\/revisions"}],"wp:featuredmedia":[{"embeddable":true,"href":"https:\/\/imagazine.it\/home_desk\/wp-json\/wp\/v2\/media\/48968"}],"wp:attachment":[{"href":"https:\/\/imagazine.it\/home_desk\/wp-json\/wp\/v2\/media?parent=48967"}],"wp:term":[{"taxonomy":"category","embeddable":true,"href":"https:\/\/imagazine.it\/home_desk\/wp-json\/wp\/v2\/categories?post=48967"},{"taxonomy":"post_tag","embeddable":true,"href":"https:\/\/imagazine.it\/home_desk\/wp-json\/wp\/v2\/tags?post=48967"}],"curies":[{"name":"wp","href":"https:\/\/api.w.org\/{rel}","templated":true}]}}