{"id":48951,"date":"2023-04-20T00:00:00","date_gmt":"2023-04-19T22:00:00","guid":{"rendered":"https:\/\/imagazine.it\/fioretto-nuovi-titoli-nazionali-per-lasu\/"},"modified":"2023-04-20T00:00:00","modified_gmt":"2023-04-19T22:00:00","slug":"fioretto-nuovi-titoli-nazionali-per-lasu","status":"publish","type":"post","link":"https:\/\/imagazine.it\/home_desk\/fioretto-nuovi-titoli-nazionali-per-lasu\/","title":{"rendered":"Fioretto, nuovi titoli nazionali per l&#8217;ASU"},"content":{"rendered":"<p> \tUDINE &#8211; Dopo la prima prova di Verona, continua la serie positiva nel fioretto targato <strong>Associazione Sportiva Udinese &#8211; ASU<\/strong>.<\/p>\n<p> \tAnche la 2^ prova nazionale del Grand Prix \u201cKinder Joy of Moving\u201d di fioretto si \u00e8 infatti conclusa con molte soddisfazioni: l\u2019ASU \u00e8 risultata la <strong>prima societ\u00e0 ad aver raggiunto pi\u00f9 finali a otto<\/strong>, conclusesi con un oro, un argento e diversi piazzamenti.\u00a0<\/p>\n<p> \t\u00abSiamo orgogliosi di come la societ\u00e0, in questo momento, in questa sezione, \u00e8 tra le prime in Italia nel ranking generale \u2013 ha dichiarato <strong>Filippo Pesce<\/strong>, vicepresidente di ASU \u2013. \u00c8 l&#8217;ennesima riprova di quanto questo gruppo coeso, coordinato da un pool di tecnici e preparatori, si stia muovendo nella giusta direzione. Raggiungere il podio e numerosi altri ottimi piazzamenti \u00e8 una evidente riprova che il lavoro di squadra premia\u00bb.<\/p>\n<p> \tDue le medaglie vinte dai fiorettisti bianconeri: un oro, nella categoria Giovanissimi, raggiunto da <strong>Mattia Stel<\/strong>; e un argento conquistato da <strong>Tiziano Sartogo<\/strong>, nella categoria Maschietti.<\/p>\n<p> \t\u00ab<em>Si tratta di due bellissimi traguardi. Credo che entrambi siano stati premiati per il loro grande impegno in palestra e di questo siamo molto felici. Ritengo che questi risultati, cos\u00ec come le molte finali raggiunte, siano testimonianza di un movimento che lavora e cresce<\/em>\u00bb, ha dichiarato il tecnico della sezione fioretto, <strong>Fabio Zannier<\/strong>, che allena i fiorettisti con l\u2019aiuto di <strong>Fritz Gutierrez<\/strong>.<\/p>\n<p> \tDa segnalare ci sono pure i finalisti (nelle finali a otto) con i quinti posti di <strong>Edoardo Di Benedetto<\/strong> (categoria Giovanissimi); <strong>Ludovico Galdiolo<\/strong> (categoria Ragazzi); <strong>Marco Bertossi<\/strong> (categoria Allievi); e i settimi di <strong>Giovanni Peres<\/strong> (categoria Giovanissimi); <strong>Ada Speziani<\/strong> (categoria Giovanissime); <strong>Giovanni Giacomini<\/strong> (categoria Ragazzi).<\/p>\n<p> \tOra si torna in palestra per preparare il campionato italiano under 14, in programma a Riccione dal 10 al 14 maggio.<\/p>\n<p> \t\u00a0<\/p>\n","protected":false},"excerpt":{"rendered":"<p>Un oro e un argento per gli atleti bianconeri, oltre a numerosi piazzamenti nelle finali<\/p>\n","protected":false},"author":28,"featured_media":48952,"comment_status":"closed","ping_status":"closed","sticky":false,"template":"","format":"standard","meta":{"dwc-title":[],"dwc-content":[],"footnotes":""},"categories":[38],"tags":[],"class_list":["post-48951","post","type-post","status-publish","format-standard","has-post-thumbnail","hentry","category-sport"],"rttpg_featured_image_url":{"full":["https:\/\/imagazine.it\/wp-content\/uploads\/2024\/02\/52747-1.webp",800,591,false],"landscape":["https:\/\/imagazine.it\/wp-content\/uploads\/2024\/02\/52747-1.webp",800,591,false],"portraits":["https:\/\/imagazine.it\/wp-content\/uploads\/2024\/02\/52747-1.webp",800,591,false],"thumbnail":["https:\/\/imagazine.it\/wp-content\/uploads\/2024\/02\/52747-1-150x150.webp",150,150,true],"medium":["https:\/\/imagazine.it\/wp-content\/uploads\/2024\/02\/52747-1-300x222.webp",300,222,true],"large":["https:\/\/imagazine.it\/wp-content\/uploads\/2024\/02\/52747-1.webp",640,473,false],"thumblist":["https:\/\/imagazine.it\/wp-content\/uploads\/2024\/02\/52747-1-300x300.webp",300,300,true],"thumbrelated":["https:\/\/imagazine.it\/wp-content\/uploads\/2024\/02\/52747-1-500x500.webp",500,500,true],"meccarouselthumb":["https:\/\/imagazine.it\/wp-content\/uploads\/2024\/02\/52747-1-474x324.webp",474,324,true],"gridsquare":["https:\/\/imagazine.it\/wp-content\/uploads\/2024\/02\/52747-1-391x260.webp",391,260,true],"tileview":["https:\/\/imagazine.it\/wp-content\/uploads\/2024\/02\/52747-1-300x400.webp",300,400,true],"1536x1536":["https:\/\/imagazine.it\/wp-content\/uploads\/2024\/02\/52747-1.webp",800,591,false],"2048x2048":["https:\/\/imagazine.it\/wp-content\/uploads\/2024\/02\/52747-1.webp",800,591,false],"newsup-slider-full":["https:\/\/imagazine.it\/wp-content\/uploads\/2024\/02\/52747-1.webp",800,591,false],"newsup-featured":["https:\/\/imagazine.it\/wp-content\/uploads\/2024\/02\/52747-1.webp",800,591,false],"newsup-medium":["https:\/\/imagazine.it\/wp-content\/uploads\/2024\/02\/52747-1-720x380.webp",720,380,true],"tptn_thumbnail":["https:\/\/imagazine.it\/wp-content\/uploads\/2024\/02\/52747-1.webp",250,185,false],"sow-carousel-default":["https:\/\/imagazine.it\/wp-content\/uploads\/2024\/02\/52747-1.webp",246,182,false]},"rttpg_author":{"display_name":"redazione","author_link":"https:\/\/imagazine.it\/home_desk\/author\/redazione\/"},"rttpg_comment":0,"rttpg_category":"<a href=\"https:\/\/imagazine.it\/home_desk\/category\/sport\/\" rel=\"category tag\">SPORT<\/a>","rttpg_excerpt":"Un oro e un argento per gli atleti bianconeri, oltre a numerosi piazzamenti nelle finali","_links":{"self":[{"href":"https:\/\/imagazine.it\/home_desk\/wp-json\/wp\/v2\/posts\/48951","targetHints":{"allow":["GET"]}}],"collection":[{"href":"https:\/\/imagazine.it\/home_desk\/wp-json\/wp\/v2\/posts"}],"about":[{"href":"https:\/\/imagazine.it\/home_desk\/wp-json\/wp\/v2\/types\/post"}],"author":[{"embeddable":true,"href":"https:\/\/imagazine.it\/home_desk\/wp-json\/wp\/v2\/users\/28"}],"replies":[{"embeddable":true,"href":"https:\/\/imagazine.it\/home_desk\/wp-json\/wp\/v2\/comments?post=48951"}],"version-history":[{"count":0,"href":"https:\/\/imagazine.it\/home_desk\/wp-json\/wp\/v2\/posts\/48951\/revisions"}],"wp:featuredmedia":[{"embeddable":true,"href":"https:\/\/imagazine.it\/home_desk\/wp-json\/wp\/v2\/media\/48952"}],"wp:attachment":[{"href":"https:\/\/imagazine.it\/home_desk\/wp-json\/wp\/v2\/media?parent=48951"}],"wp:term":[{"taxonomy":"category","embeddable":true,"href":"https:\/\/imagazine.it\/home_desk\/wp-json\/wp\/v2\/categories?post=48951"},{"taxonomy":"post_tag","embeddable":true,"href":"https:\/\/imagazine.it\/home_desk\/wp-json\/wp\/v2\/tags?post=48951"}],"curies":[{"name":"wp","href":"https:\/\/api.w.org\/{rel}","templated":true}]}}