{"id":48943,"date":"2023-04-19T00:00:00","date_gmt":"2023-04-18T22:00:00","guid":{"rendered":"https:\/\/imagazine.it\/le-maschere-di-tutto-il-mondo-in-arrivo-in-fvg\/"},"modified":"2023-04-19T00:00:00","modified_gmt":"2023-04-18T22:00:00","slug":"le-maschere-di-tutto-il-mondo-in-arrivo-in-fvg","status":"publish","type":"post","link":"https:\/\/imagazine.it\/home_desk\/le-maschere-di-tutto-il-mondo-in-arrivo-in-fvg\/","title":{"rendered":"Le maschere di tutto il mondo in arrivo in FVG"},"content":{"rendered":"<p> \tUDINE \u2013 Valorizzare e divulgare la tradizione della maschera italiana portando in Friuli Venezia Giulia una manifestazione fatta di esposizioni, simposi e laboratori sul tema.<\/p>\n<p> \tQuesto l\u2019obiettivo del progetto <strong><em>MISM\u00c0S-cherati<\/em><\/strong> realizzato dall\u2019Associazione Maschera Scenica aps e presentato, stamane, all\u2019ABAUD &#8211; Accademia di Belle Arti di Udine G.B. Tiepolo di Udine, alla presenza di <strong>Fausto Deganutti<\/strong>, direttore dell\u2019ABAUD; <strong>Tommaso Toffolo<\/strong>, vicepresidente di Maschera Scenica aps; <strong>Stefano Perocco<\/strong>, del consiglio direttivo Maschera Scenica APS; <strong>Agata Garbuio<\/strong>, dell\u2019associazione culturale BRAT; <strong>Angela Zappulla<\/strong>, consigliera delegata alla Cultura del Comune di Cividale del Friuli; <strong>Giuliano Bonanni<\/strong>, direttore artistico dell\u2019associazione Luigi Candoni; <strong>Luigi Revelant<\/strong>, del consorzio dei Mascherai Alpini; <strong>Annalisa Siciliano<\/strong>, dell\u2019associazione Macroritmi ETS; <strong>Sergio Ganzitti<\/strong>, de I Mascar\u00e2rs di Tarcint; in collegamento da remoto <strong>Nicole Tanaka<\/strong>, presidente di Maschera Scenica APS.<\/p>\n<p> \t<strong>QUATTRO MESI PER QUATTRO CITT\u00c0<\/strong> \u2013 Da maggio ad agosto, quattro localit\u00e0 del Friuli Venezia Giulia (<strong>Cividale del Friuli, Tolmezzo, Pordenone e Gorizia<\/strong>) saranno protagoniste della rassegna che punta ad ampliare la conoscenza sulla maschera italiana (e non solo) e a narrare come oggi viene concepita. Lo scopo \u00e8 quindi anche quello di attivare logiche di scambio, confronto e visibilit\u00e0 sul tema, arricchendo la questione tecnico-espressiva e teorica relativa alla maschera nelle sue possibili coniugazioni con la societ\u00e0 attuale. Il progetto MISM\u00c0S-cherati, finanziato dal bando per le manifestazioni espositive della Regione Autonoma Friuli Venezia Giulia, \u00e8 realizzato in collaborazione con l\u2019associazione culturale BRAT, il consorzio dei Mascherai Alpini, l\u2019associazione I Mascar\u00e2rs di Tarcint, l\u2019associazione culturale Luigi Candoni, il Comune di Cividale, il Centro Teatro Animazione e Figure di Gorizia (CTA), la Scuola sperimentale dell\u2019attore, il Centro Universitario Teatrale (CUT), l\u2019Accademia di Belle Arti di Udine \u201cGB Tiepolo\u201d, l\u2019associazione MacroRitmi di Roma, il Teatro Cristallo.<\/p>\n<p> \t<strong>LE INIZIATIVE IN PROGRAMMA<\/strong> \u2013 La rassegna espositiva (a ingresso gratuito) partir\u00e0 da <strong>Cividale del Friuli<\/strong> &#8211; ospitata dal Centro Internazionale Vittorio Podrecca &#8211; Teatro delle meraviglie di Maria Signorelli &#8211; <strong>dal 5 maggio e fino al 29<\/strong>. Si sposter\u00e0 poi <strong>da giugno a <\/strong><strong>Tolmezzo<\/strong>, alla Biblioteca Civica di <strong>Pordenone<\/strong>, nell\u2019ambito dell\u2019Arlecchino Errante Festival, e a <strong>Grado<\/strong>, in occasione del Alpe Adria Puppet Festival.<\/p>\n<p> \tNel contesto della manifestazione espositiva sar\u00e0 realizzata, e a disposizione del pubblico, anche un\u2019installazione video con la quale si desidera sollecitare la comprensione delle caratteristiche, della provenienza e delle simbologie delle maschere esposte. Ma non mancheranno i simposi online, dedicati al tema della maschera come artefatto artistico, antropologico e teatrale; i laboratori di costruzione e conduzione della maschera e una lectio magistralis all\u2019ABAUD &#8211; Accademia di Belle Arti di Udine G.B. Tiepolo di Udine (l\u201911 maggio, dalle 9 alle 12) tenuta da <strong>Stefano Perocco<\/strong> di Meduna, maestro mascheraio. Attraverso tutto questo il progetto vuole valorizzare e incentivare la divulgazione trasversale della tradizione della maschera italiana oltre al modo di concepirla e interpretarla. Per farlo si punta a uno scambio-confronto con la tradizione europea e internazionale, partendo dalla maschera come elemento antropologico comune alle civilt\u00e0.<\/p>\n<p> \t<strong>SIMPOSI ONLINE <\/strong>\u2013 I simposi in programma saranno invece cinque e cominceranno sempre a maggio. Primo in ordine di tempo sar\u00e0 quello intitolato \u201cLa forma della maschera ieri e oggi\u201d, condotto da Stefano Perocco di Meduna e in programma il 12 maggio, dalle 18. Il 26 maggio, sempre alle 18, sar\u00e0 la volta di \u201cLa maschera e il corpo dell&#8217;attore\u201d: relatori saranno <strong>Rosi Giordano, Claudio Colombo<\/strong> e <strong>Michele Casarin<\/strong>. Nei mesi a venire invece si parler\u00e0 di \u201cMaterie e colore nella maschera tra tradizione e innovazione\u201d (con <strong>Chiara Barlassina e Mario Gallo<\/strong>); \u201cLa maschera come rito sociale\u201d (con <strong>Leonardo Gasparri, Tommaso Toffolo, Annamaria Scintu e Mascherai Alpini<\/strong>); ed \u201cEtimologia della maschera nelle diverse lingue\u201d (con <strong>Walter Colle e Mascherai Alpini<\/strong>).<\/p>\n<p> \tPer maggiori informazioni \u00e8 possibile andare sul sito di maschera scenica: <u><a href=\"https:\/\/mascherascenica.com\/\" target=\"_blank\" rel=\"noopener\"><span style=\"color:#0000cd;\">mascherascenica.com<\/span><\/a><\/u><\/p>\n<p> \t\u00a0<\/p>\n","protected":false},"excerpt":{"rendered":"<p>Da maggio ad agosto in quattro citt\u00e0 della regione un calendario fatto di esposizioni, simposi e laboratori sulla maschera scenica<\/p>\n","protected":false},"author":28,"featured_media":48944,"comment_status":"closed","ping_status":"closed","sticky":false,"template":"","format":"standard","meta":{"dwc-title":[],"dwc-content":[],"footnotes":""},"categories":[37],"tags":[],"class_list":["post-48943","post","type-post","status-publish","format-standard","has-post-thumbnail","hentry","category-cultura-e-spettacolo"],"rttpg_featured_image_url":{"full":["https:\/\/imagazine.it\/wp-content\/uploads\/2024\/02\/52728-1.webp",1280,730,false],"landscape":["https:\/\/imagazine.it\/wp-content\/uploads\/2024\/02\/52728-1.webp",1280,730,false],"portraits":["https:\/\/imagazine.it\/wp-content\/uploads\/2024\/02\/52728-1.webp",1280,730,false],"thumbnail":["https:\/\/imagazine.it\/wp-content\/uploads\/2024\/02\/52728-1-150x150.webp",150,150,true],"medium":["https:\/\/imagazine.it\/wp-content\/uploads\/2024\/02\/52728-1-300x171.webp",300,171,true],"large":["https:\/\/imagazine.it\/wp-content\/uploads\/2024\/02\/52728-1-1024x584.webp",640,365,true],"thumblist":["https:\/\/imagazine.it\/wp-content\/uploads\/2024\/02\/52728-1-300x300.webp",300,300,true],"thumbrelated":["https:\/\/imagazine.it\/wp-content\/uploads\/2024\/02\/52728-1-500x500.webp",500,500,true],"meccarouselthumb":["https:\/\/imagazine.it\/wp-content\/uploads\/2024\/02\/52728-1-474x324.webp",474,324,true],"gridsquare":["https:\/\/imagazine.it\/wp-content\/uploads\/2024\/02\/52728-1-391x260.webp",391,260,true],"tileview":["https:\/\/imagazine.it\/wp-content\/uploads\/2024\/02\/52728-1-300x400.webp",300,400,true],"1536x1536":["https:\/\/imagazine.it\/wp-content\/uploads\/2024\/02\/52728-1.webp",1280,730,false],"2048x2048":["https:\/\/imagazine.it\/wp-content\/uploads\/2024\/02\/52728-1.webp",1280,730,false],"newsup-slider-full":["https:\/\/imagazine.it\/wp-content\/uploads\/2024\/02\/52728-1-1280x720.webp",1280,720,true],"newsup-featured":["https:\/\/imagazine.it\/wp-content\/uploads\/2024\/02\/52728-1-1024x584.webp",1024,584,true],"newsup-medium":["https:\/\/imagazine.it\/wp-content\/uploads\/2024\/02\/52728-1-720x380.webp",720,380,true],"tptn_thumbnail":["https:\/\/imagazine.it\/wp-content\/uploads\/2024\/02\/52728-1.webp",250,143,false],"sow-carousel-default":["https:\/\/imagazine.it\/wp-content\/uploads\/2024\/02\/52728-1.webp",272,155,false]},"rttpg_author":{"display_name":"redazione","author_link":"https:\/\/imagazine.it\/home_desk\/author\/redazione\/"},"rttpg_comment":0,"rttpg_category":"<a href=\"https:\/\/imagazine.it\/home_desk\/category\/cultura-e-spettacolo\/\" rel=\"category tag\">CULTURA&amp;SPETTACOLO<\/a>","rttpg_excerpt":"Da maggio ad agosto in quattro citt\u00e0 della regione un calendario fatto di esposizioni, simposi e laboratori sulla maschera scenica","_links":{"self":[{"href":"https:\/\/imagazine.it\/home_desk\/wp-json\/wp\/v2\/posts\/48943","targetHints":{"allow":["GET"]}}],"collection":[{"href":"https:\/\/imagazine.it\/home_desk\/wp-json\/wp\/v2\/posts"}],"about":[{"href":"https:\/\/imagazine.it\/home_desk\/wp-json\/wp\/v2\/types\/post"}],"author":[{"embeddable":true,"href":"https:\/\/imagazine.it\/home_desk\/wp-json\/wp\/v2\/users\/28"}],"replies":[{"embeddable":true,"href":"https:\/\/imagazine.it\/home_desk\/wp-json\/wp\/v2\/comments?post=48943"}],"version-history":[{"count":0,"href":"https:\/\/imagazine.it\/home_desk\/wp-json\/wp\/v2\/posts\/48943\/revisions"}],"wp:featuredmedia":[{"embeddable":true,"href":"https:\/\/imagazine.it\/home_desk\/wp-json\/wp\/v2\/media\/48944"}],"wp:attachment":[{"href":"https:\/\/imagazine.it\/home_desk\/wp-json\/wp\/v2\/media?parent=48943"}],"wp:term":[{"taxonomy":"category","embeddable":true,"href":"https:\/\/imagazine.it\/home_desk\/wp-json\/wp\/v2\/categories?post=48943"},{"taxonomy":"post_tag","embeddable":true,"href":"https:\/\/imagazine.it\/home_desk\/wp-json\/wp\/v2\/tags?post=48943"}],"curies":[{"name":"wp","href":"https:\/\/api.w.org\/{rel}","templated":true}]}}