{"id":48909,"date":"2023-04-16T00:00:00","date_gmt":"2023-04-15T22:00:00","guid":{"rendered":"https:\/\/imagazine.it\/la-carica-del-1-200-tra-sport-e-solidarieta\/"},"modified":"2023-04-16T00:00:00","modified_gmt":"2023-04-15T22:00:00","slug":"la-carica-del-1-200-tra-sport-e-solidarieta","status":"publish","type":"post","link":"https:\/\/imagazine.it\/home_desk\/la-carica-del-1-200-tra-sport-e-solidarieta\/","title":{"rendered":"La carica del 1.200 tra sport e solidariet\u00e0"},"content":{"rendered":"<p> \tLIGNANO SABBIADORO <em>\u2013 <\/em>Il traguardo \u00e8 un nuovo record di partecipazione <em>\u2013<\/em> 1.200 iscritti, in larga maggioranza donne <em>\u2013<\/em> ma il vero risultato da incorniciare riguarda la solidariet\u00e0, perch\u00e9 il ricavato della quarta edizione della <strong>Corsa delle Rose<\/strong> andr\u00e0 a sostegno dell\u2019attivit\u00e0 di prevenzione e di diagnosi precoce dei tumori offerta dalla <strong>LILT di Udine<\/strong>, rappresentata a Lignano dal presidente <strong>Giorgio Arpino<\/strong>.<\/p>\n<p> \t\u201c<em>Quest\u2019anno per la prima volta \u2013<\/em> spiega <strong>Maurizio Simonetti<\/strong>, presidente della societ\u00e0 organizzatrice Running Team Conegliano <em>\u2013 abbiamo superato i mille iscritti, raccogliendo iscrizioni sino a pochi minuti dal via<\/em>. <em>La maggioranza era costituita da donne, ma ho visto anche tanti uomini. I partecipanti sono arrivati un po\u2019 da tutta la regione e dal Veneto. C\u2019erano anche diversi sloveni e austriaci. Abbiamo ricevuto tanti complimenti, \u00e8 andato tutto per il meglio, e questo ci rende felici. \u00c8 stata davvero una bella festa di sport e solidariet\u00e0. Ora il nostro impegno proseguir\u00e0 il 21 maggio con la prima edizione di una manifestazione in rosa che organizzeremo a Grado<\/em>\u201d.<\/p>\n<p> \tDue i percorsi, 5 e 9 chilometri, che hanno toccato il lungomare e il cuore cittadino di Lignano. Qualcuno dei partecipanti ha corso a buon ritmo, come <strong>Moira di Tarcento<\/strong>, la prima donna in assoluto a giungere al traguardo (\u201c<em>\u00c8<\/em><em> la mia seconda partecipazione alla Corsa delle Rose e anche l\u2019altra volta era arrivata prima. Una dedica? A tutte le donne che stanno combattendo, in particolare a mia mamma<\/em>\u201d); molti di pi\u00f9 hanno camminato, magari con i bastoncini per il Nordic Walking. <strong>Irene, da Fanna<\/strong>, ha indossato un velo da sposa e festeggiato con le amiche un originale addio al nubilato: si sposer\u00e0 il 2 giugno.\u00a0\u00a0 \u00a0<\/p>\n<p> \tPremi speciali per i gruppi pi\u00f9 numerosi. Davanti a tutti, il gruppo friulano <strong>Pink Positive<\/strong> con 104 iscritti. Poi il gruppo <strong>Pilates<\/strong> (63 iscritti) e la <strong>Palestra Cielo Aperto<\/strong> (54).<\/p>\n<p> \t\u00a0<\/p>\n","protected":false},"excerpt":{"rendered":"<p>Partecipazione da record per la quarta edizione della manifestazione podistica che raccoglie fondi per la LILT. Il 21 maggio nuovo appuntamento a Grado<\/p>\n","protected":false},"author":28,"featured_media":48910,"comment_status":"closed","ping_status":"closed","sticky":false,"template":"","format":"standard","meta":{"dwc-title":[],"dwc-content":[],"footnotes":""},"categories":[38],"tags":[],"class_list":["post-48909","post","type-post","status-publish","format-standard","has-post-thumbnail","hentry","category-sport"],"rttpg_featured_image_url":{"full":["https:\/\/imagazine.it\/wp-content\/uploads\/2024\/02\/52664-1.webp",1000,709,false],"landscape":["https:\/\/imagazine.it\/wp-content\/uploads\/2024\/02\/52664-1.webp",1000,709,false],"portraits":["https:\/\/imagazine.it\/wp-content\/uploads\/2024\/02\/52664-1.webp",1000,709,false],"thumbnail":["https:\/\/imagazine.it\/wp-content\/uploads\/2024\/02\/52664-1-150x150.webp",150,150,true],"medium":["https:\/\/imagazine.it\/wp-content\/uploads\/2024\/02\/52664-1-300x213.webp",300,213,true],"large":["https:\/\/imagazine.it\/wp-content\/uploads\/2024\/02\/52664-1.webp",640,454,false],"thumblist":["https:\/\/imagazine.it\/wp-content\/uploads\/2024\/02\/52664-1-300x300.webp",300,300,true],"thumbrelated":["https:\/\/imagazine.it\/wp-content\/uploads\/2024\/02\/52664-1-500x500.webp",500,500,true],"meccarouselthumb":["https:\/\/imagazine.it\/wp-content\/uploads\/2024\/02\/52664-1-474x324.webp",474,324,true],"gridsquare":["https:\/\/imagazine.it\/wp-content\/uploads\/2024\/02\/52664-1-391x260.webp",391,260,true],"tileview":["https:\/\/imagazine.it\/wp-content\/uploads\/2024\/02\/52664-1-300x400.webp",300,400,true],"1536x1536":["https:\/\/imagazine.it\/wp-content\/uploads\/2024\/02\/52664-1.webp",1000,709,false],"2048x2048":["https:\/\/imagazine.it\/wp-content\/uploads\/2024\/02\/52664-1.webp",1000,709,false],"newsup-slider-full":["https:\/\/imagazine.it\/wp-content\/uploads\/2024\/02\/52664-1.webp",1000,709,false],"newsup-featured":["https:\/\/imagazine.it\/wp-content\/uploads\/2024\/02\/52664-1.webp",1000,709,false],"newsup-medium":["https:\/\/imagazine.it\/wp-content\/uploads\/2024\/02\/52664-1-720x380.webp",720,380,true],"tptn_thumbnail":["https:\/\/imagazine.it\/wp-content\/uploads\/2024\/02\/52664-1.webp",250,177,false],"sow-carousel-default":["https:\/\/imagazine.it\/wp-content\/uploads\/2024\/02\/52664-1.webp",257,182,false]},"rttpg_author":{"display_name":"redazione","author_link":"https:\/\/imagazine.it\/home_desk\/author\/redazione\/"},"rttpg_comment":0,"rttpg_category":"<a href=\"https:\/\/imagazine.it\/home_desk\/category\/sport\/\" rel=\"category tag\">SPORT<\/a>","rttpg_excerpt":"Partecipazione da record per la quarta edizione della manifestazione podistica che raccoglie fondi per la LILT. Il 21 maggio nuovo appuntamento a Grado","_links":{"self":[{"href":"https:\/\/imagazine.it\/home_desk\/wp-json\/wp\/v2\/posts\/48909","targetHints":{"allow":["GET"]}}],"collection":[{"href":"https:\/\/imagazine.it\/home_desk\/wp-json\/wp\/v2\/posts"}],"about":[{"href":"https:\/\/imagazine.it\/home_desk\/wp-json\/wp\/v2\/types\/post"}],"author":[{"embeddable":true,"href":"https:\/\/imagazine.it\/home_desk\/wp-json\/wp\/v2\/users\/28"}],"replies":[{"embeddable":true,"href":"https:\/\/imagazine.it\/home_desk\/wp-json\/wp\/v2\/comments?post=48909"}],"version-history":[{"count":0,"href":"https:\/\/imagazine.it\/home_desk\/wp-json\/wp\/v2\/posts\/48909\/revisions"}],"wp:featuredmedia":[{"embeddable":true,"href":"https:\/\/imagazine.it\/home_desk\/wp-json\/wp\/v2\/media\/48910"}],"wp:attachment":[{"href":"https:\/\/imagazine.it\/home_desk\/wp-json\/wp\/v2\/media?parent=48909"}],"wp:term":[{"taxonomy":"category","embeddable":true,"href":"https:\/\/imagazine.it\/home_desk\/wp-json\/wp\/v2\/categories?post=48909"},{"taxonomy":"post_tag","embeddable":true,"href":"https:\/\/imagazine.it\/home_desk\/wp-json\/wp\/v2\/tags?post=48909"}],"curies":[{"name":"wp","href":"https:\/\/api.w.org\/{rel}","templated":true}]}}