{"id":48905,"date":"2023-04-17T00:00:00","date_gmt":"2023-04-16T22:00:00","guid":{"rendered":"https:\/\/imagazine.it\/aiello-in-corso-le-riasfaltature-delle-strade\/"},"modified":"2023-04-17T00:00:00","modified_gmt":"2023-04-16T22:00:00","slug":"aiello-in-corso-le-riasfaltature-delle-strade","status":"publish","type":"post","link":"https:\/\/imagazine.it\/home_desk\/aiello-in-corso-le-riasfaltature-delle-strade\/","title":{"rendered":"Aiello, in corso le riasfaltature delle strade"},"content":{"rendered":"<p> \tAIELLO DEL FRIULI \u2013 In corso ad Aiello una serie di lavori di restyling di alcune zone, in particolare per l\u2019<strong>asfaltatura<\/strong> e la <strong>messa in sicurezza<\/strong> di diversi tratti stradali sia nel capoluogo sia nella frazione di Joannis, per garantire il <strong>deflusso regolare dell\u2019acqua piovana<\/strong>.<\/p>\n<p> \tQuesti lavori comportano una previsione di spesa di <strong>40.000 euro<\/strong>.<\/p>\n<p> \tPer quanto concerne invece i lavori relativi al <strong>nuovo centro raccolta differenziata dei rifiuti<\/strong>, che sar\u00e0 costruito nella zona degli impianti sportivi, vicino la sede della Protezione civile fra Aiello e Joannis, \u00e8 stata l\u2019<strong>impresa<\/strong> <strong>Gaspari S.R.L. di Sutrio<\/strong> ad aggiudicarsi l\u2019appalto. La spesa complessiva sar\u00e0 di circa <strong>500.000 euro<\/strong> e sar\u00e0 totalmente finanziata da <strong>contributo regionale<\/strong> concesso con Decreto del Direttore del Servizio che disciplina gestione rifiuti e siti inquinati della Direzione Centrale Difesa dell\u2019Ambiente, Energia e Sviluppo Sostenibile.<\/p>\n<p> \tIl cantiere, a conclusione dell\u2019iter amministrativo, sar\u00e0 aperto a <strong>met\u00e0 del mese di maggio<\/strong>.<\/p>\n<p> \tInfine nella struttura dell\u2019<strong>ex<\/strong> <strong>municipio<\/strong>, gi\u00e0 pronta e con solamente la necessit\u00e0 di alcuni ritocchi, oltre alla predisposizione di nuove stanze dove alcune associazioni avranno la possibilit\u00e0 di svolgere le proprie attivit\u00e0, verr\u00e0 trasferito il nuovo medico di base, dottoressa <strong>Alessia Fanni<\/strong>, e l&#8217;Infermiera di Comunit\u00e0.<\/p>\n<p> \t\u00a0<\/p>\n","protected":false},"excerpt":{"rendered":"<p>Interessato sia il capoluogo che la frazione di Joannis. Intervento necessario per garantire il corretto deflusso dell&#8217;acqua piovana<\/p>\n","protected":false},"author":22,"featured_media":48906,"comment_status":"closed","ping_status":"closed","sticky":false,"template":"","format":"standard","meta":{"dwc-title":[],"dwc-content":[],"footnotes":""},"categories":[5],"tags":[],"class_list":["post-48905","post","type-post","status-publish","format-standard","has-post-thumbnail","hentry","category-attualita"],"rttpg_featured_image_url":{"full":["https:\/\/imagazine.it\/wp-content\/uploads\/2024\/02\/52656-1.webp",1920,1080,false],"landscape":["https:\/\/imagazine.it\/wp-content\/uploads\/2024\/02\/52656-1.webp",1920,1080,false],"portraits":["https:\/\/imagazine.it\/wp-content\/uploads\/2024\/02\/52656-1.webp",1920,1080,false],"thumbnail":["https:\/\/imagazine.it\/wp-content\/uploads\/2024\/02\/52656-1-150x150.webp",150,150,true],"medium":["https:\/\/imagazine.it\/wp-content\/uploads\/2024\/02\/52656-1-300x169.webp",300,169,true],"large":["https:\/\/imagazine.it\/wp-content\/uploads\/2024\/02\/52656-1-1024x576.webp",640,360,true],"thumblist":["https:\/\/imagazine.it\/wp-content\/uploads\/2024\/02\/52656-1-300x300.webp",300,300,true],"thumbrelated":["https:\/\/imagazine.it\/wp-content\/uploads\/2024\/02\/52656-1-500x500.webp",500,500,true],"meccarouselthumb":["https:\/\/imagazine.it\/wp-content\/uploads\/2024\/02\/52656-1-474x324.webp",474,324,true],"gridsquare":["https:\/\/imagazine.it\/wp-content\/uploads\/2024\/02\/52656-1-391x260.webp",391,260,true],"tileview":["https:\/\/imagazine.it\/wp-content\/uploads\/2024\/02\/52656-1-300x400.webp",300,400,true],"1536x1536":["https:\/\/imagazine.it\/wp-content\/uploads\/2024\/02\/52656-1-1536x864.webp",1536,864,true],"2048x2048":["https:\/\/imagazine.it\/wp-content\/uploads\/2024\/02\/52656-1.webp",1920,1080,false],"newsup-slider-full":["https:\/\/imagazine.it\/wp-content\/uploads\/2024\/02\/52656-1-1280x720.webp",1280,720,true],"newsup-featured":["https:\/\/imagazine.it\/wp-content\/uploads\/2024\/02\/52656-1-1024x576.webp",1024,576,true],"newsup-medium":["https:\/\/imagazine.it\/wp-content\/uploads\/2024\/02\/52656-1-720x380.webp",720,380,true],"tptn_thumbnail":["https:\/\/imagazine.it\/wp-content\/uploads\/2024\/02\/52656-1.webp",250,141,false],"sow-carousel-default":["https:\/\/imagazine.it\/wp-content\/uploads\/2024\/02\/52656-1.webp",272,153,false]},"rttpg_author":{"display_name":"Livio Nonis","author_link":"https:\/\/imagazine.it\/home_desk\/author\/nonis\/"},"rttpg_comment":0,"rttpg_category":"<a href=\"https:\/\/imagazine.it\/home_desk\/category\/attualita\/\" rel=\"category tag\">ATTUALIT\u00c0<\/a>","rttpg_excerpt":"Interessato sia il capoluogo che la frazione di Joannis. Intervento necessario per garantire il corretto deflusso dell'acqua piovana","_links":{"self":[{"href":"https:\/\/imagazine.it\/home_desk\/wp-json\/wp\/v2\/posts\/48905","targetHints":{"allow":["GET"]}}],"collection":[{"href":"https:\/\/imagazine.it\/home_desk\/wp-json\/wp\/v2\/posts"}],"about":[{"href":"https:\/\/imagazine.it\/home_desk\/wp-json\/wp\/v2\/types\/post"}],"author":[{"embeddable":true,"href":"https:\/\/imagazine.it\/home_desk\/wp-json\/wp\/v2\/users\/22"}],"replies":[{"embeddable":true,"href":"https:\/\/imagazine.it\/home_desk\/wp-json\/wp\/v2\/comments?post=48905"}],"version-history":[{"count":0,"href":"https:\/\/imagazine.it\/home_desk\/wp-json\/wp\/v2\/posts\/48905\/revisions"}],"wp:featuredmedia":[{"embeddable":true,"href":"https:\/\/imagazine.it\/home_desk\/wp-json\/wp\/v2\/media\/48906"}],"wp:attachment":[{"href":"https:\/\/imagazine.it\/home_desk\/wp-json\/wp\/v2\/media?parent=48905"}],"wp:term":[{"taxonomy":"category","embeddable":true,"href":"https:\/\/imagazine.it\/home_desk\/wp-json\/wp\/v2\/categories?post=48905"},{"taxonomy":"post_tag","embeddable":true,"href":"https:\/\/imagazine.it\/home_desk\/wp-json\/wp\/v2\/tags?post=48905"}],"curies":[{"name":"wp","href":"https:\/\/api.w.org\/{rel}","templated":true}]}}