{"id":48859,"date":"2023-04-07T00:00:00","date_gmt":"2023-04-06T22:00:00","guid":{"rendered":"https:\/\/imagazine.it\/aria-di-festa-torna-alle-origini\/"},"modified":"2023-04-07T00:00:00","modified_gmt":"2023-04-06T22:00:00","slug":"aria-di-festa-torna-alle-origini","status":"publish","type":"post","link":"https:\/\/imagazine.it\/home_desk\/aria-di-festa-torna-alle-origini\/","title":{"rendered":"Aria di Festa torna alle origini"},"content":{"rendered":"<p> \tSAN DANIELE DEL FRIULI \u2013 Il\u00a0<strong>Consorzio del Prosciutto di San Daniele<\/strong>\u00a0e la Citt\u00e0 di San Daniele del Friuli annunciano la 37esima edizione di\u00a0<strong>Aria di Festa<\/strong>. La kermesse enogastronomica, dopo lo stop del 2020 e del 2021 a causa della pandemia e dopo la formula Aria di Friuli Venezia Giulia svoltasi lo scorso anno eccezionalmente in agosto, ritorna nella sua collocazione tradizionale\u00a0<strong>dal 30 giugno al 3 luglio<\/strong>.<\/p>\n<p> \tLa quattro giorni, la cui prima edizione risale al 1985, animer\u00e0 con eventi e appuntamenti le strade della citt\u00e0 per celebrare il profondo legame che unisce il\u00a0<strong>Prosciutto di San Daniele<\/strong>\u00a0al suo territorio di origine.<\/p>\n<p> \tL\u2019edizione 2023 sar\u00e0 valorizzata da numerose attivit\u00e0 dedicate alla promozione del Prosciutto di San Daniele. Si terranno, infatti, <em>live cooking show<\/em>, <em>talk<\/em> tematici con ospiti di spicco, masterclass e laboratori sensoriali dedicati al Prosciutto di San Daniele. I prosciuttifici apriranno le porte degli stabilimenti di produzione proponendo visite guidate alla scoperta della lavorazione del San Daniele DOP, oltre ad un programma di intrattenimento e a proposte gastronomiche volti ad arricchire l\u2019offerta durante i quattro giorni di festa. Il centro storico della cittadina sar\u00e0 popolato da stand enogastronomici per offrire agli avventori degustazioni di Prosciutto di San Daniele in abbinamento a formaggi, panificati e frutta, oltre numerose pietanze con protagonista il prosciutto friulano.\u00a0<\/p>\n<p> \tAria di Festa 2023 si affianca a\u00a0<strong>Folkest<\/strong>\u00a0che per i suoi 45 anni di attivit\u00e0 ritorna al suo luogo di nascita, San Daniele del Friuli. Il festival dedicato agli artisti europei emergenti nel campo della\u00a0<em>world music<\/em>\u00a0si inserisce all\u2019interno dell\u2019evento che rappresenta un importante contenitore di varie eccellenze. Gli ospiti di questa edizione seguiranno la traccia di continuit\u00e0 con la tradizione del festival e con la storia musicale pi\u00f9 recente, per approdare in un programma che apre le porte alle professionalit\u00e0 internazionali pi\u00f9 elevate del grande mondo della\u00a0world music.\u00a0<\/p>\n<p> \tNei quattro giorni musica, <em>showcase<\/em>, mostre, incontri proietteranno la cittadina in una nuova prospettiva internazionale: Folkest \u00e8 infatti tra i fondatori della nuova piattaforma europea\u00a0<em>UpBeat<\/em>\u00a0per promuovere l\u2019incontro fra artisti e operatori internazionali.<\/p>\n<p> \tLa manifestazione dedicata al <strong>San Daniele DOP<\/strong> sar\u00e0 anche l\u2019occasione per scoprire le bellezze storico-artistiche, come la <strong>Biblioteca Guarneriana<\/strong>, e naturalistiche del luogo con i tour guidati della citt\u00e0 e del territorio circostante. Nel palinsesto non mancheranno eventi dedicati alle altre eccellenze regionali, ai vini del Friuli Venezia Giulia e alla convivialit\u00e0.\u00a0<\/p>\n<p> \tLa 37esima edizione di Aria di Festa \u00e8 organizzata dal Consorzio del Prosciutto di San Daniele unitamente al Comune di San Daniele e alla locale pro loco ed in collaborazione con esercenti e commercianti sandanielesi, in una nuova formula organizzativa.<\/p>\n<p> \t\u00a0<\/p>\n","protected":false},"excerpt":{"rendered":"<p>Dal 30 giugno al 3 luglio andr\u00e0 in scena a San Daniele del Friuli la storica kermesse dedicata al prosciutto friulano e alle altre eccellenze regionali<\/p>\n","protected":false},"author":28,"featured_media":48860,"comment_status":"closed","ping_status":"closed","sticky":false,"template":"","format":"standard","meta":{"dwc-title":[],"dwc-content":[],"footnotes":""},"categories":[8],"tags":[],"class_list":["post-48859","post","type-post","status-publish","format-standard","has-post-thumbnail","hentry","category-turismo"],"rttpg_featured_image_url":{"full":["https:\/\/imagazine.it\/wp-content\/uploads\/2024\/02\/52574-1.webp",1000,667,false],"landscape":["https:\/\/imagazine.it\/wp-content\/uploads\/2024\/02\/52574-1.webp",1000,667,false],"portraits":["https:\/\/imagazine.it\/wp-content\/uploads\/2024\/02\/52574-1.webp",1000,667,false],"thumbnail":["https:\/\/imagazine.it\/wp-content\/uploads\/2024\/02\/52574-1-150x150.webp",150,150,true],"medium":["https:\/\/imagazine.it\/wp-content\/uploads\/2024\/02\/52574-1-300x200.webp",300,200,true],"large":["https:\/\/imagazine.it\/wp-content\/uploads\/2024\/02\/52574-1.webp",640,427,false],"thumblist":["https:\/\/imagazine.it\/wp-content\/uploads\/2024\/02\/52574-1-300x300.webp",300,300,true],"thumbrelated":["https:\/\/imagazine.it\/wp-content\/uploads\/2024\/02\/52574-1-500x500.webp",500,500,true],"meccarouselthumb":["https:\/\/imagazine.it\/wp-content\/uploads\/2024\/02\/52574-1-474x324.webp",474,324,true],"gridsquare":["https:\/\/imagazine.it\/wp-content\/uploads\/2024\/02\/52574-1-391x260.webp",391,260,true],"tileview":["https:\/\/imagazine.it\/wp-content\/uploads\/2024\/02\/52574-1-300x400.webp",300,400,true],"1536x1536":["https:\/\/imagazine.it\/wp-content\/uploads\/2024\/02\/52574-1.webp",1000,667,false],"2048x2048":["https:\/\/imagazine.it\/wp-content\/uploads\/2024\/02\/52574-1.webp",1000,667,false],"newsup-slider-full":["https:\/\/imagazine.it\/wp-content\/uploads\/2024\/02\/52574-1.webp",1000,667,false],"newsup-featured":["https:\/\/imagazine.it\/wp-content\/uploads\/2024\/02\/52574-1.webp",1000,667,false],"newsup-medium":["https:\/\/imagazine.it\/wp-content\/uploads\/2024\/02\/52574-1-720x380.webp",720,380,true],"tptn_thumbnail":["https:\/\/imagazine.it\/wp-content\/uploads\/2024\/02\/52574-1.webp",250,167,false],"sow-carousel-default":["https:\/\/imagazine.it\/wp-content\/uploads\/2024\/02\/52574-1.webp",272,182,false]},"rttpg_author":{"display_name":"redazione","author_link":"https:\/\/imagazine.it\/home_desk\/author\/redazione\/"},"rttpg_comment":0,"rttpg_category":"<a href=\"https:\/\/imagazine.it\/home_desk\/category\/turismo\/\" rel=\"category tag\">TURISMO<\/a>","rttpg_excerpt":"Dal 30 giugno al 3 luglio andr\u00e0 in scena a San Daniele del Friuli la storica kermesse dedicata al prosciutto friulano e alle altre eccellenze regionali","_links":{"self":[{"href":"https:\/\/imagazine.it\/home_desk\/wp-json\/wp\/v2\/posts\/48859","targetHints":{"allow":["GET"]}}],"collection":[{"href":"https:\/\/imagazine.it\/home_desk\/wp-json\/wp\/v2\/posts"}],"about":[{"href":"https:\/\/imagazine.it\/home_desk\/wp-json\/wp\/v2\/types\/post"}],"author":[{"embeddable":true,"href":"https:\/\/imagazine.it\/home_desk\/wp-json\/wp\/v2\/users\/28"}],"replies":[{"embeddable":true,"href":"https:\/\/imagazine.it\/home_desk\/wp-json\/wp\/v2\/comments?post=48859"}],"version-history":[{"count":0,"href":"https:\/\/imagazine.it\/home_desk\/wp-json\/wp\/v2\/posts\/48859\/revisions"}],"wp:featuredmedia":[{"embeddable":true,"href":"https:\/\/imagazine.it\/home_desk\/wp-json\/wp\/v2\/media\/48860"}],"wp:attachment":[{"href":"https:\/\/imagazine.it\/home_desk\/wp-json\/wp\/v2\/media?parent=48859"}],"wp:term":[{"taxonomy":"category","embeddable":true,"href":"https:\/\/imagazine.it\/home_desk\/wp-json\/wp\/v2\/categories?post=48859"},{"taxonomy":"post_tag","embeddable":true,"href":"https:\/\/imagazine.it\/home_desk\/wp-json\/wp\/v2\/tags?post=48859"}],"curies":[{"name":"wp","href":"https:\/\/api.w.org\/{rel}","templated":true}]}}