{"id":48855,"date":"2023-04-06T00:00:00","date_gmt":"2023-04-05T22:00:00","guid":{"rendered":"https:\/\/imagazine.it\/le-regole-del-potere-spiegate-a-udine\/"},"modified":"2023-04-06T00:00:00","modified_gmt":"2023-04-05T22:00:00","slug":"le-regole-del-potere-spiegate-a-udine","status":"publish","type":"post","link":"https:\/\/imagazine.it\/home_desk\/le-regole-del-potere-spiegate-a-udine\/","title":{"rendered":"Le regole del potere spiegate a Udine"},"content":{"rendered":"<p> \tUDINE \u2013 \u00c8 <strong>\u201cPotere\u201d <\/strong>la parola-chiave della 19esima edizione del<strong> festival vicino\/lontano, <\/strong>in programma a Udine <strong>da mercoled\u00ec 3 a domenica 7 maggio, con eventi di anteprima <\/strong>gi\u00e0 dal fine settimana precedente.<\/p>\n<p> \t<strong>Ottanta gli appuntamenti in programma<\/strong>, tra confronti, incontri, concerti, mostre, spettacoli e proiezioni, che <strong>coin<\/strong><strong>volgeranno 200 personalit\u00e0 dal mondo delle scienze, della letteratura, dell\u2019arte, dello spettacolo e dell&#8217;informazione<\/strong>.<\/p>\n<p> \tFra gli ospiti dell\u2019edizione 2023 di vicino\/lontano: <strong>Ga\u00ebl<\/strong> <strong>Giraud<\/strong>, Vera <strong>Politkovskaja<\/strong>, Lucio <strong>Caracciolo<\/strong>, Miguel <strong>Benasayag<\/strong>, Francesca <strong>Mannocchi<\/strong>, \u00a0David <strong>Reynolds<\/strong>, Farian <strong>Sabahi<\/strong>, Ivan <strong>Dimitrijevi\u0107<\/strong>, Fariborz <strong>Kamkari,<\/strong> Franco \u201cBifo\u201d <strong>Berardi<\/strong>, Fabrizio <strong>Gatti, <\/strong>Annarosa <strong>Buttarelli, <\/strong>Guido <strong>Crainz<\/strong>, Fabio<strong> Chiusi<\/strong>, Floriana <strong>Bulfon, <\/strong>Raffaele<strong> Simone, <\/strong>Federico <strong>Cabitza, <\/strong>Stefan<strong> Boskovic, <\/strong>Iulian<strong> Ciocan, <\/strong>Luciana<strong> Borsatti, <\/strong>Marino <strong>Sinibaldi, <\/strong>Guido <strong>Barbujani<\/strong>, Elettra <strong>Stamboulis<\/strong>, Francesco <strong>Vignarca, <\/strong>Alberto <strong>Negri, <\/strong>Gabriella <strong>Caramore, <\/strong>Giovanni<strong> Boniolo, <\/strong>Valerio <strong>Pellizzari, <\/strong>Carlo<strong> Galli, <\/strong>Wissal<strong> Houbabi, <\/strong>Gilberto<strong> Corbellini, <\/strong>Alberto<strong> Cairo, <\/strong>Pier Aldo <strong>Rovatti, <\/strong>Stefano <strong>Massini<\/strong>.<\/p>\n<p> \tLa serata per la premiazione del vincitore del<strong> Premio letterario internazionale Tiziano Terzani <\/strong>sar\u00e0, come ogni anno, il momento centrale del festival, in programma <strong>sabato 6 <\/strong>al <strong>Teatro Nuovo Giovanni da Udine<\/strong>. Il vincitore 2023 verr\u00e0 annunciato da <strong>Angela Terzani<\/strong>, presidente della Giuria del Premio, mercoled\u00ec 12 aprile. <strong>Cal Flyn<\/strong> per <strong><em>Isole dell\u2019abbandono. Vita nel paesaggio post-umano <\/em><\/strong>(Atlantide), <strong>Paolo Giordano <\/strong>per <strong><em>Tasmania <\/em><\/strong>(Einaudi), <strong>Pierre Sautreuil <\/strong>per <strong>Le guerre perdute di Jurij Beljaev <\/strong>(Einaudi),<strong> Mikhail Shishkin <\/strong>per <strong><em>Russki Mir: guerra o pace? <\/em><\/strong>(21lettere) e <strong>Zerocalcare <\/strong>per <strong><em>No Sleep Till Shengal <\/em><\/strong>(Bao Publishing) sono i cinque finalisti della diciannovesima edizione.<\/p>\n<p> \tIl festival occuper\u00e0 anche quest\u2019anno il cuore della citt\u00e0 di Udine e alcuni dei suoi edifici storici \u2013 la <strong>chiesa di San Francesco, <\/strong>la<strong> Loggia del Lionello, <\/strong>il<strong> Salone del Popolo di Palazzo D\u2019Aronco, <\/strong>l\u2019<strong>Oratorio del Cristo, Palazzo Morpurgo<\/strong> \u2013 tutti messi a disposizione dal Comune di Udine.<\/p>\n<p> \tPer quanto riguarda gli spazi, quest&#8217;anno c&#8217;\u00e8 una importante novit\u00e0: parte del programma 2023 verr\u00e0 ospitato nella medievale <strong>Torre di Santa Maria<\/strong>, recentemente interessata da un ambizioso progetto di ristrutturazione finanziato da Confindustria Udine che l\u2019ha ora restituita alla citt\u00e0. Non mancheranno gli appuntamenti nelle <strong>librerie della citt\u00e0<\/strong>, che ogni anno supportano il festival ospitando molti eventi e curando anche un <strong>bookshop<\/strong> dedicato, gestito a cura delle <strong>Librerie Einaudi, Moderna e Tarantola<\/strong>.<\/p>\n<p> \tIl programma di vicino\/lontano 2023 ha la<strong> supervisione scientifica dell\u2019antropologo Nicola Gasbarro<\/strong>, presidente del comitato scientifico di vicino\/lontano, di cui fanno parte: Stefano <strong>Allievi<\/strong>, Lucio <strong>Caracciolo<\/strong>, Sergia <strong>Adamo<\/strong>, Massimiliano <strong>Panarari<\/strong>, Fabio <strong>Chiusi<\/strong>, Beatrice <strong>Bonato<\/strong>, Michele <strong>Morgante<\/strong>, Antonio <strong>Massarutto<\/strong>, Guido <strong>Crainz<\/strong>, Pier Aldo <strong>Rovatti<\/strong>, Giovanni <strong>Leghissa<\/strong>, Guglielmo <strong>Cevolin<\/strong>, Giancarlo <strong>Bosetti<\/strong> e Norma <strong>Zamparo<\/strong>. Quasi tutti, anche quest\u2019anno, coinvolti di persona negli eventi del festival. \u00c8 doveroso ricordare che senza il loro generoso impegno e il loro contributo di competenza e affidabilit\u00e0 scientifica il festival non avrebbe potuto mantenere negli anni il suo impegno e la sua fisionomia: un luogo di incrocio di saperi e un osservatorio aggiornato sul mondo che cambia. Un apporto fondamentale viene dato dalla <strong>sempre pi\u00f9 ampia rete di partner e collaborazioni<\/strong> che caratterizza il festival fin dal suo primo anno.<\/p>\n<p> \tSi conferma anche per questa edizione la curatela a tre del programma, con <strong>Paola Colombo <\/strong>e<strong> Franca Rigoni<\/strong> nuovamente affiancate da <strong>\u00c0len Loreti,<\/strong> biografo ufficiale di Tiziano Terzani, oltre che curatore dei due volumi dei \u2018Meridiani\u2019 Mondadori dedicati alle sue opere.<\/p>\n<p> \tDopo il difficile momento vissuto dalla scuola durante la pandemia, \u00e8 tornato a essere centrale nel festival il <strong>coinvolgimento delle giovani generazioni<\/strong>, grazie al<strong> Concorso Scuole Tiziano Terzani, <\/strong>che si realizza con il <strong>patrocinio dell\u2019Ufficio Scolastico Regionale<\/strong> e che ha registrato una massiccia adesione da parte delle scuole dell\u2019intera regione. Centinaia i progetti presentati. I vincitori saranno comunicati a breve dalla giuria del Concorso \u2013 di cui \u00e8 responsabile, per vicino\/lontano, la professoressa <strong>Doris Cutrino <\/strong>\u2013 e saranno premiati da <strong>Folco Terzani <\/strong>sabato 6 maggio, la mattina, al Teatro Nuovo Giovanni da Udine. Oltre un migliaio di ragazzi hanno poi partecipato nel corso di tutto l\u2019anno scolastico al progetto<strong> Il piacere della legalit\u00e0? Mondi a confronto, <\/strong>promosso dalla rete degli istituti superiori di Udine e coordinato da <strong>Liliana Mauro <\/strong>e<strong> Chiara Tempo<\/strong>. I risultati dell\u2019articolato percorso formativo verranno presentati ancora una volta all&#8217;interno del festival, che \u00e8 partner del progetto, come sempre nella mattinata del venerd\u00ec, il 5 maggio, al Teatro Nuovo Giovanni da Udine.<\/p>\n<p> \t<u><a href=\"https:\/\/www.imagazine.it\/eventi\/44190\" target=\"_blank\" rel=\"noopener\"><span style=\"color:#0000cd;\">Clicca qui per il programma completo del festival<\/span><\/a><\/u><\/p>\n<p> \t\u00a0<\/p>\n<p> \t\u00a0<\/p>\n","protected":false},"excerpt":{"rendered":"<p>Ottanta appuntamenti in calendario con 200 personalit\u00e0 dal mondo delle scienze, della letteratura, dell\u2019arte, dello spettacolo e dell&#8217;informazione. In attesa del Premio Terzani<\/p>\n","protected":false},"author":28,"featured_media":48856,"comment_status":"closed","ping_status":"closed","sticky":false,"template":"","format":"standard","meta":{"dwc-title":[],"dwc-content":[],"footnotes":""},"categories":[37],"tags":[],"class_list":["post-48855","post","type-post","status-publish","format-standard","has-post-thumbnail","hentry","category-cultura-e-spettacolo"],"rttpg_featured_image_url":{"full":["https:\/\/imagazine.it\/wp-content\/uploads\/2024\/02\/52566-1.webp",1600,1066,false],"landscape":["https:\/\/imagazine.it\/wp-content\/uploads\/2024\/02\/52566-1.webp",1600,1066,false],"portraits":["https:\/\/imagazine.it\/wp-content\/uploads\/2024\/02\/52566-1.webp",1600,1066,false],"thumbnail":["https:\/\/imagazine.it\/wp-content\/uploads\/2024\/02\/52566-1-150x150.webp",150,150,true],"medium":["https:\/\/imagazine.it\/wp-content\/uploads\/2024\/02\/52566-1-300x200.webp",300,200,true],"large":["https:\/\/imagazine.it\/wp-content\/uploads\/2024\/02\/52566-1-1024x682.webp",640,426,true],"thumblist":["https:\/\/imagazine.it\/wp-content\/uploads\/2024\/02\/52566-1-300x300.webp",300,300,true],"thumbrelated":["https:\/\/imagazine.it\/wp-content\/uploads\/2024\/02\/52566-1-500x500.webp",500,500,true],"meccarouselthumb":["https:\/\/imagazine.it\/wp-content\/uploads\/2024\/02\/52566-1-474x324.webp",474,324,true],"gridsquare":["https:\/\/imagazine.it\/wp-content\/uploads\/2024\/02\/52566-1-391x260.webp",391,260,true],"tileview":["https:\/\/imagazine.it\/wp-content\/uploads\/2024\/02\/52566-1-300x400.webp",300,400,true],"1536x1536":["https:\/\/imagazine.it\/wp-content\/uploads\/2024\/02\/52566-1-1536x1023.webp",1536,1023,true],"2048x2048":["https:\/\/imagazine.it\/wp-content\/uploads\/2024\/02\/52566-1.webp",1600,1066,false],"newsup-slider-full":["https:\/\/imagazine.it\/wp-content\/uploads\/2024\/02\/52566-1-1280x720.webp",1280,720,true],"newsup-featured":["https:\/\/imagazine.it\/wp-content\/uploads\/2024\/02\/52566-1-1024x682.webp",1024,682,true],"newsup-medium":["https:\/\/imagazine.it\/wp-content\/uploads\/2024\/02\/52566-1-720x380.webp",720,380,true],"tptn_thumbnail":["https:\/\/imagazine.it\/wp-content\/uploads\/2024\/02\/52566-1.webp",250,167,false],"sow-carousel-default":["https:\/\/imagazine.it\/wp-content\/uploads\/2024\/02\/52566-1.webp",272,182,false]},"rttpg_author":{"display_name":"redazione","author_link":"https:\/\/imagazine.it\/home_desk\/author\/redazione\/"},"rttpg_comment":0,"rttpg_category":"<a href=\"https:\/\/imagazine.it\/home_desk\/category\/cultura-e-spettacolo\/\" rel=\"category tag\">CULTURA&amp;SPETTACOLO<\/a>","rttpg_excerpt":"Ottanta appuntamenti in calendario con 200 personalit\u00e0 dal mondo delle scienze, della letteratura, dell\u2019arte, dello spettacolo e dell'informazione. In attesa del Premio Terzani","_links":{"self":[{"href":"https:\/\/imagazine.it\/home_desk\/wp-json\/wp\/v2\/posts\/48855","targetHints":{"allow":["GET"]}}],"collection":[{"href":"https:\/\/imagazine.it\/home_desk\/wp-json\/wp\/v2\/posts"}],"about":[{"href":"https:\/\/imagazine.it\/home_desk\/wp-json\/wp\/v2\/types\/post"}],"author":[{"embeddable":true,"href":"https:\/\/imagazine.it\/home_desk\/wp-json\/wp\/v2\/users\/28"}],"replies":[{"embeddable":true,"href":"https:\/\/imagazine.it\/home_desk\/wp-json\/wp\/v2\/comments?post=48855"}],"version-history":[{"count":0,"href":"https:\/\/imagazine.it\/home_desk\/wp-json\/wp\/v2\/posts\/48855\/revisions"}],"wp:featuredmedia":[{"embeddable":true,"href":"https:\/\/imagazine.it\/home_desk\/wp-json\/wp\/v2\/media\/48856"}],"wp:attachment":[{"href":"https:\/\/imagazine.it\/home_desk\/wp-json\/wp\/v2\/media?parent=48855"}],"wp:term":[{"taxonomy":"category","embeddable":true,"href":"https:\/\/imagazine.it\/home_desk\/wp-json\/wp\/v2\/categories?post=48855"},{"taxonomy":"post_tag","embeddable":true,"href":"https:\/\/imagazine.it\/home_desk\/wp-json\/wp\/v2\/tags?post=48855"}],"curies":[{"name":"wp","href":"https:\/\/api.w.org\/{rel}","templated":true}]}}