{"id":48835,"date":"2023-04-04T00:00:00","date_gmt":"2023-04-03T22:00:00","guid":{"rendered":"https:\/\/imagazine.it\/studenti-iberici-e-friulani-ridisegnano-spilimbergo\/"},"modified":"2023-04-04T00:00:00","modified_gmt":"2023-04-03T22:00:00","slug":"studenti-iberici-e-friulani-ridisegnano-spilimbergo","status":"publish","type":"post","link":"https:\/\/imagazine.it\/home_desk\/studenti-iberici-e-friulani-ridisegnano-spilimbergo\/","title":{"rendered":"Studenti iberici e friulani ridisegnano Spilimbergo"},"content":{"rendered":"<p> \tSPILIMBERGO \u2013 Rivisitare e proporre nuove idee di spazi urbani per<strong> valorizzare il nucleo storico di Spilimbergo<\/strong>, cittadina di riconosciuto valore architettonico a livello mondiale.<\/p>\n<p> \t\u00c8 l\u2019obiettivo di un\u2019<strong>esperienza di studio e progettuale <\/strong>che coinvolge una<strong> trentina di studenti di architettura delle universit\u00e0 di Udine, Valladolid (Spagna) e Beira Interior di Covilh\u00e3 (Portogallo). <\/strong><\/p>\n<p> \t<strong>Fino al 6 aprile<\/strong> gli aspiranti architetti, in <strong>collaborazione<\/strong> con la <strong>Scuola Mosaicisti del Friuli di Spilimbergo<\/strong>, lavoreranno per immaginare la riconfigurazione tra costruito e spazi esterni. Gallerie, patii, portici o terrazze costituiranno la base per ideare spazi tra interno ed esterno che facciano convivere elementi architettonici e l\u2019arte del mosaico costruendo un ponte tra tradizione e contemporaneit\u00e0.<\/p>\n<p> \t<strong>Il workshop<\/strong>, intitolato \u201c<em>La Scuola Mosaicisti del Friuli e l\u2019architettura della soglia: nuovi spazi urbani per la citt\u00e0 di Spilimbergo<\/em>\u201d, <strong>rientra negli <em>Erasmus Blended intensive programme<\/em><\/strong>, progetti intensivi transnazionali finanziati dalla Commissione europea.<\/p>\n<p> \tL\u2019esperienza \u00e8 iniziata a nella seconda met\u00e0 di marzo con attivit\u00e0 da remoto che hanno visto anche la partecipazione del professor <strong>Fernando Zapara\u00edn<\/strong> dell\u2019Ateneo di Valladolid e dell\u2019architetto <strong>Juan Carlos Arnuncio<\/strong>, professore emerito della Escuela T\u00e9cnica de Arquitectura de Madrid. Il gruppo di studenti e docenti si \u00e8 riunito poi in Friuli per seguire lezioni, svolgere le attivit\u00e0 progettuali e visitare Spilimbergo, Aquileia e Cividale del Friuli.<\/p>\n<p> \tL\u2019iniziativa \u00e8 diretta da <strong>Claudia Pirina<\/strong>, docente di composizione architettonica e urbana, nell\u2019ambito degli eventi organizzati in occasione del ventennale del corso di laurea in Architettura dell\u2019Ateneo friulano. Gli altri docenti che partecipano al progetto sono <strong>Javier Blanco<\/strong>, <strong>Pablo Llamazares Blanco<\/strong>, <strong>\u00c1lvaro Moral Garc\u00eda<\/strong> e <strong>Jorge Ramos Jular<\/strong> dell\u2019Universit\u00e0 di Valladolid; <strong>Miriam Ruiz-I\u00f1igo<\/strong> dell\u2019Universit\u00e0 di Covilh\u00e3 e <strong>Giovanni Comi<\/strong> dell\u2019Ateneo friulano, con la collaborazione dell\u2019architetto <strong>Vincenzo D\u2019Abramo<\/strong>.<\/p>\n<p> \tNella giornata conclusiva i lavori degli studenti saranno discussi anche alla presenza del presidente e del direttore della Scuola Mosaicisti del Friuli,<strong> Stefano Lovison <\/strong>e<strong> Gian Piero Brovedani<\/strong>, del coordinatore del corso di studi <strong>Alberto Sdegno<\/strong> e di <strong>Renato Bocchi<\/strong>, docente dell\u2019Universit\u00e0 Iuav di Venezia.<\/p>\n<p> \t\u00abQuesto workshop \u2013 spiega la professoressa <strong>Pirina<\/strong> \u2013 si propone di sviluppare riflessioni critiche sulla valorizzazione architettonica e paesaggistica del patrimonio friulano, la sostenibilit\u00e0 e la resilienza dei piccoli centri. La citt\u00e0 di Spilimbergo costituisce un\u2019occasione per individuare nella trasformazione dei processi dello spazio urbano la chiave per l\u2019integrazione tra il tessuto storico e gli spazi della storica istituzione formativa di prestigio internazionale della Scuola Mosaicisti del Friuli\u00bb.<\/p>\n<p> \t\u00a0<\/p>\n","protected":false},"excerpt":{"rendered":"<p>Trenta aspiranti architetti coinvolti per elaborare nuove idee di valorizzazione degli spazi urbani<\/p>\n","protected":false},"author":28,"featured_media":48836,"comment_status":"closed","ping_status":"closed","sticky":false,"template":"","format":"standard","meta":{"dwc-title":[],"dwc-content":[],"footnotes":""},"categories":[5],"tags":[],"class_list":["post-48835","post","type-post","status-publish","format-standard","has-post-thumbnail","hentry","category-attualita"],"rttpg_featured_image_url":{"full":["https:\/\/imagazine.it\/wp-content\/uploads\/2024\/02\/52536-1.webp",1120,531,false],"landscape":["https:\/\/imagazine.it\/wp-content\/uploads\/2024\/02\/52536-1.webp",1120,531,false],"portraits":["https:\/\/imagazine.it\/wp-content\/uploads\/2024\/02\/52536-1.webp",1120,531,false],"thumbnail":["https:\/\/imagazine.it\/wp-content\/uploads\/2024\/02\/52536-1-150x150.webp",150,150,true],"medium":["https:\/\/imagazine.it\/wp-content\/uploads\/2024\/02\/52536-1-300x142.webp",300,142,true],"large":["https:\/\/imagazine.it\/wp-content\/uploads\/2024\/02\/52536-1-1024x485.webp",640,303,true],"thumblist":["https:\/\/imagazine.it\/wp-content\/uploads\/2024\/02\/52536-1-300x300.webp",300,300,true],"thumbrelated":["https:\/\/imagazine.it\/wp-content\/uploads\/2024\/02\/52536-1-500x500.webp",500,500,true],"meccarouselthumb":["https:\/\/imagazine.it\/wp-content\/uploads\/2024\/02\/52536-1-474x324.webp",474,324,true],"gridsquare":["https:\/\/imagazine.it\/wp-content\/uploads\/2024\/02\/52536-1-391x260.webp",391,260,true],"tileview":["https:\/\/imagazine.it\/wp-content\/uploads\/2024\/02\/52536-1-300x400.webp",300,400,true],"1536x1536":["https:\/\/imagazine.it\/wp-content\/uploads\/2024\/02\/52536-1.webp",1120,531,false],"2048x2048":["https:\/\/imagazine.it\/wp-content\/uploads\/2024\/02\/52536-1.webp",1120,531,false],"newsup-slider-full":["https:\/\/imagazine.it\/wp-content\/uploads\/2024\/02\/52536-1.webp",1120,531,false],"newsup-featured":["https:\/\/imagazine.it\/wp-content\/uploads\/2024\/02\/52536-1-1024x485.webp",1024,485,true],"newsup-medium":["https:\/\/imagazine.it\/wp-content\/uploads\/2024\/02\/52536-1-720x380.webp",720,380,true],"tptn_thumbnail":["https:\/\/imagazine.it\/wp-content\/uploads\/2024\/02\/52536-1.webp",250,119,false],"sow-carousel-default":["https:\/\/imagazine.it\/wp-content\/uploads\/2024\/02\/52536-1.webp",272,129,false]},"rttpg_author":{"display_name":"redazione","author_link":"https:\/\/imagazine.it\/home_desk\/author\/redazione\/"},"rttpg_comment":0,"rttpg_category":"<a href=\"https:\/\/imagazine.it\/home_desk\/category\/attualita\/\" rel=\"category tag\">ATTUALIT\u00c0<\/a>","rttpg_excerpt":"Trenta aspiranti architetti coinvolti per elaborare nuove idee di valorizzazione degli spazi urbani","_links":{"self":[{"href":"https:\/\/imagazine.it\/home_desk\/wp-json\/wp\/v2\/posts\/48835","targetHints":{"allow":["GET"]}}],"collection":[{"href":"https:\/\/imagazine.it\/home_desk\/wp-json\/wp\/v2\/posts"}],"about":[{"href":"https:\/\/imagazine.it\/home_desk\/wp-json\/wp\/v2\/types\/post"}],"author":[{"embeddable":true,"href":"https:\/\/imagazine.it\/home_desk\/wp-json\/wp\/v2\/users\/28"}],"replies":[{"embeddable":true,"href":"https:\/\/imagazine.it\/home_desk\/wp-json\/wp\/v2\/comments?post=48835"}],"version-history":[{"count":0,"href":"https:\/\/imagazine.it\/home_desk\/wp-json\/wp\/v2\/posts\/48835\/revisions"}],"wp:featuredmedia":[{"embeddable":true,"href":"https:\/\/imagazine.it\/home_desk\/wp-json\/wp\/v2\/media\/48836"}],"wp:attachment":[{"href":"https:\/\/imagazine.it\/home_desk\/wp-json\/wp\/v2\/media?parent=48835"}],"wp:term":[{"taxonomy":"category","embeddable":true,"href":"https:\/\/imagazine.it\/home_desk\/wp-json\/wp\/v2\/categories?post=48835"},{"taxonomy":"post_tag","embeddable":true,"href":"https:\/\/imagazine.it\/home_desk\/wp-json\/wp\/v2\/tags?post=48835"}],"curies":[{"name":"wp","href":"https:\/\/api.w.org\/{rel}","templated":true}]}}