{"id":48797,"date":"2023-03-28T00:00:00","date_gmt":"2023-03-27T22:00:00","guid":{"rendered":"https:\/\/imagazine.it\/trieste-diventa-citta-della-fotografia\/"},"modified":"2023-03-28T00:00:00","modified_gmt":"2023-03-27T22:00:00","slug":"trieste-diventa-citta-della-fotografia","status":"publish","type":"post","link":"https:\/\/imagazine.it\/home_desk\/trieste-diventa-citta-della-fotografia\/","title":{"rendered":"Trieste diventa citt\u00e0 della fotografia"},"content":{"rendered":"<p> \tTRIESTE \u2013 Nel 2023 festeggia l&#8217;undicesima edizione \u201c<strong>Le Vie delle foto<\/strong>\u201d, manifestazione che trasforma il centro di <strong>Trieste<\/strong>, con i suoi esercizi pubblici e locali storici, in un\u2019enorme mostra fotografica.<br \/> \tContesto nel quale fotografi, professionisti e non, provenienti da tutta Italia e dal resto del mondo, possono esporre i propri scatti e che, a fine evento, anche quest\u2019anno vedr\u00e0 la pubblicazione di un catalogo fotografico.<\/p>\n<p> \tInvariata la formula che per un mese trasforma Trieste nella \u201c<strong>Citt\u00e0 della fotografia<\/strong>\u201d: a ogni fotografo viene assegnato un esercizio pubblico tra quelli aderenti al percorso, cosicch\u00e9 le singole mostre possano avere ciascuna un proprio tema. Le foto verranno esposte per tutto il mese e sar\u00e0 possibile visitare le mostre durante gli orari di apertura dei singoli locali.<\/p>\n<p> \tOgni sabato del mese sono previste inoltre visite guidate con percorsi creati <em>ad hoc<\/em> per poter ammirare sia le mostre che apprezzare i locali che le ospitano, oltre alla citt\u00e0 in tutti i suoi angoli pi\u00f9 belli e caratteristici, anche quelli meno noti.<\/p>\n<p> \tQuest&#8217;anno saranno una quarantina i locali aderenti che ospiteranno le mostre fotgrafiche di altrettanti artisti, nazionali ed esteri. Da luned\u00ec 3 aprile sar\u00e0 disponibile in omaggio in tutti i locali che aderiscono all&#8217;iniziativa la mappa con gli esercizi che ospitano le mostre.<\/p>\n<p> \tPer tutto il mese di aprile, ogni sabato pomeriggio alle ore 16 la guida volontaria <strong>Onoria Fragiacomo <\/strong>terr\u00e0 delle visite guidate che partiranno ogni volta da punti diversi: da piazza Sant&#8217;Antonio, piazza dell&#8217;Unit\u00e0, piazza del Ponterosso e Largo Bonifacio (all&#8217;inizio di Viale XX Settembre).<\/p>\n<p> \t\u201cLe Vie delle Foto\u201d \u00e8 nata nel 2011 da un\u2019idea dell\u2019imprenditrice triestina <strong>Linda Simeone<\/strong> e presenta ogni anno novit\u00e0 e innovazioni; visto il successo delle ultime edizioni caratterizzate da degustazioni ed eventi correlati, anche per questa edizione sono previsti convegni, workshop e presentazioni del progetto in tutta Italia, con l\u2019obiettivo di portare nuovi fotografi a Trieste e Trieste in giro per il mondo, accrescendo l&#8217;attrattivit\u00e0 turistica e contribuendo allo sviluppo economico della citt\u00e0 e delle attivit\u00e0 ospitate.<\/p>\n<p> \tInfo: <u><a href=\"http:\/\/www.leviedellefoto.it\/\" target=\"_blank\" rel=\"noopener\"><span style=\"color:#0000cd;\">www.leviedellefoto.it<\/span><\/a><\/u><\/p>\n<p> \t\u00a0<\/p>\n","protected":false},"excerpt":{"rendered":"<p>Per tutto il mese di aprile il centro cittadino si trasformer\u00e0 in un\u2019enorme mostra fotografica con scatti esposti in esercizi pubblici e locali storici<\/p>\n","protected":false},"author":28,"featured_media":48798,"comment_status":"closed","ping_status":"closed","sticky":false,"template":"","format":"standard","meta":{"dwc-title":[],"dwc-content":[],"footnotes":""},"categories":[37],"tags":[],"class_list":["post-48797","post","type-post","status-publish","format-standard","has-post-thumbnail","hentry","category-cultura-e-spettacolo"],"rttpg_featured_image_url":{"full":["https:\/\/imagazine.it\/wp-content\/uploads\/2024\/02\/52493-1.webp",1000,692,false],"landscape":["https:\/\/imagazine.it\/wp-content\/uploads\/2024\/02\/52493-1.webp",1000,692,false],"portraits":["https:\/\/imagazine.it\/wp-content\/uploads\/2024\/02\/52493-1.webp",1000,692,false],"thumbnail":["https:\/\/imagazine.it\/wp-content\/uploads\/2024\/02\/52493-1-150x150.webp",150,150,true],"medium":["https:\/\/imagazine.it\/wp-content\/uploads\/2024\/02\/52493-1-300x208.webp",300,208,true],"large":["https:\/\/imagazine.it\/wp-content\/uploads\/2024\/02\/52493-1.webp",640,443,false],"thumblist":["https:\/\/imagazine.it\/wp-content\/uploads\/2024\/02\/52493-1-300x300.webp",300,300,true],"thumbrelated":["https:\/\/imagazine.it\/wp-content\/uploads\/2024\/02\/52493-1-500x500.webp",500,500,true],"meccarouselthumb":["https:\/\/imagazine.it\/wp-content\/uploads\/2024\/02\/52493-1-474x324.webp",474,324,true],"gridsquare":["https:\/\/imagazine.it\/wp-content\/uploads\/2024\/02\/52493-1-391x260.webp",391,260,true],"tileview":["https:\/\/imagazine.it\/wp-content\/uploads\/2024\/02\/52493-1-300x400.webp",300,400,true],"1536x1536":["https:\/\/imagazine.it\/wp-content\/uploads\/2024\/02\/52493-1.webp",1000,692,false],"2048x2048":["https:\/\/imagazine.it\/wp-content\/uploads\/2024\/02\/52493-1.webp",1000,692,false],"newsup-slider-full":["https:\/\/imagazine.it\/wp-content\/uploads\/2024\/02\/52493-1.webp",1000,692,false],"newsup-featured":["https:\/\/imagazine.it\/wp-content\/uploads\/2024\/02\/52493-1.webp",1000,692,false],"newsup-medium":["https:\/\/imagazine.it\/wp-content\/uploads\/2024\/02\/52493-1-720x380.webp",720,380,true],"tptn_thumbnail":["https:\/\/imagazine.it\/wp-content\/uploads\/2024\/02\/52493-1.webp",250,173,false],"sow-carousel-default":["https:\/\/imagazine.it\/wp-content\/uploads\/2024\/02\/52493-1.webp",263,182,false]},"rttpg_author":{"display_name":"redazione","author_link":"https:\/\/imagazine.it\/home_desk\/author\/redazione\/"},"rttpg_comment":0,"rttpg_category":"<a href=\"https:\/\/imagazine.it\/home_desk\/category\/cultura-e-spettacolo\/\" rel=\"category tag\">CULTURA&amp;SPETTACOLO<\/a>","rttpg_excerpt":"Per tutto il mese di aprile il centro cittadino si trasformer\u00e0 in un\u2019enorme mostra fotografica con scatti esposti in esercizi pubblici e locali storici","_links":{"self":[{"href":"https:\/\/imagazine.it\/home_desk\/wp-json\/wp\/v2\/posts\/48797","targetHints":{"allow":["GET"]}}],"collection":[{"href":"https:\/\/imagazine.it\/home_desk\/wp-json\/wp\/v2\/posts"}],"about":[{"href":"https:\/\/imagazine.it\/home_desk\/wp-json\/wp\/v2\/types\/post"}],"author":[{"embeddable":true,"href":"https:\/\/imagazine.it\/home_desk\/wp-json\/wp\/v2\/users\/28"}],"replies":[{"embeddable":true,"href":"https:\/\/imagazine.it\/home_desk\/wp-json\/wp\/v2\/comments?post=48797"}],"version-history":[{"count":0,"href":"https:\/\/imagazine.it\/home_desk\/wp-json\/wp\/v2\/posts\/48797\/revisions"}],"wp:featuredmedia":[{"embeddable":true,"href":"https:\/\/imagazine.it\/home_desk\/wp-json\/wp\/v2\/media\/48798"}],"wp:attachment":[{"href":"https:\/\/imagazine.it\/home_desk\/wp-json\/wp\/v2\/media?parent=48797"}],"wp:term":[{"taxonomy":"category","embeddable":true,"href":"https:\/\/imagazine.it\/home_desk\/wp-json\/wp\/v2\/categories?post=48797"},{"taxonomy":"post_tag","embeddable":true,"href":"https:\/\/imagazine.it\/home_desk\/wp-json\/wp\/v2\/tags?post=48797"}],"curies":[{"name":"wp","href":"https:\/\/api.w.org\/{rel}","templated":true}]}}