{"id":48781,"date":"2023-03-27T00:00:00","date_gmt":"2023-03-26T22:00:00","guid":{"rendered":"https:\/\/imagazine.it\/ritmica-lasu-vola-alle-final-six\/"},"modified":"2023-03-27T00:00:00","modified_gmt":"2023-03-26T22:00:00","slug":"ritmica-lasu-vola-alle-final-six","status":"publish","type":"post","link":"https:\/\/imagazine.it\/home_desk\/ritmica-lasu-vola-alle-final-six\/","title":{"rendered":"Ritmica, l&#8217;ASU vola alle final six"},"content":{"rendered":"<p> \t<strong>UDINE<\/strong> \u2013 Conclusa la <em>Regular Season<\/em>, le <strong>atlete della ginnastica ritmica dell\u2019Associazione Sportiva Udinese<\/strong> confermano il loro <strong>secondo posto nella classifica generale<\/strong> e accedono di diritto alla Final Six, in programma al Pala Gianni Asti (ex PalaRuffini) di Torino nel weekend del <strong>29 e 30 aprile<\/strong>.<\/p>\n<p> \t\u00ab<em>Abbiamo superato ogni nostra <\/em><em>aspettativa <\/em>\u2013 ha commentato <strong>Spela Draga\u0161<\/strong> che allena la squadra friulana con <strong>Magda Pigano<\/strong>, <strong>Carlotta Longo<\/strong> e il supporto della coreografa <strong>Laura Miotti <\/strong>\u2013<em>. Ci saremmo aspettate almeno un podio, ma mai avremmo sperato in una tripletta e di arrivare addirittura seconde nella classifica generale<\/em>. <em>Questo ci facilita anche nel sorteggio per la Final Six. In prima battuta dovremo confrontarci con una delle squadre che ha raggiunto il <\/em><em>4\u00b0, 5\u00b0 o 6\u00b0 posto. Qualora quel turno andasse bene, ci troveremmo a entrare direttamente al serale nel quale sar\u00e0 stabilit\u00e0 la classifica finale del podio<\/em>\u00bb.<\/p>\n<p> \tUn risultato che secondo la tecnica ha ancora pi\u00f9 valore per la giovane et\u00e0 delle atlete tutte cresciute all\u2019ASU (<strong>Tara Draga\u0161<\/strong> e <strong>Isabelle Tavano<\/strong> del 2007 e <strong>Isabel Rocco<\/strong> del 2008) e perch\u00e9 in questa tappa non \u00e8 scesa in pedana l\u2019atleta straniera in prestito.<\/p>\n<p> \tEntusiasta anche il commento del direttore generale di ASU, Nicola Di Benedetto, presente in campo gara: \u00ab<em>Le ragazze sono state tutte bravissime<\/em> il<em> percorso di maturazione di tutte (Tara Dragas, Isabelle Tavano, Elena Perissinotto e Isabel Rocco) \u00e8 evidente. Questo sia dal punto di vista tecnico che di costo di gestione della gara. Sappiamo bene, infatti, che l&#8217;emotivit\u00e0 della pedana pu\u00f2 giocare un ruolo di non poco conto e incidere significativamente sui risultati. Le ragazze per\u00f2 stanno acquisendo sempre pi\u00f9 maturit\u00e0 in tal senso. Pertanto, se questi sono i presupposti, mi sento di dire che alla Final Six saranno in grado di essere ancora pi\u00f9 precise e attente<\/em>\u00bb.<\/p>\n<p> \t\u00a0<\/p>\n","protected":false},"excerpt":{"rendered":"<p>Le farfalle udinesi confermano il secondo posto in classifica. A fine aprile a Torino le gare per il titolo<\/p>\n","protected":false},"author":28,"featured_media":48782,"comment_status":"closed","ping_status":"closed","sticky":false,"template":"","format":"standard","meta":{"dwc-title":[],"dwc-content":[],"footnotes":""},"categories":[38],"tags":[],"class_list":["post-48781","post","type-post","status-publish","format-standard","has-post-thumbnail","hentry","category-sport"],"rttpg_featured_image_url":{"full":["https:\/\/imagazine.it\/wp-content\/uploads\/2024\/02\/52480-1.webp",1000,711,false],"landscape":["https:\/\/imagazine.it\/wp-content\/uploads\/2024\/02\/52480-1.webp",1000,711,false],"portraits":["https:\/\/imagazine.it\/wp-content\/uploads\/2024\/02\/52480-1.webp",1000,711,false],"thumbnail":["https:\/\/imagazine.it\/wp-content\/uploads\/2024\/02\/52480-1-150x150.webp",150,150,true],"medium":["https:\/\/imagazine.it\/wp-content\/uploads\/2024\/02\/52480-1-300x213.webp",300,213,true],"large":["https:\/\/imagazine.it\/wp-content\/uploads\/2024\/02\/52480-1.webp",640,455,false],"thumblist":["https:\/\/imagazine.it\/wp-content\/uploads\/2024\/02\/52480-1-300x300.webp",300,300,true],"thumbrelated":["https:\/\/imagazine.it\/wp-content\/uploads\/2024\/02\/52480-1-500x500.webp",500,500,true],"meccarouselthumb":["https:\/\/imagazine.it\/wp-content\/uploads\/2024\/02\/52480-1-474x324.webp",474,324,true],"gridsquare":["https:\/\/imagazine.it\/wp-content\/uploads\/2024\/02\/52480-1-391x260.webp",391,260,true],"tileview":["https:\/\/imagazine.it\/wp-content\/uploads\/2024\/02\/52480-1-300x400.webp",300,400,true],"1536x1536":["https:\/\/imagazine.it\/wp-content\/uploads\/2024\/02\/52480-1.webp",1000,711,false],"2048x2048":["https:\/\/imagazine.it\/wp-content\/uploads\/2024\/02\/52480-1.webp",1000,711,false],"newsup-slider-full":["https:\/\/imagazine.it\/wp-content\/uploads\/2024\/02\/52480-1.webp",1000,711,false],"newsup-featured":["https:\/\/imagazine.it\/wp-content\/uploads\/2024\/02\/52480-1.webp",1000,711,false],"newsup-medium":["https:\/\/imagazine.it\/wp-content\/uploads\/2024\/02\/52480-1-720x380.webp",720,380,true],"tptn_thumbnail":["https:\/\/imagazine.it\/wp-content\/uploads\/2024\/02\/52480-1.webp",250,178,false],"sow-carousel-default":["https:\/\/imagazine.it\/wp-content\/uploads\/2024\/02\/52480-1.webp",256,182,false]},"rttpg_author":{"display_name":"redazione","author_link":"https:\/\/imagazine.it\/home_desk\/author\/redazione\/"},"rttpg_comment":0,"rttpg_category":"<a href=\"https:\/\/imagazine.it\/home_desk\/category\/sport\/\" rel=\"category tag\">SPORT<\/a>","rttpg_excerpt":"Le farfalle udinesi confermano il secondo posto in classifica. A fine aprile a Torino le gare per il titolo","_links":{"self":[{"href":"https:\/\/imagazine.it\/home_desk\/wp-json\/wp\/v2\/posts\/48781","targetHints":{"allow":["GET"]}}],"collection":[{"href":"https:\/\/imagazine.it\/home_desk\/wp-json\/wp\/v2\/posts"}],"about":[{"href":"https:\/\/imagazine.it\/home_desk\/wp-json\/wp\/v2\/types\/post"}],"author":[{"embeddable":true,"href":"https:\/\/imagazine.it\/home_desk\/wp-json\/wp\/v2\/users\/28"}],"replies":[{"embeddable":true,"href":"https:\/\/imagazine.it\/home_desk\/wp-json\/wp\/v2\/comments?post=48781"}],"version-history":[{"count":0,"href":"https:\/\/imagazine.it\/home_desk\/wp-json\/wp\/v2\/posts\/48781\/revisions"}],"wp:featuredmedia":[{"embeddable":true,"href":"https:\/\/imagazine.it\/home_desk\/wp-json\/wp\/v2\/media\/48782"}],"wp:attachment":[{"href":"https:\/\/imagazine.it\/home_desk\/wp-json\/wp\/v2\/media?parent=48781"}],"wp:term":[{"taxonomy":"category","embeddable":true,"href":"https:\/\/imagazine.it\/home_desk\/wp-json\/wp\/v2\/categories?post=48781"},{"taxonomy":"post_tag","embeddable":true,"href":"https:\/\/imagazine.it\/home_desk\/wp-json\/wp\/v2\/tags?post=48781"}],"curies":[{"name":"wp","href":"https:\/\/api.w.org\/{rel}","templated":true}]}}