{"id":48709,"date":"2023-03-14T00:00:00","date_gmt":"2023-03-13T23:00:00","guid":{"rendered":"https:\/\/imagazine.it\/canoa-maratona-sei-tricolori-per-san-giorgio\/"},"modified":"2023-03-14T00:00:00","modified_gmt":"2023-03-13T23:00:00","slug":"canoa-maratona-sei-tricolori-per-san-giorgio","status":"publish","type":"post","link":"https:\/\/imagazine.it\/home_desk\/canoa-maratona-sei-tricolori-per-san-giorgio\/","title":{"rendered":"Canoa maratona, sei tricolori per San Giorgio"},"content":{"rendered":"<p> \tSAN GIORGIO DI NOGARO \u2013 Sei sono i titoli tricolori che i canoisti sangiorgini hanno conquistato ai <strong>Campionati italiani di canoa maratona<\/strong> disputati sul fiume Corno a San Giorgio di Nogaro nei due giorni di gare che hanno portato nella localit\u00e0 friulana 535 atleti in rappresentanza di 74 societ\u00e0 provenienti da tutta Italia.\u00a0<\/p>\n<p> \tIn auge <strong>Federico Zanutta<\/strong>, vittorioso nel singolo Junior e anche in doppio con <strong>Davide Franco<\/strong> nel K2 U23.<\/p>\n<p> \tIl sabato mattina Zanutta, campione europeo junior nel 2022 sulla distanza olimpica e anche argento agli Europei e ai Mondiali, ha dato prova della sua classe e preparazione vincendo sui 16 km, comprendenti due trasbordi, con uno sprint finale fermando il crono a 1ora 14\u201934\u201d75 con <strong>Ceretti<\/strong> della Verbano a due secondi soltanto.<\/p>\n<p> \tGli altri due titoli del sabato sono arrivati grazie ai master <strong>Luigi Scarantino\/Gabriele Bortolotto<\/strong> nei Ms D e a <strong>Martina Zamaro\/Mauro Scrazzolo<\/strong> nel Ms A misto.<\/p>\n<p> \tLa domenica ha visto di nuovo Zanutta vincitore del suo secondo titolo, questa volta nel K2-U23 assieme al compagno societario Davide Franco, per loro il tempo sui 20 km \u00e8 di 1ora 07\u201947\u201d31.<\/p>\n<p> \tGli altri due titoli italiani sono stati vinti nella specialit\u00e0 canadese da <strong>Davide Bernardi\/Gabriele Cazzola<\/strong> nel C2 Ragazzi che hanno portato a termine i 12 km della gara in 53\u201924\u201d63, mentre <strong>Alessandra Ietri\/Elisa Miolo<\/strong> hanno vinto il C2 Junior chiudendo i 16 Km della gara in 1 ora 34\u201906\u201d59.<\/p>\n<p> \tI sangiorgini hanno conquistato anche cinque medaglie con i secondi posti di <strong>Alice Biondin\/Carlotta Strukelj <\/strong>nel K2 Junior, <strong>Desir\u00e8 Fanin\/Elisa Zanon<\/strong> nel K2 Senior, <strong>Francesco Ghenda\/Stefano Baldo<\/strong> nel C2 Senior, <strong>Gabriele Bortolotto <\/strong>nel K1Master D, e con <strong>Gioia Bortolotto\/Giulia Pevere<\/strong> nel K2 Ragazze.<\/p>\n<p> \tLe gare della domenica hanno subito un\u2019interruzione a causa di attivit\u00e0 portuale, comunque il programma completo \u00e8 stato portato a termine e si \u00e8 chiuso con le gare U14 dei cadetti B disputate sugli 8 Km, senza titolo in palio. Per i sangiorgini hanno conquistato l\u2019oro <strong>Alessandro Dri<\/strong> in C1 e poi lo stesso Dri con <strong>Gabriele Candotti<\/strong> nel C2, <strong>Irene Cattarin\/Margot Micheli<\/strong> nel K2, l\u2019argento con <strong>Giada Scarantino\/Gioia Cecchini<\/strong> nel K2, <strong>Daniel Scozzin<\/strong> nel C1, e il bronzo con <strong>Giada Scarantino<\/strong> nel K1.<\/p>\n<p> \t\u00a0<\/p>\n","protected":false},"excerpt":{"rendered":"<p>In Friuli si sono confrontati 535 atleti in rappresentanza di 74 societ\u00e0 provenienti da tutta Italia<\/p>\n","protected":false},"author":22,"featured_media":48710,"comment_status":"closed","ping_status":"closed","sticky":false,"template":"","format":"standard","meta":{"dwc-title":[],"dwc-content":[],"footnotes":""},"categories":[38],"tags":[],"class_list":["post-48709","post","type-post","status-publish","format-standard","has-post-thumbnail","hentry","category-sport"],"rttpg_featured_image_url":{"full":["https:\/\/imagazine.it\/wp-content\/uploads\/2024\/02\/52358-1.webp",1000,695,false],"landscape":["https:\/\/imagazine.it\/wp-content\/uploads\/2024\/02\/52358-1.webp",1000,695,false],"portraits":["https:\/\/imagazine.it\/wp-content\/uploads\/2024\/02\/52358-1.webp",1000,695,false],"thumbnail":["https:\/\/imagazine.it\/wp-content\/uploads\/2024\/02\/52358-1-150x150.webp",150,150,true],"medium":["https:\/\/imagazine.it\/wp-content\/uploads\/2024\/02\/52358-1-300x209.webp",300,209,true],"large":["https:\/\/imagazine.it\/wp-content\/uploads\/2024\/02\/52358-1.webp",640,445,false],"thumblist":["https:\/\/imagazine.it\/wp-content\/uploads\/2024\/02\/52358-1-300x300.webp",300,300,true],"thumbrelated":["https:\/\/imagazine.it\/wp-content\/uploads\/2024\/02\/52358-1-500x500.webp",500,500,true],"meccarouselthumb":["https:\/\/imagazine.it\/wp-content\/uploads\/2024\/02\/52358-1-474x324.webp",474,324,true],"gridsquare":["https:\/\/imagazine.it\/wp-content\/uploads\/2024\/02\/52358-1-391x260.webp",391,260,true],"tileview":["https:\/\/imagazine.it\/wp-content\/uploads\/2024\/02\/52358-1-300x400.webp",300,400,true],"1536x1536":["https:\/\/imagazine.it\/wp-content\/uploads\/2024\/02\/52358-1.webp",1000,695,false],"2048x2048":["https:\/\/imagazine.it\/wp-content\/uploads\/2024\/02\/52358-1.webp",1000,695,false],"newsup-slider-full":["https:\/\/imagazine.it\/wp-content\/uploads\/2024\/02\/52358-1.webp",1000,695,false],"newsup-featured":["https:\/\/imagazine.it\/wp-content\/uploads\/2024\/02\/52358-1.webp",1000,695,false],"newsup-medium":["https:\/\/imagazine.it\/wp-content\/uploads\/2024\/02\/52358-1-720x380.webp",720,380,true],"tptn_thumbnail":["https:\/\/imagazine.it\/wp-content\/uploads\/2024\/02\/52358-1.webp",250,174,false],"sow-carousel-default":["https:\/\/imagazine.it\/wp-content\/uploads\/2024\/02\/52358-1.webp",262,182,false]},"rttpg_author":{"display_name":"Livio Nonis","author_link":"https:\/\/imagazine.it\/home_desk\/author\/nonis\/"},"rttpg_comment":0,"rttpg_category":"<a href=\"https:\/\/imagazine.it\/home_desk\/category\/sport\/\" rel=\"category tag\">SPORT<\/a>","rttpg_excerpt":"In Friuli si sono confrontati 535 atleti in rappresentanza di 74 societ\u00e0 provenienti da tutta Italia","_links":{"self":[{"href":"https:\/\/imagazine.it\/home_desk\/wp-json\/wp\/v2\/posts\/48709","targetHints":{"allow":["GET"]}}],"collection":[{"href":"https:\/\/imagazine.it\/home_desk\/wp-json\/wp\/v2\/posts"}],"about":[{"href":"https:\/\/imagazine.it\/home_desk\/wp-json\/wp\/v2\/types\/post"}],"author":[{"embeddable":true,"href":"https:\/\/imagazine.it\/home_desk\/wp-json\/wp\/v2\/users\/22"}],"replies":[{"embeddable":true,"href":"https:\/\/imagazine.it\/home_desk\/wp-json\/wp\/v2\/comments?post=48709"}],"version-history":[{"count":0,"href":"https:\/\/imagazine.it\/home_desk\/wp-json\/wp\/v2\/posts\/48709\/revisions"}],"wp:featuredmedia":[{"embeddable":true,"href":"https:\/\/imagazine.it\/home_desk\/wp-json\/wp\/v2\/media\/48710"}],"wp:attachment":[{"href":"https:\/\/imagazine.it\/home_desk\/wp-json\/wp\/v2\/media?parent=48709"}],"wp:term":[{"taxonomy":"category","embeddable":true,"href":"https:\/\/imagazine.it\/home_desk\/wp-json\/wp\/v2\/categories?post=48709"},{"taxonomy":"post_tag","embeddable":true,"href":"https:\/\/imagazine.it\/home_desk\/wp-json\/wp\/v2\/tags?post=48709"}],"curies":[{"name":"wp","href":"https:\/\/api.w.org\/{rel}","templated":true}]}}