{"id":48701,"date":"2023-03-13T00:00:00","date_gmt":"2023-03-12T23:00:00","guid":{"rendered":"https:\/\/imagazine.it\/trieste-solidarieta-dei-cittadini-per-i-bambini-chirurgici-del-burlo\/"},"modified":"2023-03-13T00:00:00","modified_gmt":"2023-03-12T23:00:00","slug":"trieste-solidarieta-dei-cittadini-per-i-bambini-chirurgici-del-burlo","status":"publish","type":"post","link":"https:\/\/imagazine.it\/home_desk\/trieste-solidarieta-dei-cittadini-per-i-bambini-chirurgici-del-burlo\/","title":{"rendered":"Trieste, solidariet\u00e0 dei cittadini per i bambini chirurgici del Burlo"},"content":{"rendered":"<p> \tTRIESTE \u2013 Si e\u0300 conclusa la campagna di solidarieta\u0300 &#8220;<em>Offri un Caffe\u0300 Buonissimo<\/em>&#8220;, l&#8217;iniziativa che <strong>A.B.C. Associazione per i Bambini Chirurgici del Burlo<\/strong> promuove in collaborazione con <strong>Confcommercio Trieste e Fipe Trieste<\/strong>.<\/p>\n<p> \tGrazie alla grande generosita\u0300 dei clienti <strong>sono stati raccolti, da parte dei 129 esercizi pubblici e commerciali aderenti alla campagna, 10.095 euro<\/strong>: i proventi saranno destinati all\u2019accoglienza delle famiglie che saranno ospitate in una Casa A.B.C. in un anno.<\/p>\n<p> \tDall\u2019inizio del percorso di \u201c<em>Offri un caff\u00e8 buonissimo<\/em>\u201d (quest\u2019anno alla sua quarta edizione), A.B.C., grazie ai proventi della campagna, ha potuto supportare in termini di accoglienza nelle case e di supporto psicologico <strong>oltre 100 famiglie<\/strong> e ha potuto <strong>aprire le sue case per oltre 140 soggiorni<\/strong> di altrettanti nuclei famigliari.<\/p>\n<p> \tNegli ultimi anni, A.B.C. sta registrando una continua crescita delle richieste di sostegno da parte delle famiglie dei bambini chirurgici. Nel 2022 le accoglienze totali sono state 199, pi\u00f9 che raddoppiate in soli due anni, e le famiglie accolte (alcune delle quali tornano a Trieste per cure ripetute) sono state 181. Il bisogno crescente e\u0300 alimentato anche dalla situazione critica che molte famiglie stanno vivendo, ormai da diversi anni, a causa delle delicate contingenze economiche e sociali che si riflettono sulla quotidianita\u0300 di tutti. Ancora piu\u0300 importante, dunque, e\u0300 <strong>poter contare su iniziative solidali<\/strong>, che <strong>creino valore e coinvolgano un\u2019intera comunita\u0300 <\/strong>verso un obiettivo comune.<\/p>\n<p> \tAnche quest\u2019anno <strong>i volontari di A.B.C.<\/strong> \u2013 cuore delle attivit\u00e0 dell\u2019Associazione &#8211; hanno dato un contributo fondamentale nella realizzazione dell\u2019iniziativa e, con il consueto entusiasmo, hanno raggiunto gli esercenti, raccontato la campagna e accolto le loro istanze e necessit\u00e0. Fondamentale e\u0300 stato il consolidato rapporto di collaborazione con <strong>Confcommercio Trieste e Fipe Trieste, <\/strong>che hanno mobilitato i propri aderenti in questa straordinaria iniziativa di solidarieta\u0300. Al fianco dell\u2019iniziativa e fin dalla prima edizione, anche la collaborazione di <strong>Associazione Caffe\u0300 Trieste e Solidarieta\u0300 Trieste<\/strong>.<\/p>\n<p> \t<em>\u00abNel ringraziare i cittadini, gli esercenti e i partner che hanno reso possibile dare continuit\u00e0 a \u201cOffri un caff\u00e8 buonissimo<\/em>\u201d \u2013 commenta <strong>Giusy Battain<\/strong>, direttrice di A.B.C. \u2013<em> l\u2019Associazione accoglie con grande piacere l\u2019importante esito della campagna e la grande generosit\u00e0 che lo ha reso possibile. Fondamentale \u00e8 anche la conferma del fatto che A.B.C. sia entrata nel cuore di tutta la comunit\u00e0: la grande partecipazione testimonia che la cittadinanza si identifica nella mission di ABC e nella sua volont\u00e0 di stare al fianco dei bambini che vengono accolti all\u2019interno di un reparto d\u2019eccellenza, la Chirurgia, di uno dei principali punti di riferimento nazionali per le cure pediatriche come il Burlo Garofolo\u00bb<\/em>.<\/p>\n<p> \t<em>\u00abL&#8217;iniziativa benefica portata avanti dall&#8217;associazione A.B.C. <\/em>\u2013 spiega<strong> Riccardo Riccardi, <\/strong>vicepresidente e assessore alla Salute della Regione Friuli Venezia Giulia \u2013<em> ha la grande valenza di aiutare e supportare le famiglie che stanno attraversando un delicato momento di fragilit\u00e0 e difficolt\u00e0, peraltro in un periodo storico segnato da grandi mutamenti sociali e da difficolt\u00e0 economiche causate dal generalizzato aumento del costo della vita\u00bb.<\/em><\/p>\n<p> \t<em>\u00abAnche in questa circostanza \u2013 <\/em>rileva <strong>Antonio\u00a0Paoletti<\/strong>, presidente di Confcommercio Trieste<em> \u2013 le imprese del terziario abbiano saputo rispondere con grande generosit\u00e0 e partecipazione a una proposta di solidariet\u00e0, ribadendo il loro capillare legame con il territorio e la loro disponibilit\u00e0 ad un impegno diretto per contribuire a una causa di grande rilevanza. L\u2019adesione a \u201cOffri un caff\u00e8 buonissimo\u201d rientra peraltro in quel contesto di attenzione per il sociale che l\u2019associazione di categoria concretizza nell\u2019arco dell\u2019anno, attraverso l\u2019organizzazione e la promozione di diverse iniziative, al fine di sostenere quanti operano per arginare fragilit\u00e0 e disagio, contribuendo in tal modo a rafforzare la coesione sociale nel nostro territorio\u00bb. <\/em><\/p>\n<p> \t<em>\u00abSapere di poter alleviare in qualche modo le difficolt\u00e0 di una famiglia che ha un bambino ricoverato, scalda un pochino il cuore\u00a0<\/em>\u2012\u00a0sottolinea la presidente di Fipe Trieste<strong> Federica Suban<\/strong>\u00a0\u2012<em>, e sono orgogliosa di vedere come ogni anno i colleghi che gestiscono bar, ristoranti, gelaterie aderiscano con slancio a questa iniziativa\u00bb.<\/em><\/p>\n<p> \t\u00a0<\/p>\n","protected":false},"excerpt":{"rendered":"<p>Con il sostegno degli esercenti raccolti 10mila euro da destinare all\u2019accoglienza gratuita delle famiglie dei piccoli pazienti<\/p>\n","protected":false},"author":28,"featured_media":48702,"comment_status":"closed","ping_status":"closed","sticky":false,"template":"","format":"standard","meta":{"dwc-title":[],"dwc-content":[],"footnotes":""},"categories":[5],"tags":[],"class_list":["post-48701","post","type-post","status-publish","format-standard","has-post-thumbnail","hentry","category-attualita"],"rttpg_featured_image_url":{"full":["https:\/\/imagazine.it\/wp-content\/uploads\/2024\/02\/52340-1.webp",1000,750,false],"landscape":["https:\/\/imagazine.it\/wp-content\/uploads\/2024\/02\/52340-1.webp",1000,750,false],"portraits":["https:\/\/imagazine.it\/wp-content\/uploads\/2024\/02\/52340-1.webp",1000,750,false],"thumbnail":["https:\/\/imagazine.it\/wp-content\/uploads\/2024\/02\/52340-1-150x150.webp",150,150,true],"medium":["https:\/\/imagazine.it\/wp-content\/uploads\/2024\/02\/52340-1-300x225.webp",300,225,true],"large":["https:\/\/imagazine.it\/wp-content\/uploads\/2024\/02\/52340-1.webp",640,480,false],"thumblist":["https:\/\/imagazine.it\/wp-content\/uploads\/2024\/02\/52340-1-300x300.webp",300,300,true],"thumbrelated":["https:\/\/imagazine.it\/wp-content\/uploads\/2024\/02\/52340-1-500x500.webp",500,500,true],"meccarouselthumb":["https:\/\/imagazine.it\/wp-content\/uploads\/2024\/02\/52340-1-474x324.webp",474,324,true],"gridsquare":["https:\/\/imagazine.it\/wp-content\/uploads\/2024\/02\/52340-1-391x260.webp",391,260,true],"tileview":["https:\/\/imagazine.it\/wp-content\/uploads\/2024\/02\/52340-1-300x400.webp",300,400,true],"1536x1536":["https:\/\/imagazine.it\/wp-content\/uploads\/2024\/02\/52340-1.webp",1000,750,false],"2048x2048":["https:\/\/imagazine.it\/wp-content\/uploads\/2024\/02\/52340-1.webp",1000,750,false],"newsup-slider-full":["https:\/\/imagazine.it\/wp-content\/uploads\/2024\/02\/52340-1-1000x720.webp",1000,720,true],"newsup-featured":["https:\/\/imagazine.it\/wp-content\/uploads\/2024\/02\/52340-1.webp",1000,750,false],"newsup-medium":["https:\/\/imagazine.it\/wp-content\/uploads\/2024\/02\/52340-1-720x380.webp",720,380,true],"tptn_thumbnail":["https:\/\/imagazine.it\/wp-content\/uploads\/2024\/02\/52340-1.webp",250,188,false],"sow-carousel-default":["https:\/\/imagazine.it\/wp-content\/uploads\/2024\/02\/52340-1.webp",243,182,false]},"rttpg_author":{"display_name":"redazione","author_link":"https:\/\/imagazine.it\/home_desk\/author\/redazione\/"},"rttpg_comment":0,"rttpg_category":"<a href=\"https:\/\/imagazine.it\/home_desk\/category\/attualita\/\" rel=\"category tag\">ATTUALIT\u00c0<\/a>","rttpg_excerpt":"Con il sostegno degli esercenti raccolti 10mila euro da destinare all\u2019accoglienza gratuita delle famiglie dei piccoli pazienti","_links":{"self":[{"href":"https:\/\/imagazine.it\/home_desk\/wp-json\/wp\/v2\/posts\/48701","targetHints":{"allow":["GET"]}}],"collection":[{"href":"https:\/\/imagazine.it\/home_desk\/wp-json\/wp\/v2\/posts"}],"about":[{"href":"https:\/\/imagazine.it\/home_desk\/wp-json\/wp\/v2\/types\/post"}],"author":[{"embeddable":true,"href":"https:\/\/imagazine.it\/home_desk\/wp-json\/wp\/v2\/users\/28"}],"replies":[{"embeddable":true,"href":"https:\/\/imagazine.it\/home_desk\/wp-json\/wp\/v2\/comments?post=48701"}],"version-history":[{"count":0,"href":"https:\/\/imagazine.it\/home_desk\/wp-json\/wp\/v2\/posts\/48701\/revisions"}],"wp:featuredmedia":[{"embeddable":true,"href":"https:\/\/imagazine.it\/home_desk\/wp-json\/wp\/v2\/media\/48702"}],"wp:attachment":[{"href":"https:\/\/imagazine.it\/home_desk\/wp-json\/wp\/v2\/media?parent=48701"}],"wp:term":[{"taxonomy":"category","embeddable":true,"href":"https:\/\/imagazine.it\/home_desk\/wp-json\/wp\/v2\/categories?post=48701"},{"taxonomy":"post_tag","embeddable":true,"href":"https:\/\/imagazine.it\/home_desk\/wp-json\/wp\/v2\/tags?post=48701"}],"curies":[{"name":"wp","href":"https:\/\/api.w.org\/{rel}","templated":true}]}}