{"id":48677,"date":"2023-03-10T00:00:00","date_gmt":"2023-03-09T23:00:00","guid":{"rendered":"https:\/\/imagazine.it\/a-trieste-il-concerto-dellamicizia\/"},"modified":"2023-03-10T00:00:00","modified_gmt":"2023-03-09T23:00:00","slug":"a-trieste-il-concerto-dellamicizia","status":"publish","type":"post","link":"https:\/\/imagazine.it\/home_desk\/a-trieste-il-concerto-dellamicizia\/","title":{"rendered":"A Trieste il Concerto dell&#8217;Amicizia"},"content":{"rendered":"<p> \tTRIESTE &#8211; Si terr\u00e0 <strong>sabato 18 marzo, alle 17 nella Sala Tartini del Conservatorio di Trieste<\/strong>, alla presenza delle Autorit\u00e0 Lionistiche di Italia, Slovenia e Croazia, il \u201c<strong>Concerto dell\u2019Amicizia<\/strong>\u201d, che vedr\u00e0 l\u2019esibizione di giovani e talentuosi musicisti degli studenti delle tre diverse nazionalit\u00e0: italiana, slovena e croata.<\/p>\n<p> \tNell\u2019occasione, sar\u00e0 consegnata una <strong>borsa di studio di 1.600 euro<\/strong>.<\/p>\n<p> \tHanno gi\u00e0 dato conferma della presenza le Autorit\u00e0 Lionistiche dei tre Paesi, il sindaco di Trieste <strong>Roberto Dipiazza<\/strong> e il direttore del Conservatorio Tartini, <strong>Sandro Torlontano<\/strong>.<\/p>\n<p> \tDopo tre anni di stop pandemico, il Comitato che riunisce i Lions Club italiani, sloveni e croati si \u00e8 riunito lo scorso 15 febbraio con la voglia di ricominciare a lavorare assieme nei service comuni e ha deciso di proporre per la ripartenza un concerto a Trieste presso il Conservatorio Tartini.<\/p>\n<p> \t\u00abRiprendiamo quindi con forza in questo anno lionistico, dopo aver riallacciato i contatti e come concordato tra le tre parti riprendendo con la Presidenza Italiana, con l\u2019auspicio che non arrivino ulteriori pandemie o impedimenti di alcun genere\u00bb, ha commentato l\u2019attuale presidente di Zona, <strong>Donatella Pross<\/strong>.<\/p>\n<p> \tSi tratta nello specifico di un <em>service<\/em> che si pone quale elemento aggregante tra i popoli: la musica infatti \u00e8 in grado di connettere le persone attraverso un linguaggio tra i pi\u00f9 alti, quello delle emozioni, che toccano le corde del cuore e sono universali.<\/p>\n<p> \tDel Comitato Lions Club dell&#8217;Adriatico Settentrionale fanno parte i LC Trieste Host, Trieste San Giusto, Trieste Miramar, Trieste Alto Adriatico, Trieste Europa, Duino Aurisina; per parte slovena LC Ankaran Istra, Izola-Isola, Koper-Capodistria, Portoro\u017e Zarja, Postojna Proteus, Se\u017eana e, per quella croata, LC Novigrad, Pore\u010d, Pula. La nascita del comitato vede la luce nell\u2019ambito delle relazioni internazionali che sono in essere tra i Lions italiani, sloveni e croati.<\/p>\n<p> \tUna decina di anni fa i Lions del territorio limitrofo al confine, che ormai non esiste pi\u00f9, hanno voluto, con lo spirito di amicizia e collaborazione che caratterizza la grande famiglia lionistica, creare due comitati a copertura delle diverse zone che potessero svolgere attivit\u00e0 di service reciproco per favorire la conoscenza e rafforzare lo spirito di amicizia e collaborazione. In quest\u2019ottica, per la zona A \u00e8 stato costituito il Comitato Lions Club dell\u2019Adriatico Settentrionale chiamato inizialmente Comitato Italo-Sloveno dei LC dell\u2019Alto Adriatico, mentre per la zona B si \u00e8 formato il Primo Comitato Italo-Sloveno dei Lions Club Senza Confini.<\/p>\n<p> \tOgni anno i Lions dei tre distretti del Comitato svolgono un service in modo alternato a favore ora dell\u2019uno, ora degli altri due. Il service \u00e8 tradizionalmente seguito dal Presidente di Zona A dell\u2019anno in corso, coadiuvato dall\u2019Area Relazioni Estere del Distretto. I riferimenti per quest\u2019anno sono pertanto Donatella Pross, presidente Zona A del LC Duino Aurisina, e <strong>Jadranka Cavcic<\/strong>, coordinatrice distrettuale Area relazioni estere del LC Trieste Europa. L\u2019ultimo <em>service<\/em> era stato quello del 2019 a presidenza italiana con la presidente di Zona A Antonella Clarich: in quell\u2019occasione era stato scelto il tema del mare inteso come \u201cMare Nostrum\u201d perch\u00e9 lambisce i tre distretti e all\u2019epoca era stata acquistata una strumentazione aggiuntiva sensoristica per la Boa Mambo (Monitoraggio Ambientale Operativo) che si trova al largo del Castello di Miramare; tale strumentazione valorizza l&#8217;utilizzo della Boa stessa e permette di aggiornare i sistemi di trasferimento dati e di misurazione rilevati. Poi c\u2019\u00e8 stato lo stop forzato a causa della pandemia.<\/p>\n<p> \t\u00abSiamo lieti che il Conservatorio Tartini sia sede dell\u2019evento promosso dai Lions contermini dell\u2019Alto Adriatico, una serata concerto per celebrare l\u2019amicizia fra le popolazioni e rinsaldare la collaborazione fra i rispettivi Club \u2013 ha dichiarato il direttore del Conservatorio Tartini, <strong>Sandro Torlontano<\/strong> \u2013. D\u2019altra parte proprio questo \u00e8 lo spirito cosmopolita della nostra Istituzione di Alta Formazione: la musica come linguaggio universale e propiziatorio di amicizia, pace, piacevole convivenza\u00bb.<\/p>\n<p> \tIl \u201cConcerto dell\u2019Amicizia\u201d, in programma sabato 18 marzo dalle 20.30 in Sala Tartini (via Ghega 12, Trieste), \u00e8 affidato a tre clarinettisti \u2013 la slovena <strong>Ana Starc<\/strong>, la croata <strong>Laura Bani\u0107<\/strong>, l\u2019italiano <strong>Alberto Forti<\/strong> \u2013 che saranno accompagnati dal pianista croato <strong>Andrea Furlan<\/strong>. Sar\u00e0 il Concertino op. 26 di Carl Maria von Weber ad aprire il concerto, che proseguir\u00e0 con l\u2019Adagio di Wolfgang Amadeus Mozart tratto dal Concerto per clarinetto KV. 622. Quindi il Duo Concertant op. 351 di Darius Milhaud e una scintillante Fantasia da concerto su temi del Rigoletto per clarinetto e pianoforte, con pagine di Giuseppe Verdi e Luigi Bassi. Gran finale nel segno di Johannes Brahms, con la Sonata op. 120 n.2 per clarinetto e pianoforte.<\/p>\n<p> \t\u00a0<\/p>\n","protected":false},"excerpt":{"rendered":"<p>Sul palco studenti di nazionalit\u00e0 italiana, slovena e croata. Verr\u00e0 consegnata una borsa di studio promossa dal Comitato dei Lions club<\/p>\n","protected":false},"author":28,"featured_media":48678,"comment_status":"closed","ping_status":"closed","sticky":false,"template":"","format":"standard","meta":{"dwc-title":[],"dwc-content":[],"footnotes":""},"categories":[37],"tags":[],"class_list":["post-48677","post","type-post","status-publish","format-standard","has-post-thumbnail","hentry","category-cultura-e-spettacolo"],"rttpg_featured_image_url":{"full":["https:\/\/imagazine.it\/wp-content\/uploads\/2024\/02\/52315-1.webp",2000,1126,false],"landscape":["https:\/\/imagazine.it\/wp-content\/uploads\/2024\/02\/52315-1.webp",2000,1126,false],"portraits":["https:\/\/imagazine.it\/wp-content\/uploads\/2024\/02\/52315-1.webp",2000,1126,false],"thumbnail":["https:\/\/imagazine.it\/wp-content\/uploads\/2024\/02\/52315-1-150x150.webp",150,150,true],"medium":["https:\/\/imagazine.it\/wp-content\/uploads\/2024\/02\/52315-1-300x169.webp",300,169,true],"large":["https:\/\/imagazine.it\/wp-content\/uploads\/2024\/02\/52315-1-1024x577.webp",640,361,true],"thumblist":["https:\/\/imagazine.it\/wp-content\/uploads\/2024\/02\/52315-1-300x300.webp",300,300,true],"thumbrelated":["https:\/\/imagazine.it\/wp-content\/uploads\/2024\/02\/52315-1-500x500.webp",500,500,true],"meccarouselthumb":["https:\/\/imagazine.it\/wp-content\/uploads\/2024\/02\/52315-1-474x324.webp",474,324,true],"gridsquare":["https:\/\/imagazine.it\/wp-content\/uploads\/2024\/02\/52315-1-391x260.webp",391,260,true],"tileview":["https:\/\/imagazine.it\/wp-content\/uploads\/2024\/02\/52315-1-300x400.webp",300,400,true],"1536x1536":["https:\/\/imagazine.it\/wp-content\/uploads\/2024\/02\/52315-1-1536x865.webp",1536,865,true],"2048x2048":["https:\/\/imagazine.it\/wp-content\/uploads\/2024\/02\/52315-1.webp",2000,1126,false],"newsup-slider-full":["https:\/\/imagazine.it\/wp-content\/uploads\/2024\/02\/52315-1-1280x720.webp",1280,720,true],"newsup-featured":["https:\/\/imagazine.it\/wp-content\/uploads\/2024\/02\/52315-1-1024x577.webp",1024,577,true],"newsup-medium":["https:\/\/imagazine.it\/wp-content\/uploads\/2024\/02\/52315-1-720x380.webp",720,380,true],"tptn_thumbnail":["https:\/\/imagazine.it\/wp-content\/uploads\/2024\/02\/52315-1.webp",250,141,false],"sow-carousel-default":["https:\/\/imagazine.it\/wp-content\/uploads\/2024\/02\/52315-1.webp",272,153,false]},"rttpg_author":{"display_name":"redazione","author_link":"https:\/\/imagazine.it\/home_desk\/author\/redazione\/"},"rttpg_comment":0,"rttpg_category":"<a href=\"https:\/\/imagazine.it\/home_desk\/category\/cultura-e-spettacolo\/\" rel=\"category tag\">CULTURA&amp;SPETTACOLO<\/a>","rttpg_excerpt":"Sul palco studenti di nazionalit\u00e0 italiana, slovena e croata. Verr\u00e0 consegnata una borsa di studio promossa dal Comitato dei Lions club","_links":{"self":[{"href":"https:\/\/imagazine.it\/home_desk\/wp-json\/wp\/v2\/posts\/48677","targetHints":{"allow":["GET"]}}],"collection":[{"href":"https:\/\/imagazine.it\/home_desk\/wp-json\/wp\/v2\/posts"}],"about":[{"href":"https:\/\/imagazine.it\/home_desk\/wp-json\/wp\/v2\/types\/post"}],"author":[{"embeddable":true,"href":"https:\/\/imagazine.it\/home_desk\/wp-json\/wp\/v2\/users\/28"}],"replies":[{"embeddable":true,"href":"https:\/\/imagazine.it\/home_desk\/wp-json\/wp\/v2\/comments?post=48677"}],"version-history":[{"count":0,"href":"https:\/\/imagazine.it\/home_desk\/wp-json\/wp\/v2\/posts\/48677\/revisions"}],"wp:featuredmedia":[{"embeddable":true,"href":"https:\/\/imagazine.it\/home_desk\/wp-json\/wp\/v2\/media\/48678"}],"wp:attachment":[{"href":"https:\/\/imagazine.it\/home_desk\/wp-json\/wp\/v2\/media?parent=48677"}],"wp:term":[{"taxonomy":"category","embeddable":true,"href":"https:\/\/imagazine.it\/home_desk\/wp-json\/wp\/v2\/categories?post=48677"},{"taxonomy":"post_tag","embeddable":true,"href":"https:\/\/imagazine.it\/home_desk\/wp-json\/wp\/v2\/tags?post=48677"}],"curies":[{"name":"wp","href":"https:\/\/api.w.org\/{rel}","templated":true}]}}