{"id":48675,"date":"2023-03-10T00:00:00","date_gmt":"2023-03-09T23:00:00","guid":{"rendered":"https:\/\/imagazine.it\/recalcati-spiega-a-udine-le-nuove-melanconie\/"},"modified":"2023-03-10T00:00:00","modified_gmt":"2023-03-09T23:00:00","slug":"recalcati-spiega-a-udine-le-nuove-melanconie","status":"publish","type":"post","link":"https:\/\/imagazine.it\/home_desk\/recalcati-spiega-a-udine-le-nuove-melanconie\/","title":{"rendered":"Recalcati spiega a Udine le nuove melanconie"},"content":{"rendered":"<p> \tLo psicanalista <strong>Massimo Recalcati<\/strong> sar\u00e0 all\u2019Universit\u00e0 di Udine <strong>dal 15 al 17 marzo<\/strong> per tenere un <strong>seminario<\/strong> su <strong>\u201c<em>Il paradigma securitario e le nuove melanconie<\/em>\u201d<\/strong>.<\/p>\n<p> \tL\u2019evento, <strong>aperto al pubblico su prenotazione al link <\/strong><u><a href=\"https:\/\/goto.uniud.it\/to\/84\" target=\"_blank\" rel=\"noopener\"><span style=\"color:#0000cd;\">https:\/\/goto.uniud.it\/to\/84<\/span><\/a><\/u>, si terr\u00e0 nell\u2019<strong>aula \u201cStrassoldo<\/strong>\u201d del polo di via Tomadini 30 a Udine, <strong>mercoled\u00ec 15 dalle 15 alle 18<\/strong>, <strong>gioved\u00ec 16 dalle 10 alle 13 e dalle 15 alle 17<\/strong>, <strong>venerd\u00ec 17 dalle 10 alle 12<\/strong>. L\u2019evento rientra nei seminari di estetica, tenuti da <strong>Luca Taddio<\/strong>, nell\u2019ambito del corso di laurea in Filosofia e trasformazione digitale del Dipartimento di Studi umanistici e del patrimonio culturale.<\/p>\n<p> \tFocus degli incontri sar\u00e0 lo studio della figura clinica e sociale della neomalinconia. Ma qual \u00e8 il rapporto della neomalinconia con la concezione classica, freudiana, della melanconia come delirio morale? Quali sono le sue caratteristiche antropologiche e psicopatologiche principali? Perch\u00e9 \u00e8 una figura fondamentale per decifrare il nostro tempo? Questi alcuni degli interrogativi ai quali Recalcati cercher\u00e0 di rispondere, anche interagendo con il pubblico.<\/p>\n<p> \t\u00abL\u2019euforia ipermoderna della globalizzazione, dell\u2019iperattivismo, del culto dei mercati sembra essere irreversibilmente tramontato \u2013 spiega <strong>Recalcati<\/strong>, anticipando la rappresentazione del contesto socio culturale del seminario \u2013. Un nuovo paradigma si \u00e8 imposto: il paradigma securitario. In nessun tempo come il nostro la sicurezza, la protezione, la difesa della vita dalla vita ha assunto un tale rilievo. Una nuova clinica ne consegue: fobie sociali, depressione, segregazioni, neomelanconie\u00bb.<\/p>\n<p> \t\u00a0<\/p>\n","protected":false},"excerpt":{"rendered":"<p>Lo psicanalista terr\u00e0 un seminario aperto al pubblico su prenotazione<\/p>\n","protected":false},"author":28,"featured_media":48676,"comment_status":"closed","ping_status":"closed","sticky":false,"template":"","format":"standard","meta":{"dwc-title":[],"dwc-content":[],"footnotes":""},"categories":[37],"tags":[],"class_list":["post-48675","post","type-post","status-publish","format-standard","has-post-thumbnail","hentry","category-cultura-e-spettacolo"],"rttpg_featured_image_url":{"full":["https:\/\/imagazine.it\/wp-content\/uploads\/2024\/02\/52314-1.webp",750,459,false],"landscape":["https:\/\/imagazine.it\/wp-content\/uploads\/2024\/02\/52314-1.webp",750,459,false],"portraits":["https:\/\/imagazine.it\/wp-content\/uploads\/2024\/02\/52314-1.webp",750,459,false],"thumbnail":["https:\/\/imagazine.it\/wp-content\/uploads\/2024\/02\/52314-1-150x150.webp",150,150,true],"medium":["https:\/\/imagazine.it\/wp-content\/uploads\/2024\/02\/52314-1-300x184.webp",300,184,true],"large":["https:\/\/imagazine.it\/wp-content\/uploads\/2024\/02\/52314-1.webp",640,392,false],"thumblist":["https:\/\/imagazine.it\/wp-content\/uploads\/2024\/02\/52314-1-300x300.webp",300,300,true],"thumbrelated":["https:\/\/imagazine.it\/wp-content\/uploads\/2024\/02\/52314-1-500x459.webp",500,459,true],"meccarouselthumb":["https:\/\/imagazine.it\/wp-content\/uploads\/2024\/02\/52314-1-474x324.webp",474,324,true],"gridsquare":["https:\/\/imagazine.it\/wp-content\/uploads\/2024\/02\/52314-1-391x260.webp",391,260,true],"tileview":["https:\/\/imagazine.it\/wp-content\/uploads\/2024\/02\/52314-1-300x400.webp",300,400,true],"1536x1536":["https:\/\/imagazine.it\/wp-content\/uploads\/2024\/02\/52314-1.webp",750,459,false],"2048x2048":["https:\/\/imagazine.it\/wp-content\/uploads\/2024\/02\/52314-1.webp",750,459,false],"newsup-slider-full":["https:\/\/imagazine.it\/wp-content\/uploads\/2024\/02\/52314-1.webp",750,459,false],"newsup-featured":["https:\/\/imagazine.it\/wp-content\/uploads\/2024\/02\/52314-1.webp",750,459,false],"newsup-medium":["https:\/\/imagazine.it\/wp-content\/uploads\/2024\/02\/52314-1-720x380.webp",720,380,true],"tptn_thumbnail":["https:\/\/imagazine.it\/wp-content\/uploads\/2024\/02\/52314-1.webp",250,153,false],"sow-carousel-default":["https:\/\/imagazine.it\/wp-content\/uploads\/2024\/02\/52314-1.webp",272,166,false]},"rttpg_author":{"display_name":"redazione","author_link":"https:\/\/imagazine.it\/home_desk\/author\/redazione\/"},"rttpg_comment":0,"rttpg_category":"<a href=\"https:\/\/imagazine.it\/home_desk\/category\/cultura-e-spettacolo\/\" rel=\"category tag\">CULTURA&amp;SPETTACOLO<\/a>","rttpg_excerpt":"Lo psicanalista terr\u00e0 un seminario aperto al pubblico su prenotazione","_links":{"self":[{"href":"https:\/\/imagazine.it\/home_desk\/wp-json\/wp\/v2\/posts\/48675","targetHints":{"allow":["GET"]}}],"collection":[{"href":"https:\/\/imagazine.it\/home_desk\/wp-json\/wp\/v2\/posts"}],"about":[{"href":"https:\/\/imagazine.it\/home_desk\/wp-json\/wp\/v2\/types\/post"}],"author":[{"embeddable":true,"href":"https:\/\/imagazine.it\/home_desk\/wp-json\/wp\/v2\/users\/28"}],"replies":[{"embeddable":true,"href":"https:\/\/imagazine.it\/home_desk\/wp-json\/wp\/v2\/comments?post=48675"}],"version-history":[{"count":0,"href":"https:\/\/imagazine.it\/home_desk\/wp-json\/wp\/v2\/posts\/48675\/revisions"}],"wp:featuredmedia":[{"embeddable":true,"href":"https:\/\/imagazine.it\/home_desk\/wp-json\/wp\/v2\/media\/48676"}],"wp:attachment":[{"href":"https:\/\/imagazine.it\/home_desk\/wp-json\/wp\/v2\/media?parent=48675"}],"wp:term":[{"taxonomy":"category","embeddable":true,"href":"https:\/\/imagazine.it\/home_desk\/wp-json\/wp\/v2\/categories?post=48675"},{"taxonomy":"post_tag","embeddable":true,"href":"https:\/\/imagazine.it\/home_desk\/wp-json\/wp\/v2\/tags?post=48675"}],"curies":[{"name":"wp","href":"https:\/\/api.w.org\/{rel}","templated":true}]}}