{"id":48673,"date":"2023-03-10T00:00:00","date_gmt":"2023-03-09T23:00:00","guid":{"rendered":"https:\/\/imagazine.it\/monfalcone-riflette-sullhomo-geographicus\/"},"modified":"2023-03-10T00:00:00","modified_gmt":"2023-03-09T23:00:00","slug":"monfalcone-riflette-sullhomo-geographicus","status":"publish","type":"post","link":"https:\/\/imagazine.it\/home_desk\/monfalcone-riflette-sullhomo-geographicus\/","title":{"rendered":"Monfalcone riflette sull&#8217;Homo Geographicus"},"content":{"rendered":"<p> \tMONFALCONE \u2013 Presentata la 5^ edizione del <strong>Festival Monfalcone Geografie<\/strong> che sar\u00e0 protagonista in citt\u00e0 <strong>dal 22 al 26 marzo<\/strong>, con incontri, letture e iniziative che faranno aprire a Monfalcone le kermesse letterarie e culturali della primavera in Friuli Venezia Giulia.<\/p>\n<p> \t\u00abGeografie \u2013 ha sottolineato il sindaco, <strong>Anna Maria Cisint<\/strong> \u2013 ha varcato definitivamente i confini cittadini costruendo una rete che coinvolge diverse realt\u00e0 regionali e nazionali, potenziando cos\u00ec non solo il messaggio culturale, ma anche il richiamo turistico della nostra citt\u00e0, che ha saputo dimostrare la grande capacit\u00e0 attrattiva del territorio e la consequenziale straordinaria ricaduta economica per le imprese e tutte le realt\u00e0 locali\u00bb.<\/p>\n<p> \t\u00abUn ormai irrinunciabile appuntamento con la cultura a 360 gradi \u2013 ha aggiunto l\u2019assessore alla Cultura del Comune di Monfalcone, <strong>Luca Fasan<\/strong> \u2013 che \u00e8 maturato di anno in anno, registrando sempre pi\u00f9 consensi di pubblico, in assoluta coerenza con il progetto culturale di pi\u00f9 ampio respiro che annovera le proposte internazionali maturate in seno alle grandi collaborazioni strette da questa amministrazione con le pi\u00f9 alte realt\u00e0 culturali del nostro paese\u00bb.<\/p>\n<p> \tGeografie del cuore e dei sogni, mappe di mari e paesaggi, di uomini e donne alla ricerca di nuove traiettorie del vivere, senza pi\u00f9 paura dell\u2019ignoto e del futuro dietro l\u2019angolo. Sono gli spaesamenti dell\u2019anima di <strong>Paolo Crepet<\/strong>, le \u201cavventure\u201d di <strong>Ezio Greggio<\/strong>, le divagazioni gaberiane di <strong>Paolo Troiano<\/strong>, le prospettive \u201cdall\u2019alto\u201d dell\u2019astronauta <strong>Paolo Nespoli<\/strong>, e poi i percorsi narrativi di autori come <strong>Alessandro Vanoli, Catena Fiorello Galeano, Marcello Veneziani, Andrea Vitali<\/strong>, i borghi solitari dell\u2019antropologa <strong>Anna Rizzo,<\/strong> e tutti quei fiumi, i sentieri, i viaggi, i giri del mondo di un\u2019umanit\u00e0 in cerca di nuove mappe dell\u2019esistere: la quinta edizione del <strong>festival letterario <\/strong>\u00e8 un viaggio intorno all\u201d<em>Homo<\/em> <em>Geographicus<\/em>\u201d del nostro tempo, alle sue rotte reali, virtuali e mentali, in compagnia di scrittori, scienziati, giornalisti, docenti e critici pronti a spingere il pubblico lungo altre destinazioni attraverso incontri, lezioni, passeggiate, giochi, documentari, letture ad alta voce.<\/p>\n<p> \t<strong>Cinque giorni <\/strong>che, da mattina a sera, accenderanno di riflessioni inedite spazi diversi nel centro di Monfalcone. Promosso dal <strong>Comune di Monfalcone<\/strong> con <strong>Fondazione Pordenonelegge<\/strong>, per la direzione artistica di <strong>Gian Mario Villalta, <\/strong>con <strong>Roberto Covaz<\/strong> e il <strong>Comitato scientifico<\/strong>, il festival promuove una riflessione ormai necessaria sui \u201csaperi geografici\u201d, mai come adesso in crisi davanti a satelliti, Google Earth e a macchine e algoritmi capaci di elaborare stradari, percorsi, cartografie. <strong>L\u2019ingresso agli incontri \u00e8 aperto e libero, info e dettagli su geografiemonfalcone.it<\/strong><\/p>\n<p> \t<strong>Due panel<\/strong> \u2013 quelli con l\u2019antropologa <strong>Anna Rizzo<\/strong> e il giornalista <strong>Roberto Arditti<\/strong> \u2013 sono certificati per l\u2019erogazione dei <strong>crediti formativi<\/strong> dell\u2019Ordine dei Giornalisti, in collaborazione con la sede regionale del Friuli Venezia Giulia.<\/p>\n<p> \t<strong><u><a href=\"https:\/\/www.imagazine.it\/eventi\/44062\" target=\"_blank\" rel=\"noopener\"><span style=\"color:#0000cd;\">Clicca qui per scoprire il programma completo<\/span><\/a><\/u><\/strong><\/p>\n<p> \t\u00a0<\/p>\n","protected":false},"excerpt":{"rendered":"<p>Le sue rotte reali, virtuali e mentali analizzate in compagnia di scrittori, scienziati, giornalisti e docenti. Cinque giornate tra incontri, lezioni, passeggiate, giochi, documentari e letture<\/p>\n","protected":false},"author":28,"featured_media":48674,"comment_status":"closed","ping_status":"closed","sticky":false,"template":"","format":"standard","meta":{"dwc-title":[],"dwc-content":[],"footnotes":""},"categories":[37],"tags":[],"class_list":["post-48673","post","type-post","status-publish","format-standard","has-post-thumbnail","hentry","category-cultura-e-spettacolo"],"rttpg_featured_image_url":{"full":["https:\/\/imagazine.it\/wp-content\/uploads\/2024\/02\/52312-1.webp",1000,563,false],"landscape":["https:\/\/imagazine.it\/wp-content\/uploads\/2024\/02\/52312-1.webp",1000,563,false],"portraits":["https:\/\/imagazine.it\/wp-content\/uploads\/2024\/02\/52312-1.webp",1000,563,false],"thumbnail":["https:\/\/imagazine.it\/wp-content\/uploads\/2024\/02\/52312-1-150x150.webp",150,150,true],"medium":["https:\/\/imagazine.it\/wp-content\/uploads\/2024\/02\/52312-1-300x169.webp",300,169,true],"large":["https:\/\/imagazine.it\/wp-content\/uploads\/2024\/02\/52312-1.webp",640,360,false],"thumblist":["https:\/\/imagazine.it\/wp-content\/uploads\/2024\/02\/52312-1-300x300.webp",300,300,true],"thumbrelated":["https:\/\/imagazine.it\/wp-content\/uploads\/2024\/02\/52312-1-500x500.webp",500,500,true],"meccarouselthumb":["https:\/\/imagazine.it\/wp-content\/uploads\/2024\/02\/52312-1-474x324.webp",474,324,true],"gridsquare":["https:\/\/imagazine.it\/wp-content\/uploads\/2024\/02\/52312-1-391x260.webp",391,260,true],"tileview":["https:\/\/imagazine.it\/wp-content\/uploads\/2024\/02\/52312-1-300x400.webp",300,400,true],"1536x1536":["https:\/\/imagazine.it\/wp-content\/uploads\/2024\/02\/52312-1.webp",1000,563,false],"2048x2048":["https:\/\/imagazine.it\/wp-content\/uploads\/2024\/02\/52312-1.webp",1000,563,false],"newsup-slider-full":["https:\/\/imagazine.it\/wp-content\/uploads\/2024\/02\/52312-1.webp",1000,563,false],"newsup-featured":["https:\/\/imagazine.it\/wp-content\/uploads\/2024\/02\/52312-1.webp",1000,563,false],"newsup-medium":["https:\/\/imagazine.it\/wp-content\/uploads\/2024\/02\/52312-1-720x380.webp",720,380,true],"tptn_thumbnail":["https:\/\/imagazine.it\/wp-content\/uploads\/2024\/02\/52312-1.webp",250,141,false],"sow-carousel-default":["https:\/\/imagazine.it\/wp-content\/uploads\/2024\/02\/52312-1.webp",272,153,false]},"rttpg_author":{"display_name":"redazione","author_link":"https:\/\/imagazine.it\/home_desk\/author\/redazione\/"},"rttpg_comment":0,"rttpg_category":"<a href=\"https:\/\/imagazine.it\/home_desk\/category\/cultura-e-spettacolo\/\" rel=\"category tag\">CULTURA&amp;SPETTACOLO<\/a>","rttpg_excerpt":"Le sue rotte reali, virtuali e mentali analizzate in compagnia di scrittori, scienziati, giornalisti e docenti. Cinque giornate tra incontri, lezioni, passeggiate, giochi, documentari e letture","_links":{"self":[{"href":"https:\/\/imagazine.it\/home_desk\/wp-json\/wp\/v2\/posts\/48673","targetHints":{"allow":["GET"]}}],"collection":[{"href":"https:\/\/imagazine.it\/home_desk\/wp-json\/wp\/v2\/posts"}],"about":[{"href":"https:\/\/imagazine.it\/home_desk\/wp-json\/wp\/v2\/types\/post"}],"author":[{"embeddable":true,"href":"https:\/\/imagazine.it\/home_desk\/wp-json\/wp\/v2\/users\/28"}],"replies":[{"embeddable":true,"href":"https:\/\/imagazine.it\/home_desk\/wp-json\/wp\/v2\/comments?post=48673"}],"version-history":[{"count":0,"href":"https:\/\/imagazine.it\/home_desk\/wp-json\/wp\/v2\/posts\/48673\/revisions"}],"wp:featuredmedia":[{"embeddable":true,"href":"https:\/\/imagazine.it\/home_desk\/wp-json\/wp\/v2\/media\/48674"}],"wp:attachment":[{"href":"https:\/\/imagazine.it\/home_desk\/wp-json\/wp\/v2\/media?parent=48673"}],"wp:term":[{"taxonomy":"category","embeddable":true,"href":"https:\/\/imagazine.it\/home_desk\/wp-json\/wp\/v2\/categories?post=48673"},{"taxonomy":"post_tag","embeddable":true,"href":"https:\/\/imagazine.it\/home_desk\/wp-json\/wp\/v2\/tags?post=48673"}],"curies":[{"name":"wp","href":"https:\/\/api.w.org\/{rel}","templated":true}]}}