{"id":48645,"date":"2023-03-07T00:00:00","date_gmt":"2023-03-06T23:00:00","guid":{"rendered":"https:\/\/imagazine.it\/latisana-per-il-nord-est-tre-scrittori-per-un-premio\/"},"modified":"2023-03-07T00:00:00","modified_gmt":"2023-03-06T23:00:00","slug":"latisana-per-il-nord-est-tre-scrittori-per-un-premio","status":"publish","type":"post","link":"https:\/\/imagazine.it\/home_desk\/latisana-per-il-nord-est-tre-scrittori-per-un-premio\/","title":{"rendered":"Latisana per il Nord-Est, tre scrittori per un premio"},"content":{"rendered":"<p> \tUDINE \u2013<strong> Drago Jan\u010dar <\/strong>con \u201c<em>E l\u2019amore anche ha bisogno di riposo<\/em>\u201d (La nave di Teseo), <strong>Paolo Malaguti<\/strong>\u00a0con \u201c<em>Il moro della cima<\/em>\u201d (Einaudi) e <strong>Matteo Melchiorre<\/strong> con \u201c<em>Il duca<\/em>\u201d (Einaudi): sono i tre finalisti del 30\u00b0 <strong>Premio Letterario Internazionale \u201cLatisana per il Nord-Est\u201d<\/strong> che d\u00e0 voce alla migliore produzione letteraria, a specificit\u00e0, storia e anima dell\u2019area di confine formata dal Triveneto e dai Paesi confinanti.<\/p>\n<p> \t<strong>Ginevra Lamberti<\/strong> con \u201c<em>Tutti dormono nella valle<\/em>\u201d (Marsilio) si aggiudica il Premio Coop Alleanza 3.0: il libro vincitore \u00e8 stato scelto dai nove componenti della giuria dei lettori \u2013 estratti a sorte tra le 44 candidature arrivate da tutta Italia \u2013 che hanno potuto leggere gli 11 titoli precedentemente selezionati dalla giuria tecnica.<\/p>\n<p> \tPresieduta da <strong>Cristina Benussi<\/strong> e formata da <strong>Martina Cicuto<\/strong> (assessore alla Cultura di Latisana), <strong>Luisa Antoni<\/strong>, <strong>Valentina Berengo<\/strong>, <strong>Antonella Sbuelz<\/strong>, <strong>Pietro Spirito<\/strong> e <strong>Luigi Zannini<\/strong>, la giuria tecnica ha competenze trasversali nei diversi settori della letteratura e ha scelto tre opere che parlano di guerra e conflitti, di ricerca dell\u2019autoaffermazione e contrapposizione tra libert\u00e0 di scelta e forza del passato. Tutte accomunate dal filo conduttore del legame con i luoghi e, in particolare, con la montagna.<\/p>\n<p> \t<em>\u201cLa montagna nelle sue varie forme orografiche,\u00a0vallata o rilievo che sia, compare in quasi tutti i romanzi finalisti <\/em>\u2013 spiega <strong>Cristina Benussi <\/strong>\u2013.<em> Territorio a margine rispetto alle\u00a0zone\u00a0dove si produce, la montagna \u00e8 luogo capace di compenetrare di s\u00e9 chi la abita. Al di l\u00e0 di ogni retorica ambientalista, \u00e8 di volta in volta spazio chiuso\u00a0da cui fuggire per non venir soffocati da radici culturali ataviche, banco di prova per dominare le dinamiche conflittuali tipiche delle piccole comunit\u00e0, testimone di manipolazioni ideologiche che hanno contaminato rovinosamente la storia. Anche questa \u00e8 una delle protagoniste dell\u2019annata, nel caso specifico di una zona di frontiera dove la guerra tra etnie diverse ha stravolto anche rapporti che si pensavano consolidati\u201d.<\/em><\/p>\n<p> \tPer conoscere il vincitore del <strong>Premio Narrativa 2023<\/strong>, bisogna aspettare l\u2019evento di chiusura del Premio, una festa dedicata agli scrittori, ai libri e agli amanti della buona letteratura organizzata e coordinata dalla Biblioteca di Latisana con la direzione artistica e organizzativa di <strong>Bottega Errante<\/strong>.<\/p>\n<p> \tAppuntamento <strong>sabato 15 aprile ore 20.45 al Teatro Odeon<\/strong> di Latisana per l\u2019assegnazione finale del Premio con ingresso gratuito. La premiazione sar\u00e0 trasmessa in diretta streaming sul canale YouTube del Comune di Latisana.<\/p>\n<p> \tA condurre la serata sar\u00e0 <strong>Claudio Moretti,<\/strong> regista e attore che nel 1982 ha fondato il Teatro Incerto, mentre i vari componenti della giuria tecnica si alterneranno sul palco per intervistare i tre finalisti e la vincitrice del Premio Coop Alleanza 3.0.<\/p>\n<p> \tA fine serata, festa per il compleanno del Premio che spegner\u00e0 30 candeline con una torta che sar\u00e0 offerta a tutto il pubblico presente.<\/p>\n<p> \tConfermato anche lo spazio <strong>speciale dedicato ai ragazzi<\/strong>: nella mattinata di sabato 15 aprile, gli studenti dell\u2019ISIS Mattei di Latisana saranno al Teatro Odeon per incontrare e intervistare gli autori, affiancati dalla conduzione della giornalista <strong>Francesca Spangaro<\/strong>.<\/p>\n<p> \t<em>\u201cIl nostro Premio letterario internazionale, forte della sua lunga esperienza e carico dell\u2019entusiasmo di cui ogni anno si circonda, dimostra ancora una volta di essere attrattivo e di avere tutte le carte in regola per proporre opere di alta qualit\u00e0 <\/em>\u2013 sottolinea il vicesindaco di Latisana <strong>Ezio Simonin<\/strong> \u2013. <em>Il suo spirito internazionale si fonde con le sue forti radici, sapendo superare i confini per unire e, allo stesso tempo, restare sul territorio di Latisana dal quale \u00e8 partito\u201d.<\/em><\/p>\n<p> \t<em>\u201cRiconosco a questo premio un valore sia simbolico sia di prospettiva <\/em>\u2013 ha sottolineato il presidente del Consiglio Regionale <strong>Piero Mauro Zanin<\/strong> \u2013: <em>\u00e8 l\u2019apice di un percorso di lavoro ed impegno che parte dalla biblioteca di Latisana. Le biblioteche, infatti, rappresentano giacimenti preziosi per i territori e la crescita delle loro comunit\u00e0. E questo evento, in 30 anni di attivit\u00e0 \u00e8 diventato premio ambito a livello internazionale che garantisce continuit\u00e0 e grande qualit\u00e0\u201d.<\/em><\/p>\n<p> \t\u00a0<\/p>\n","protected":false},"excerpt":{"rendered":"<p>Presentata a Udine la trentesima edizione della rassegna letteraria che coinvolger\u00e0 anche le scuole. Il 15 aprile la serata finale con la premiazione del vincitore<\/p>\n","protected":false},"author":28,"featured_media":48646,"comment_status":"closed","ping_status":"closed","sticky":false,"template":"","format":"standard","meta":{"dwc-title":[],"dwc-content":[],"footnotes":""},"categories":[37],"tags":[],"class_list":["post-48645","post","type-post","status-publish","format-standard","has-post-thumbnail","hentry","category-cultura-e-spettacolo"],"rttpg_featured_image_url":{"full":["https:\/\/imagazine.it\/wp-content\/uploads\/2024\/02\/52259-1.webp",1280,960,false],"landscape":["https:\/\/imagazine.it\/wp-content\/uploads\/2024\/02\/52259-1.webp",1280,960,false],"portraits":["https:\/\/imagazine.it\/wp-content\/uploads\/2024\/02\/52259-1.webp",1280,960,false],"thumbnail":["https:\/\/imagazine.it\/wp-content\/uploads\/2024\/02\/52259-1-150x150.webp",150,150,true],"medium":["https:\/\/imagazine.it\/wp-content\/uploads\/2024\/02\/52259-1-300x225.webp",300,225,true],"large":["https:\/\/imagazine.it\/wp-content\/uploads\/2024\/02\/52259-1-1024x768.webp",640,480,true],"thumblist":["https:\/\/imagazine.it\/wp-content\/uploads\/2024\/02\/52259-1-300x300.webp",300,300,true],"thumbrelated":["https:\/\/imagazine.it\/wp-content\/uploads\/2024\/02\/52259-1-500x500.webp",500,500,true],"meccarouselthumb":["https:\/\/imagazine.it\/wp-content\/uploads\/2024\/02\/52259-1-474x324.webp",474,324,true],"gridsquare":["https:\/\/imagazine.it\/wp-content\/uploads\/2024\/02\/52259-1-391x260.webp",391,260,true],"tileview":["https:\/\/imagazine.it\/wp-content\/uploads\/2024\/02\/52259-1-300x400.webp",300,400,true],"1536x1536":["https:\/\/imagazine.it\/wp-content\/uploads\/2024\/02\/52259-1.webp",1280,960,false],"2048x2048":["https:\/\/imagazine.it\/wp-content\/uploads\/2024\/02\/52259-1.webp",1280,960,false],"newsup-slider-full":["https:\/\/imagazine.it\/wp-content\/uploads\/2024\/02\/52259-1-1280x720.webp",1280,720,true],"newsup-featured":["https:\/\/imagazine.it\/wp-content\/uploads\/2024\/02\/52259-1-1024x768.webp",1024,768,true],"newsup-medium":["https:\/\/imagazine.it\/wp-content\/uploads\/2024\/02\/52259-1-720x380.webp",720,380,true],"tptn_thumbnail":["https:\/\/imagazine.it\/wp-content\/uploads\/2024\/02\/52259-1.webp",250,188,false],"sow-carousel-default":["https:\/\/imagazine.it\/wp-content\/uploads\/2024\/02\/52259-1.webp",243,182,false]},"rttpg_author":{"display_name":"redazione","author_link":"https:\/\/imagazine.it\/home_desk\/author\/redazione\/"},"rttpg_comment":0,"rttpg_category":"<a href=\"https:\/\/imagazine.it\/home_desk\/category\/cultura-e-spettacolo\/\" rel=\"category tag\">CULTURA&amp;SPETTACOLO<\/a>","rttpg_excerpt":"Presentata a Udine la trentesima edizione della rassegna letteraria che coinvolger\u00e0 anche le scuole. Il 15 aprile la serata finale con la premiazione del vincitore","_links":{"self":[{"href":"https:\/\/imagazine.it\/home_desk\/wp-json\/wp\/v2\/posts\/48645","targetHints":{"allow":["GET"]}}],"collection":[{"href":"https:\/\/imagazine.it\/home_desk\/wp-json\/wp\/v2\/posts"}],"about":[{"href":"https:\/\/imagazine.it\/home_desk\/wp-json\/wp\/v2\/types\/post"}],"author":[{"embeddable":true,"href":"https:\/\/imagazine.it\/home_desk\/wp-json\/wp\/v2\/users\/28"}],"replies":[{"embeddable":true,"href":"https:\/\/imagazine.it\/home_desk\/wp-json\/wp\/v2\/comments?post=48645"}],"version-history":[{"count":0,"href":"https:\/\/imagazine.it\/home_desk\/wp-json\/wp\/v2\/posts\/48645\/revisions"}],"wp:featuredmedia":[{"embeddable":true,"href":"https:\/\/imagazine.it\/home_desk\/wp-json\/wp\/v2\/media\/48646"}],"wp:attachment":[{"href":"https:\/\/imagazine.it\/home_desk\/wp-json\/wp\/v2\/media?parent=48645"}],"wp:term":[{"taxonomy":"category","embeddable":true,"href":"https:\/\/imagazine.it\/home_desk\/wp-json\/wp\/v2\/categories?post=48645"},{"taxonomy":"post_tag","embeddable":true,"href":"https:\/\/imagazine.it\/home_desk\/wp-json\/wp\/v2\/tags?post=48645"}],"curies":[{"name":"wp","href":"https:\/\/api.w.org\/{rel}","templated":true}]}}