{"id":48621,"date":"2023-03-03T00:00:00","date_gmt":"2023-03-02T23:00:00","guid":{"rendered":"https:\/\/imagazine.it\/mr-rain-e-tom-odell-in-concerto-a-lignano\/"},"modified":"2023-03-03T00:00:00","modified_gmt":"2023-03-02T23:00:00","slug":"mr-rain-e-tom-odell-in-concerto-a-lignano","status":"publish","type":"post","link":"https:\/\/imagazine.it\/home_desk\/mr-rain-e-tom-odell-in-concerto-a-lignano\/","title":{"rendered":"Mr Rain e Tom Odell in concerto a Lignano"},"content":{"rendered":"<p> \tLIGNANO SABBIADORO \u2013 Si aggiungono due nuovi appuntamenti musicali nell\u2019estate live di <strong>Lignano Sabbiadoro<\/strong> e dell\u2019<strong>Arena Alpe Adria<\/strong> con il <strong>Lignano Sunset Festival<\/strong>. <strong>Sabato 8 luglio<\/strong> sul palco salir\u00e0 <strong>Mr Rain<\/strong>, rapper bresciano rivelazione dell\u2019ultimo Festival di Sanremo e artista del momento, in testa a tutte le classifiche con la hit \u201c<strong>Supereroi<\/strong>\u201d.<\/p>\n<p> \tA Lignano Mr Rain porter\u00e0 l\u2019unico concerto in Friuli Venezia Giulia del suo \u201c<strong>Supereroi Summer Tour<\/strong>\u201d, il primo atteso tour estivo dell\u2019artista.<\/p>\n<p> \tProposta internazionale \u00e8 invece quella che andr\u00e0 in scena <strong>gioved\u00ec 20 luglio<\/strong> quando all\u2019Arena Alpe Adria arriver\u00e0 il cantautore britannico <strong>Tom Odell<\/strong>. Artista scoperto da Lily Allen, ha ottenuto il successo mondiale nel 2013 con l\u2019album \u201c<strong>Long Way Down<\/strong>\u201d e la super hit \u201c<strong>Another Love<\/strong>\u201d.<\/p>\n<p> \tQuello di Odell sar\u00e0 <strong>l\u2019unico concerto nel Nordest<\/strong> delle sole due date italiane dell\u2019artista.<\/p>\n<p> \t\u00a0<\/p>\n","protected":false},"excerpt":{"rendered":"<p>Due serate di grande musica all&#8217;Arena Alpe Adria in occasione del Sunset Festival<\/p>\n","protected":false},"author":28,"featured_media":48622,"comment_status":"closed","ping_status":"closed","sticky":false,"template":"","format":"standard","meta":{"dwc-title":[],"dwc-content":[],"footnotes":""},"categories":[37],"tags":[],"class_list":["post-48621","post","type-post","status-publish","format-standard","has-post-thumbnail","hentry","category-cultura-e-spettacolo"],"rttpg_featured_image_url":{"full":["https:\/\/imagazine.it\/wp-content\/uploads\/2024\/02\/52227-1.webp",750,564,false],"landscape":["https:\/\/imagazine.it\/wp-content\/uploads\/2024\/02\/52227-1.webp",750,564,false],"portraits":["https:\/\/imagazine.it\/wp-content\/uploads\/2024\/02\/52227-1.webp",750,564,false],"thumbnail":["https:\/\/imagazine.it\/wp-content\/uploads\/2024\/02\/52227-1-150x150.webp",150,150,true],"medium":["https:\/\/imagazine.it\/wp-content\/uploads\/2024\/02\/52227-1-300x226.webp",300,226,true],"large":["https:\/\/imagazine.it\/wp-content\/uploads\/2024\/02\/52227-1.webp",640,481,false],"thumblist":["https:\/\/imagazine.it\/wp-content\/uploads\/2024\/02\/52227-1-300x300.webp",300,300,true],"thumbrelated":["https:\/\/imagazine.it\/wp-content\/uploads\/2024\/02\/52227-1-500x500.webp",500,500,true],"meccarouselthumb":["https:\/\/imagazine.it\/wp-content\/uploads\/2024\/02\/52227-1-474x324.webp",474,324,true],"gridsquare":["https:\/\/imagazine.it\/wp-content\/uploads\/2024\/02\/52227-1-391x260.webp",391,260,true],"tileview":["https:\/\/imagazine.it\/wp-content\/uploads\/2024\/02\/52227-1-300x400.webp",300,400,true],"1536x1536":["https:\/\/imagazine.it\/wp-content\/uploads\/2024\/02\/52227-1.webp",750,564,false],"2048x2048":["https:\/\/imagazine.it\/wp-content\/uploads\/2024\/02\/52227-1.webp",750,564,false],"newsup-slider-full":["https:\/\/imagazine.it\/wp-content\/uploads\/2024\/02\/52227-1.webp",750,564,false],"newsup-featured":["https:\/\/imagazine.it\/wp-content\/uploads\/2024\/02\/52227-1.webp",750,564,false],"newsup-medium":["https:\/\/imagazine.it\/wp-content\/uploads\/2024\/02\/52227-1-720x380.webp",720,380,true],"tptn_thumbnail":["https:\/\/imagazine.it\/wp-content\/uploads\/2024\/02\/52227-1.webp",250,188,false],"sow-carousel-default":["https:\/\/imagazine.it\/wp-content\/uploads\/2024\/02\/52227-1.webp",242,182,false]},"rttpg_author":{"display_name":"redazione","author_link":"https:\/\/imagazine.it\/home_desk\/author\/redazione\/"},"rttpg_comment":0,"rttpg_category":"<a href=\"https:\/\/imagazine.it\/home_desk\/category\/cultura-e-spettacolo\/\" rel=\"category tag\">CULTURA&amp;SPETTACOLO<\/a>","rttpg_excerpt":"Due serate di grande musica all'Arena Alpe Adria in occasione del Sunset Festival","_links":{"self":[{"href":"https:\/\/imagazine.it\/home_desk\/wp-json\/wp\/v2\/posts\/48621","targetHints":{"allow":["GET"]}}],"collection":[{"href":"https:\/\/imagazine.it\/home_desk\/wp-json\/wp\/v2\/posts"}],"about":[{"href":"https:\/\/imagazine.it\/home_desk\/wp-json\/wp\/v2\/types\/post"}],"author":[{"embeddable":true,"href":"https:\/\/imagazine.it\/home_desk\/wp-json\/wp\/v2\/users\/28"}],"replies":[{"embeddable":true,"href":"https:\/\/imagazine.it\/home_desk\/wp-json\/wp\/v2\/comments?post=48621"}],"version-history":[{"count":0,"href":"https:\/\/imagazine.it\/home_desk\/wp-json\/wp\/v2\/posts\/48621\/revisions"}],"wp:featuredmedia":[{"embeddable":true,"href":"https:\/\/imagazine.it\/home_desk\/wp-json\/wp\/v2\/media\/48622"}],"wp:attachment":[{"href":"https:\/\/imagazine.it\/home_desk\/wp-json\/wp\/v2\/media?parent=48621"}],"wp:term":[{"taxonomy":"category","embeddable":true,"href":"https:\/\/imagazine.it\/home_desk\/wp-json\/wp\/v2\/categories?post=48621"},{"taxonomy":"post_tag","embeddable":true,"href":"https:\/\/imagazine.it\/home_desk\/wp-json\/wp\/v2\/tags?post=48621"}],"curies":[{"name":"wp","href":"https:\/\/api.w.org\/{rel}","templated":true}]}}