{"id":48609,"date":"2023-03-01T00:00:00","date_gmt":"2023-02-28T23:00:00","guid":{"rendered":"https:\/\/imagazine.it\/a-grado-il-primo-festival-bike-in-del-fvg\/"},"modified":"2023-03-01T00:00:00","modified_gmt":"2023-02-28T23:00:00","slug":"a-grado-il-primo-festival-bike-in-del-fvg","status":"publish","type":"post","link":"https:\/\/imagazine.it\/home_desk\/a-grado-il-primo-festival-bike-in-del-fvg\/","title":{"rendered":"A Grado il primo festival Bike-in del FVG"},"content":{"rendered":"<p> \tGRADO \u2013 <strong><em>Cinebike<\/em><\/strong>, il primo festival Bike-in del Friuli Venezia Giulia che si terr\u00e0 <strong>a Grado dal 16 al 24 giugno<\/strong>, lancia la prima edizione di <strong><em>Cinebike-Shorts<\/em><\/strong>, concorso dedicato alla <strong>mobilit\u00e0 lenta<\/strong> rivolto alle scuole secondarie di primo e secondo grado, sia statali che paritarie, che si trovano sul territorio nazionale.<\/p>\n<p> \tIl concorso, infatti, fa parte delle iniziative del programma di Cinebike Festival che unisce\u00a0l\u2019utilizzo\u00a0della bicicletta e i valori del turismo \u201cslow\u201d all\u2019esperienza\u00a0cinematografica: fulcro della manifestazione sar\u00e0 <strong>l\u2019arena bike-in<\/strong>, una riconfigurazione ecologica del vecchio modello drive-in su due ruote, posizionato <strong>nel centro di Grado<\/strong>, per far vivere un\u2019esperienza di cinema diversa ed emozionante e soprattutto ecologica e condivisibile<\/p>\n<p> \tPer partecipare al concorso<em> Cinebike-Shorts<\/em>, i ragazzi (singolarmente o come lavori di classe) dovranno realizzare un elaborato audiovisivo dedicato al tema della sostenibilit\u00e0 e della mobilit\u00e0 lenta della durata massima di dieci minuti.<\/p>\n<p> \tCinebike Festival, infatti, identifica un nuovo modo per vivere cultura, arte e creativit\u00e0 e per promuovere un <strong>turismo sostenibile<\/strong>, coinvolgendo il territorio, i comuni limitrofi, le comunit\u00e0, sfruttando la rete di piste ciclabili e aree pedonali e creando un calendario di tour in bici, laboratori, degustazioni, piccoli concerti e presentazioni di libri come elemento fondante del festival, oltre ovviamente alla ricca programmazione serale dei film.<\/p>\n<p> \t<em>\u201cIl concorso<\/em> \u2013 sottolinea <strong>Silvia Moras<\/strong>, direttrice artistica di Cinebike Festival \u2013 <em>intende essere un veicolo di sensibilizzazione <\/em><em>delle nuove generazioni sul\u00a0tema della sostenibilit\u00e0 attraverso l\u2019utilizzo di un medium immediato e coinvolgente come quello dei video, strumento sempre pi\u00f9 utilizzato dai giovani per esprimere quotidianamente la propria personalit\u00e0, i valori e i temi a loro pi\u00f9 vicini\u201d.<\/em><\/p>\n<p> \tIl concorso \u00e8 organizzato dalla <strong>Soc. Coop.\u00a0Videomante\u00a0<\/strong>in collaborazione con\u00a0<strong>MyMovies<\/strong>, con il supporto della\u00a0Regione Friuli Venezia Giulia\u00a0e del\u00a0Comune di Grado e con il sostegno della Fondazione Pittini.<\/p>\n<p> \tI corti in concorso verranno caricati <u><a href=\"http:\/\/www.mymovies.it\" target=\"_blank\" rel=\"noopener\"><span style=\"color:#0000cd;\">su <strong>una pagina dedicata di MyMovies<\/strong><\/span><\/a><\/u>, sito di informazione cinematografica, e valutati dalla sua community.\u00a0Le opere selezionate verranno giudicate anche da una commissione interna al festival. I vincitori saranno premiati durante l\u2019evento dedicato e rivolto al mondo della scuola gi\u00e0 previsto all\u2019interno programma di\u00a0Cinebike\u00a0Festival di giugno.<\/p>\n<p> \tI primi classificati (suddivisi tra secondarie di primo e secondo grado) vinceranno dotazioni informatiche\/audiovisive e buoni in denaro per l\u2019acquisto di materiale didattico. La partecipazione \u00e8 gratuita, le opere vanno <strong>inviate entro sabato 22 aprile<\/strong>.<\/p>\n<p> \tTutte le informazioni, il bando e le modalit\u00e0 di iscrizione sono consultabili su <u><a href=\"http:\/\/www.cinebikefest.it\" target=\"_blank\" rel=\"noopener\"><span style=\"color:#0000cd;\"><strong>www.cinebikefest.it<\/strong><\/span><\/a><\/u><\/p>\n<p> \t\u00a0<\/p>\n","protected":false},"excerpt":{"rendered":"<p>Evento che unisce l\u2019utilizzo della bicicletta e i valori del turismo \u201cslow\u201d all\u2019esperienza cinematografica. Previsto anche un concorso nazionale per le scuole<\/p>\n","protected":false},"author":28,"featured_media":48610,"comment_status":"closed","ping_status":"closed","sticky":false,"template":"","format":"standard","meta":{"dwc-title":[],"dwc-content":[],"footnotes":""},"categories":[37],"tags":[],"class_list":["post-48609","post","type-post","status-publish","format-standard","has-post-thumbnail","hentry","category-cultura-e-spettacolo"],"rttpg_featured_image_url":{"full":["https:\/\/imagazine.it\/wp-content\/uploads\/2024\/02\/52194-1.webp",1000,668,false],"landscape":["https:\/\/imagazine.it\/wp-content\/uploads\/2024\/02\/52194-1.webp",1000,668,false],"portraits":["https:\/\/imagazine.it\/wp-content\/uploads\/2024\/02\/52194-1.webp",1000,668,false],"thumbnail":["https:\/\/imagazine.it\/wp-content\/uploads\/2024\/02\/52194-1-150x150.webp",150,150,true],"medium":["https:\/\/imagazine.it\/wp-content\/uploads\/2024\/02\/52194-1-300x200.webp",300,200,true],"large":["https:\/\/imagazine.it\/wp-content\/uploads\/2024\/02\/52194-1.webp",640,428,false],"thumblist":["https:\/\/imagazine.it\/wp-content\/uploads\/2024\/02\/52194-1-300x300.webp",300,300,true],"thumbrelated":["https:\/\/imagazine.it\/wp-content\/uploads\/2024\/02\/52194-1-500x500.webp",500,500,true],"meccarouselthumb":["https:\/\/imagazine.it\/wp-content\/uploads\/2024\/02\/52194-1-474x324.webp",474,324,true],"gridsquare":["https:\/\/imagazine.it\/wp-content\/uploads\/2024\/02\/52194-1-391x260.webp",391,260,true],"tileview":["https:\/\/imagazine.it\/wp-content\/uploads\/2024\/02\/52194-1-300x400.webp",300,400,true],"1536x1536":["https:\/\/imagazine.it\/wp-content\/uploads\/2024\/02\/52194-1.webp",1000,668,false],"2048x2048":["https:\/\/imagazine.it\/wp-content\/uploads\/2024\/02\/52194-1.webp",1000,668,false],"newsup-slider-full":["https:\/\/imagazine.it\/wp-content\/uploads\/2024\/02\/52194-1.webp",1000,668,false],"newsup-featured":["https:\/\/imagazine.it\/wp-content\/uploads\/2024\/02\/52194-1.webp",1000,668,false],"newsup-medium":["https:\/\/imagazine.it\/wp-content\/uploads\/2024\/02\/52194-1-720x380.webp",720,380,true],"tptn_thumbnail":["https:\/\/imagazine.it\/wp-content\/uploads\/2024\/02\/52194-1.webp",250,167,false],"sow-carousel-default":["https:\/\/imagazine.it\/wp-content\/uploads\/2024\/02\/52194-1.webp",272,182,false]},"rttpg_author":{"display_name":"redazione","author_link":"https:\/\/imagazine.it\/home_desk\/author\/redazione\/"},"rttpg_comment":0,"rttpg_category":"<a href=\"https:\/\/imagazine.it\/home_desk\/category\/cultura-e-spettacolo\/\" rel=\"category tag\">CULTURA&amp;SPETTACOLO<\/a>","rttpg_excerpt":"Evento che unisce l\u2019utilizzo della bicicletta e i valori del turismo \u201cslow\u201d all\u2019esperienza cinematografica. Previsto anche un concorso nazionale per le scuole","_links":{"self":[{"href":"https:\/\/imagazine.it\/home_desk\/wp-json\/wp\/v2\/posts\/48609","targetHints":{"allow":["GET"]}}],"collection":[{"href":"https:\/\/imagazine.it\/home_desk\/wp-json\/wp\/v2\/posts"}],"about":[{"href":"https:\/\/imagazine.it\/home_desk\/wp-json\/wp\/v2\/types\/post"}],"author":[{"embeddable":true,"href":"https:\/\/imagazine.it\/home_desk\/wp-json\/wp\/v2\/users\/28"}],"replies":[{"embeddable":true,"href":"https:\/\/imagazine.it\/home_desk\/wp-json\/wp\/v2\/comments?post=48609"}],"version-history":[{"count":0,"href":"https:\/\/imagazine.it\/home_desk\/wp-json\/wp\/v2\/posts\/48609\/revisions"}],"wp:featuredmedia":[{"embeddable":true,"href":"https:\/\/imagazine.it\/home_desk\/wp-json\/wp\/v2\/media\/48610"}],"wp:attachment":[{"href":"https:\/\/imagazine.it\/home_desk\/wp-json\/wp\/v2\/media?parent=48609"}],"wp:term":[{"taxonomy":"category","embeddable":true,"href":"https:\/\/imagazine.it\/home_desk\/wp-json\/wp\/v2\/categories?post=48609"},{"taxonomy":"post_tag","embeddable":true,"href":"https:\/\/imagazine.it\/home_desk\/wp-json\/wp\/v2\/tags?post=48609"}],"curies":[{"name":"wp","href":"https:\/\/api.w.org\/{rel}","templated":true}]}}