{"id":48589,"date":"2023-02-28T00:00:00","date_gmt":"2023-02-27T23:00:00","guid":{"rendered":"https:\/\/imagazine.it\/trieste-concerto-in-memoria-di-lelio-luttazzi\/"},"modified":"2023-02-28T00:00:00","modified_gmt":"2023-02-27T23:00:00","slug":"trieste-concerto-in-memoria-di-lelio-luttazzi","status":"publish","type":"post","link":"https:\/\/imagazine.it\/home_desk\/trieste-concerto-in-memoria-di-lelio-luttazzi\/","title":{"rendered":"Trieste, concerto in memoria di Lelio Luttazzi"},"content":{"rendered":"<p> \tTRIESTE \u2013 Il concerto per festeggiare nella sua Trieste i 100 anni di Lelio Luttazzi \u00e8 stato presentato nella Sala Giunta del Municipio dal <strong>Comune di Trieste<\/strong> nel corso di una conferenza stampa svoltasi alla presenza della <u><a href=\"http:\/\/www.imagazine.it\/notizie-trieste-gorizia-udine-friuli\/6213\" target=\"_blank\" rel=\"noopener\"><span style=\"color:#0000cd;\">moglie del Maestro, <strong>Rossana Luttazzi<\/strong><\/span><\/a><\/u>, del direttore artistico del Festival Internazionale TriesteLovesJazz, <strong>Gabriele Centis<\/strong>, del direttore organizzativo del Teatro Stabile del Friuli Venezia Giulia &#8211; IlRossetti, <strong>Stefano Curti<\/strong>, e del consigliere comunale <strong>Massimo Tognolli<\/strong>.<\/p>\n<p> \tIl \u201cConcerto per il centenario del Maestro Lelio Luttazzi\u201d, promosso dalla Fondazione Lelio Luttazzi in co-organizzazione con il <strong>Comune di Trieste<\/strong>, si svolger\u00e0 luned\u00ec 6 marzo alle ore 20.30 nella Sala Assicurazioni Generali del Teatro Stabile del Friuli Venezia Giulia \u2013 IlRossetti a ingresso libero, con apertura delle porte dalle ore 20.00.<\/p>\n<p> \tA presentare la serata sar\u00e0 il Maestro <strong>Paolo Tagliaferri<\/strong>.<\/p>\n<p> \tUn concerto \u2013 ha affermato <strong>Tognolli<\/strong> \u2013 che non potr\u00e0 che avere come assolute protagoniste le musiche del Maestro con arrangiamenti, orchestrazione e direzione d\u2019orchestra di Gabriele Comeglio, gi\u00e0 arrangiatore dei brani di Luttazzi per Mina e il cui fine \u00e8 quello di celebrare il centenario della nascita di Luttazzi a Trieste, la sua amata citt\u00e0 dove a fine 2007 volle tornare a vivere, con un concerto di sue composizioni straordinarie interpretate dalla Big Band Jazz Company e l&#8217;esibizione di giovani talentuosi usciti dai conservatori.<\/p>\n<p> \t\u201cAlcuni dei brani, scelti direttamente da loro, vedranno infatti l\u2019interpretazione di jazzisti emergenti nello spirito stesso della Fondazione: quello di coinvolgere i giovani, che Lelio \u2013 ha ricordato la moglie Rossana &#8211; amava molto\u201d.<\/p>\n<p> \tLa Big Band Jazz Company del Maestro Gabriele Comeglio, formata da 14 musicisti e la voce di Caterina Comeglio (vincitrice del Premio Luttazzi 2019), eseguir\u00e0 le pi\u00f9 belle composizioni di Luttazzi; il concerto vedr\u00e0, tra gli ospiti, il Trio Manuel Magrini (formato da Manuel Magrini, giovane pianista vincitore del Premio Luttazzi nel 2017, Bernardo Guerra, batterista di Stefano Bollani e Francesco Ponticelli al contrabbasso), Rita Marcotulli, definita la pi\u00f9 importante pianista jazz italiana, il sassofonista e clarinettista di grande esperienza Nico Gori e la giovane cantautrice Marta Frigo, vincitrice del Premio Luttazzi 2021.<\/p>\n<p> \tIl <strong>Comune di Trieste<\/strong> ha voluto ricordare quindi l\u2019intitolazione a Luttazzi, nel 2021, della Sala polifunzionale al terzo piano del Magazzino 26 del Porto Vecchio, ora Porto Vivo di Trieste, diventata \u2013 \u00e8 stato detto &#8211; il cuore pulsante della cultura della nostra citt\u00e0 e non solo e lo Studio Luttazzi presso la Biblioteca Statale Stelio Crise nel Palazzo Brambilla Morpurgo, spazio permanente nato grazie alla donazione da parte della Signora Luttazzi di tutto il patrimonio documentario che testimonia la vita artistica e l\u2019attivit\u00e0 di musicista e uomo di spettacolo di Lelio Luttazzi e ha sottolineato l\u2019immenso talento che ha contraddistinto e influenzato un\u2019intera epoca culturale del nostro Paese. Ed \u00e8 proprio l\u2019affetto, il legame e l\u2019attaccamento alla sua Trieste che il Comune di Trieste \u2013 \u00e8 stato ancora affermato &#8211; ha inteso ricambiare organizzando questo evento.<\/p>\n<p> \tEsprimendo un particolare ringraziamento al Comune di Trieste e al Teatro Stabile del Friuli Venezia Giulia \u2013 IlRossetti, Rossana Luttazzi si \u00e8 detta commossa per l\u2019incredibile affetto sempre dimostrato nei suoi confronti e in quelli della Fondazione.<\/p>\n<p> \t\u201cUna manifestazione di vicinanza che mi riempie di gioia ed \u00e8 per questo motivo \u2013 ha rimarcato Rossana Luttazzi &#8211; che Trieste \u00e8 una tappa che non pu\u00f2 mancare nel fitto calendario di eventi e progetti che da 13 anni con la Fondazione Luttazzi portiamo avanti con entusiasmo nel segno e nel ricordo di Lelio\u201d.<\/p>\n<p> \t\u201cSono molto felice \u2013 ha aggiunto &#8211; di portare in scena a Trieste questo concerto che presenta grandissimi musicisti\u201d.<\/p>\n<p> \tTra i pi\u00f9 recenti progetti, Rossana Luttazzi ha ricordato la realizzazione del documentario dal titolo \u201cSouvenir d\u2019Italie\u201d, una coproduzione RAI Documentari presentata con successo nell\u2019ottobre scorso al Festival del Film di Roma che andr\u00e0 in onda su Rai 3 il 3 marzo prossimo alle ore 21.20 e al cui interno \u2013 ha sottolineato &#8211; naturalmente c\u2019\u00e8 Trieste.<\/p>\n<p> \t\u201cIl teatro Rossetti \u2013 ha aggiunto Rossana Luttazzi \u2013 \u00e8 per me importantissimo perch\u00e9 Lelio ci ha suonato moltissime volte e per questo motivo, ogni volta che ci torno, \u00e8 un po\u2019 sempre l\u00ec presente: confido che, anche grazie all\u2019ingresso gratuito, il teatro sia pieno per festeggiare degnamente, proprio nella sua citt\u00e0, i 100 anni di Lelio\u201d.<\/p>\n<p> \t\u201cIn occasione della ricorrenza sono previsti vari eventi in giro per l\u2019Italia, con concerti a Torino e Milano, due uscite discografiche e una editoriale in aprile, in occasione delle quali \u2013 ha promesso Rossana Luttazzi &#8211; torner\u00f2 a Trieste per presentarle\u201d.<\/p>\n<p> \t\u201cCome ogni anno \u2013 ha aggiunto Gabriele Centis &#8211; anche nel 2023 ricorderemo inoltre Lelio Luttazzi all\u2019interno del TriesteLovesJazz con il Premio a lui intitolato\u201d.<\/p>\n<p> \tStefano Curti si \u00e8 detto felice, a nome del Teatro Stabile del Friuli Venezia Giulia \u2013 IlRossetti, di ospitare il concerto: \u201cnon \u00e8 la prima volta che collaboriamo con grande piacere con la Fondazione Luttazzi\u201d ha detto, ricordando come una scena del film di Pupi Avati \u201cIl giovanotto matto\u201d fosse stata girata proprio all\u2019interno del teatro.<\/p>\n<p> \t\u201cUn teatro dove \u2013 ha concluso Curti \u2013 Luttazzi ha suonato tante volte e quindi questo concerto rappresenta per la musica del Maestro un po\u2019 un ritorno a casa\u201d.<\/p>\n<p> \tIn scaletta non potranno mancare indimenticabili successi e brani notissimi come \u201cCanto anche se sono stonato\u201d, \u201cIl giovanotto matto\u201d o \u201cLegata ad uno scoglio\u201d, accanto ad altre composizioni meno note, ma altrettanto importanti nella produzione di Lelio Luttazzi tra le quali \u201cJazz allo stadio\u201d, scritta per il cinema e \u201cNon lo so\u201d, composta per Rossana Casale.<\/p>\n<p> \tLa Fondazione Lelio Luttazzi nasce nel 2010 a Trieste per volont\u00e0 della moglie Rossana con lo scopo di sostenere, realizzare e promuovere azioni e progetti rivolti alla diffusione della cultura, dell\u2019educazione e della formazione musicale.<\/p>\n<p> \tNel corso di questi anni, la Fondazione ha realizzato prodotti editoriali, cd e pubblicazioni di romanzi del Maestro; nel 2011 al Festival del Film di Roma \u00e8 stato presentato in anteprima mondiale \u201cL\u2019Illazione\u201d, un film scritto e interpretato da Luttazzi e si \u00e8 tenuta la presentazione di tutto l\u2019archivio Luttazzi all\u2019Universit\u00e0 La Sapienza di Roma con la pubblicazione di un volume.<\/p>\n<p> \tNel 2013, poi, la grande mostra \u201cLelioswing\u201d, tenutasi al Museo dei Mercati di Traiano a Roma e poi a Trieste, ha ricevuto la Medaglia del Presidente della Repubblica.<\/p>\n<p> \tQuest\u2019anno, infine, si terr\u00e0 la quinta edizione del Premio Lelio Luttazzi per Giovani Autori Pianisti.<\/p>\n<p> \t\u00a0<\/p>\n","protected":false},"excerpt":{"rendered":"<p>Le musiche del grande maestro risuoneranno al Rossetti in una serata speciale e densa di significati<\/p>\n","protected":false},"author":28,"featured_media":48590,"comment_status":"closed","ping_status":"closed","sticky":false,"template":"","format":"standard","meta":{"dwc-title":[],"dwc-content":[],"footnotes":""},"categories":[37],"tags":[],"class_list":["post-48589","post","type-post","status-publish","format-standard","has-post-thumbnail","hentry","category-cultura-e-spettacolo"],"rttpg_featured_image_url":{"full":["https:\/\/imagazine.it\/wp-content\/uploads\/2024\/02\/52174-1.webp",750,539,false],"landscape":["https:\/\/imagazine.it\/wp-content\/uploads\/2024\/02\/52174-1.webp",750,539,false],"portraits":["https:\/\/imagazine.it\/wp-content\/uploads\/2024\/02\/52174-1.webp",750,539,false],"thumbnail":["https:\/\/imagazine.it\/wp-content\/uploads\/2024\/02\/52174-1-150x150.webp",150,150,true],"medium":["https:\/\/imagazine.it\/wp-content\/uploads\/2024\/02\/52174-1-300x216.webp",300,216,true],"large":["https:\/\/imagazine.it\/wp-content\/uploads\/2024\/02\/52174-1.webp",640,460,false],"thumblist":["https:\/\/imagazine.it\/wp-content\/uploads\/2024\/02\/52174-1-300x300.webp",300,300,true],"thumbrelated":["https:\/\/imagazine.it\/wp-content\/uploads\/2024\/02\/52174-1-500x500.webp",500,500,true],"meccarouselthumb":["https:\/\/imagazine.it\/wp-content\/uploads\/2024\/02\/52174-1-474x324.webp",474,324,true],"gridsquare":["https:\/\/imagazine.it\/wp-content\/uploads\/2024\/02\/52174-1-391x260.webp",391,260,true],"tileview":["https:\/\/imagazine.it\/wp-content\/uploads\/2024\/02\/52174-1-300x400.webp",300,400,true],"1536x1536":["https:\/\/imagazine.it\/wp-content\/uploads\/2024\/02\/52174-1.webp",750,539,false],"2048x2048":["https:\/\/imagazine.it\/wp-content\/uploads\/2024\/02\/52174-1.webp",750,539,false],"newsup-slider-full":["https:\/\/imagazine.it\/wp-content\/uploads\/2024\/02\/52174-1.webp",750,539,false],"newsup-featured":["https:\/\/imagazine.it\/wp-content\/uploads\/2024\/02\/52174-1.webp",750,539,false],"newsup-medium":["https:\/\/imagazine.it\/wp-content\/uploads\/2024\/02\/52174-1-720x380.webp",720,380,true],"tptn_thumbnail":["https:\/\/imagazine.it\/wp-content\/uploads\/2024\/02\/52174-1.webp",250,180,false],"sow-carousel-default":["https:\/\/imagazine.it\/wp-content\/uploads\/2024\/02\/52174-1.webp",253,182,false]},"rttpg_author":{"display_name":"redazione","author_link":"https:\/\/imagazine.it\/home_desk\/author\/redazione\/"},"rttpg_comment":0,"rttpg_category":"<a href=\"https:\/\/imagazine.it\/home_desk\/category\/cultura-e-spettacolo\/\" rel=\"category tag\">CULTURA&amp;SPETTACOLO<\/a>","rttpg_excerpt":"Le musiche del grande maestro risuoneranno al Rossetti in una serata speciale e densa di significati","_links":{"self":[{"href":"https:\/\/imagazine.it\/home_desk\/wp-json\/wp\/v2\/posts\/48589","targetHints":{"allow":["GET"]}}],"collection":[{"href":"https:\/\/imagazine.it\/home_desk\/wp-json\/wp\/v2\/posts"}],"about":[{"href":"https:\/\/imagazine.it\/home_desk\/wp-json\/wp\/v2\/types\/post"}],"author":[{"embeddable":true,"href":"https:\/\/imagazine.it\/home_desk\/wp-json\/wp\/v2\/users\/28"}],"replies":[{"embeddable":true,"href":"https:\/\/imagazine.it\/home_desk\/wp-json\/wp\/v2\/comments?post=48589"}],"version-history":[{"count":0,"href":"https:\/\/imagazine.it\/home_desk\/wp-json\/wp\/v2\/posts\/48589\/revisions"}],"wp:featuredmedia":[{"embeddable":true,"href":"https:\/\/imagazine.it\/home_desk\/wp-json\/wp\/v2\/media\/48590"}],"wp:attachment":[{"href":"https:\/\/imagazine.it\/home_desk\/wp-json\/wp\/v2\/media?parent=48589"}],"wp:term":[{"taxonomy":"category","embeddable":true,"href":"https:\/\/imagazine.it\/home_desk\/wp-json\/wp\/v2\/categories?post=48589"},{"taxonomy":"post_tag","embeddable":true,"href":"https:\/\/imagazine.it\/home_desk\/wp-json\/wp\/v2\/tags?post=48589"}],"curies":[{"name":"wp","href":"https:\/\/api.w.org\/{rel}","templated":true}]}}