{"id":48587,"date":"2023-02-28T00:00:00","date_gmt":"2023-02-27T23:00:00","guid":{"rendered":"https:\/\/imagazine.it\/raddoppia-lalpe-adria-puppet-festival\/"},"modified":"2023-02-28T00:00:00","modified_gmt":"2023-02-27T23:00:00","slug":"raddoppia-lalpe-adria-puppet-festival","status":"publish","type":"post","link":"https:\/\/imagazine.it\/home_desk\/raddoppia-lalpe-adria-puppet-festival\/","title":{"rendered":"Raddoppia l&#8217;Alpe Adria Puppet Festival"},"content":{"rendered":"<p> \tGORIZIA \u2013 L\u2019appuntamento con la 32sima edizione dell\u2019<strong>Alpe Adria Puppet Festival <\/strong>da quest\u2019anno sar\u00e0 duplice e si terr\u00e0 <strong>dal 21 al 27 agosto <\/strong>e<strong> dal 29 settembre all\u20198 ottobre.<\/strong><\/p>\n<p> \tLa manifestazione di Teatro di Figura internazionale, ospitata fra <strong>Muggia, Grado, Gorizia e Nova Gorica<\/strong>, raddoppia con una parte dedicata alla famiglia e una parte in cui si esprimer\u00e0 in tutte le varianti pi\u00f9 avanguardiste, sorprendenti e contemporanee, aprendosi all\u2019Europa e al mondo.<\/p>\n<p> \t\u201cQuesto \u00e8 un tipo di teatro che scopre, sperimenta e utilizza il mondo del reale<em>. <\/em>Tutto ci\u00f2 che ci circonda pu\u00f2 tornare utile nel teatro di figura, espressione artistica in cui il riuso creativo dei materiali \u00e8 peculiarit\u00e0 e componente sostanziale del processo creativo. Una dimensione dove l\u2019artista \u00e8 un\u2019artista totale e fa sentire il pubblico vivo, partecipe e attivo\u201d, afferma il direttore artistico, <strong>Roberto Piaggio<\/strong>.<\/p>\n<p> \t\u00a0<\/p>\n","protected":false},"excerpt":{"rendered":"<p>Muggia, Grado, Gorizia e Nova Gorica protagoniste della manifestazione dedicata al Teatro di Figura internazionale in programma tra agosto, settembre e ottobre<\/p>\n","protected":false},"author":28,"featured_media":48588,"comment_status":"closed","ping_status":"closed","sticky":false,"template":"","format":"standard","meta":{"dwc-title":[],"dwc-content":[],"footnotes":""},"categories":[37],"tags":[],"class_list":["post-48587","post","type-post","status-publish","format-standard","has-post-thumbnail","hentry","category-cultura-e-spettacolo"],"rttpg_featured_image_url":{"full":["https:\/\/imagazine.it\/wp-content\/uploads\/2024\/02\/52173-1.webp",1000,668,false],"landscape":["https:\/\/imagazine.it\/wp-content\/uploads\/2024\/02\/52173-1.webp",1000,668,false],"portraits":["https:\/\/imagazine.it\/wp-content\/uploads\/2024\/02\/52173-1.webp",1000,668,false],"thumbnail":["https:\/\/imagazine.it\/wp-content\/uploads\/2024\/02\/52173-1-150x150.webp",150,150,true],"medium":["https:\/\/imagazine.it\/wp-content\/uploads\/2024\/02\/52173-1-300x200.webp",300,200,true],"large":["https:\/\/imagazine.it\/wp-content\/uploads\/2024\/02\/52173-1.webp",640,428,false],"thumblist":["https:\/\/imagazine.it\/wp-content\/uploads\/2024\/02\/52173-1-300x300.webp",300,300,true],"thumbrelated":["https:\/\/imagazine.it\/wp-content\/uploads\/2024\/02\/52173-1-500x500.webp",500,500,true],"meccarouselthumb":["https:\/\/imagazine.it\/wp-content\/uploads\/2024\/02\/52173-1-474x324.webp",474,324,true],"gridsquare":["https:\/\/imagazine.it\/wp-content\/uploads\/2024\/02\/52173-1-391x260.webp",391,260,true],"tileview":["https:\/\/imagazine.it\/wp-content\/uploads\/2024\/02\/52173-1-300x400.webp",300,400,true],"1536x1536":["https:\/\/imagazine.it\/wp-content\/uploads\/2024\/02\/52173-1.webp",1000,668,false],"2048x2048":["https:\/\/imagazine.it\/wp-content\/uploads\/2024\/02\/52173-1.webp",1000,668,false],"newsup-slider-full":["https:\/\/imagazine.it\/wp-content\/uploads\/2024\/02\/52173-1.webp",1000,668,false],"newsup-featured":["https:\/\/imagazine.it\/wp-content\/uploads\/2024\/02\/52173-1.webp",1000,668,false],"newsup-medium":["https:\/\/imagazine.it\/wp-content\/uploads\/2024\/02\/52173-1-720x380.webp",720,380,true],"tptn_thumbnail":["https:\/\/imagazine.it\/wp-content\/uploads\/2024\/02\/52173-1.webp",250,167,false],"sow-carousel-default":["https:\/\/imagazine.it\/wp-content\/uploads\/2024\/02\/52173-1.webp",272,182,false]},"rttpg_author":{"display_name":"redazione","author_link":"https:\/\/imagazine.it\/home_desk\/author\/redazione\/"},"rttpg_comment":0,"rttpg_category":"<a href=\"https:\/\/imagazine.it\/home_desk\/category\/cultura-e-spettacolo\/\" rel=\"category tag\">CULTURA&amp;SPETTACOLO<\/a>","rttpg_excerpt":"Muggia, Grado, Gorizia e Nova Gorica protagoniste della manifestazione dedicata al Teatro di Figura internazionale in programma tra agosto, settembre e ottobre","_links":{"self":[{"href":"https:\/\/imagazine.it\/home_desk\/wp-json\/wp\/v2\/posts\/48587","targetHints":{"allow":["GET"]}}],"collection":[{"href":"https:\/\/imagazine.it\/home_desk\/wp-json\/wp\/v2\/posts"}],"about":[{"href":"https:\/\/imagazine.it\/home_desk\/wp-json\/wp\/v2\/types\/post"}],"author":[{"embeddable":true,"href":"https:\/\/imagazine.it\/home_desk\/wp-json\/wp\/v2\/users\/28"}],"replies":[{"embeddable":true,"href":"https:\/\/imagazine.it\/home_desk\/wp-json\/wp\/v2\/comments?post=48587"}],"version-history":[{"count":0,"href":"https:\/\/imagazine.it\/home_desk\/wp-json\/wp\/v2\/posts\/48587\/revisions"}],"wp:featuredmedia":[{"embeddable":true,"href":"https:\/\/imagazine.it\/home_desk\/wp-json\/wp\/v2\/media\/48588"}],"wp:attachment":[{"href":"https:\/\/imagazine.it\/home_desk\/wp-json\/wp\/v2\/media?parent=48587"}],"wp:term":[{"taxonomy":"category","embeddable":true,"href":"https:\/\/imagazine.it\/home_desk\/wp-json\/wp\/v2\/categories?post=48587"},{"taxonomy":"post_tag","embeddable":true,"href":"https:\/\/imagazine.it\/home_desk\/wp-json\/wp\/v2\/tags?post=48587"}],"curies":[{"name":"wp","href":"https:\/\/api.w.org\/{rel}","templated":true}]}}