{"id":48545,"date":"2023-02-21T00:00:00","date_gmt":"2023-02-20T23:00:00","guid":{"rendered":"https:\/\/imagazine.it\/a-trieste-e-ruda-per-la-serie-su-mussolini\/"},"modified":"2023-02-21T00:00:00","modified_gmt":"2023-02-20T23:00:00","slug":"a-trieste-e-ruda-per-la-serie-su-mussolini","status":"publish","type":"post","link":"https:\/\/imagazine.it\/home_desk\/a-trieste-e-ruda-per-la-serie-su-mussolini\/","title":{"rendered":"A Trieste e Ruda per la serie su Mussolini"},"content":{"rendered":"<p> \tTRIESTE \/ RUDA \u2013 Ripartono questa settimana le riprese dell\u2019adattamento cinematografico di \u201c<em>M \u2013 il figlio del secolo<\/em>\u201d, il romanzo storico di <strong>Antonio Scurati<\/strong>, gi\u00e0 vincitore del Premio Strega nel 2019.<\/p>\n<p> \tLa serie di otto episodi \u00e8 prodotta da Sky Studios e da\u00a0<strong>Lorenzo Mieli<\/strong>\u00a0per <strong>The Apartment Pictures<\/strong> (societ\u00e0 del gruppo Fremantle) in collaborazione, tra gli altri, con <strong>Path\u00e9,<\/strong> e sar\u00e0 distribuita in esclusiva su <strong>Sky<\/strong> e in streaming su <strong>Now<\/strong>.<\/p>\n<p> \tDopo <u><a href=\"https:\/\/www.imagazine.it\/notizie-trieste-gorizia-udine-friuli\/12881\" target=\"_blank\" rel=\"noopener\"><span style=\"color:#0000cd;\">i primi otto giorni impiegati lo scorso novembre tra Aquileia e Gorizia<\/span><\/a><\/u>, la troupe torna in Friuli Venezia Giulia per completare le riprese che interessano le location di <strong>Trieste<\/strong> e de<strong>ll\u2019<\/strong><strong>Amideria Chiozza<\/strong> nel <strong>comune di<\/strong> <strong>Ruda<\/strong>.<\/p>\n<p> \tIl Friuli Venezia Giulia continua a risultare molto attrattivo per le grandi produzioni tv, che confermano la volont\u00e0 di portare sul territorio regionale progetti di assoluto livello internazionale, dando continuit\u00e0 a un lavoro che in questi giorni sta impiegando <strong>50 professionisti locali e circa 300 comparse per una settimana di lavorazione<\/strong>.<\/p>\n<p> \tLa regia dell\u2019intera opera \u00e8 stata affidata a <strong>Joe Wright<\/strong>, reso celebre dal successo del suo \u201cOrgoglio e Pregiudizio\u201d (2005), candidato ai Golden Globe con \u201cEspiazione\u201d nel 2008, e alla direzione de \u201cL\u2019ora pi\u00f9 buia\u201d nonch\u00e9 dell\u2019episodio \u201cNosedive\u201d nella terza stagione di \u201cBlack Mirror\u201d, ma in questa settimana di riprese in Friuli Venezia Giulia \u00e8 stata affidata a <strong>Sophie Muller<\/strong>, regista inglese che ha firmato i videoclip di Beyonc\u00e9, Rihanna, Kylie Minogue e Selena Gomez. A scrivere la sceneggiatura \u00e8\u00a0<strong>Stefano Bises<\/strong>\u00a0(&#8220;Gomorra \u2013 La Serie&#8221;, &#8220;The New Pope&#8221;, &#8220;ZeroZeroZero&#8221;), affiancato da\u00a0<strong>Davide Serino<\/strong>\u00a0(&#8220;1992&#8221;, &#8220;1993&#8221;, &#8220;Il Re&#8221; con Luca Zingaretti).<\/p>\n<p> \t\u201cM. Il figlio del secolo\u201d sar\u00e0 la trasposizione televisiva del primo libro della trilogia di Scurati e ripercorrer\u00e0 la storia di Benito Mussolini dalla fondazione dei Fasci Italiani nel 1919 fino al discorso tenuto al Parlamento italiano dopo l&#8217;omicidio di Giacomo Matteotti nel 1924. Come il romanzo da cui \u00e8 tratta, anche la serie approfondir\u00e0 un lato ai pi\u00f9 sconosciuto, quello della vita privata di Mussolini, delle sue relazioni personali, tra cui quelle con la moglie Rachele, l\u2019amante Margherita Sarfatti e con altre figure dell&#8217;epoca.<\/p>\n<p> \tA interpretare Benito Mussolini sar\u00e0 l\u2019attore <strong>Luca Marinelli<\/strong>, gi\u00e0 nominato cinque volte ai David di Donatello, fra cui la nomination che gli \u00e8 valsa il premio per\u00a0\u201cLo chiamavano Jeeg Robot\u201d, film che gli ha fatto conquistare anche il <strong>Nastro d\u2019Argento<\/strong>. Marinelli \u00e8 fra i pi\u00f9 apprezzati attori italiani, insignito anche della <strong>Coppa Volpi<\/strong> come miglior attore a Venezia per\u00a0\u201cMartin Eden\u201d\u00a0e del prestigioso <strong>Shooting Stars Award<\/strong> al Festival di Berlino.<\/p>\n<p> \t\u00a0<\/p>\n","protected":false},"excerpt":{"rendered":"<p>Dopo aver girato otto giorni ad Aquileia e Gorizia lo scorso novembre, 50 professionisti locali e oltre 300 comparse impegnate con la regista Sophie Muller<\/p>\n","protected":false},"author":28,"featured_media":48546,"comment_status":"closed","ping_status":"closed","sticky":false,"template":"","format":"standard","meta":{"dwc-title":[],"dwc-content":[],"footnotes":""},"categories":[37],"tags":[],"class_list":["post-48545","post","type-post","status-publish","format-standard","has-post-thumbnail","hentry","category-cultura-e-spettacolo"],"rttpg_featured_image_url":{"full":["https:\/\/imagazine.it\/wp-content\/uploads\/2024\/02\/52097-1.webp",1000,671,false],"landscape":["https:\/\/imagazine.it\/wp-content\/uploads\/2024\/02\/52097-1.webp",1000,671,false],"portraits":["https:\/\/imagazine.it\/wp-content\/uploads\/2024\/02\/52097-1.webp",1000,671,false],"thumbnail":["https:\/\/imagazine.it\/wp-content\/uploads\/2024\/02\/52097-1-150x150.webp",150,150,true],"medium":["https:\/\/imagazine.it\/wp-content\/uploads\/2024\/02\/52097-1-300x201.webp",300,201,true],"large":["https:\/\/imagazine.it\/wp-content\/uploads\/2024\/02\/52097-1.webp",640,429,false],"thumblist":["https:\/\/imagazine.it\/wp-content\/uploads\/2024\/02\/52097-1-300x300.webp",300,300,true],"thumbrelated":["https:\/\/imagazine.it\/wp-content\/uploads\/2024\/02\/52097-1-500x500.webp",500,500,true],"meccarouselthumb":["https:\/\/imagazine.it\/wp-content\/uploads\/2024\/02\/52097-1-474x324.webp",474,324,true],"gridsquare":["https:\/\/imagazine.it\/wp-content\/uploads\/2024\/02\/52097-1-391x260.webp",391,260,true],"tileview":["https:\/\/imagazine.it\/wp-content\/uploads\/2024\/02\/52097-1-300x400.webp",300,400,true],"1536x1536":["https:\/\/imagazine.it\/wp-content\/uploads\/2024\/02\/52097-1.webp",1000,671,false],"2048x2048":["https:\/\/imagazine.it\/wp-content\/uploads\/2024\/02\/52097-1.webp",1000,671,false],"newsup-slider-full":["https:\/\/imagazine.it\/wp-content\/uploads\/2024\/02\/52097-1.webp",1000,671,false],"newsup-featured":["https:\/\/imagazine.it\/wp-content\/uploads\/2024\/02\/52097-1.webp",1000,671,false],"newsup-medium":["https:\/\/imagazine.it\/wp-content\/uploads\/2024\/02\/52097-1-720x380.webp",720,380,true],"tptn_thumbnail":["https:\/\/imagazine.it\/wp-content\/uploads\/2024\/02\/52097-1.webp",250,168,false],"sow-carousel-default":["https:\/\/imagazine.it\/wp-content\/uploads\/2024\/02\/52097-1.webp",272,182,false]},"rttpg_author":{"display_name":"redazione","author_link":"https:\/\/imagazine.it\/home_desk\/author\/redazione\/"},"rttpg_comment":0,"rttpg_category":"<a href=\"https:\/\/imagazine.it\/home_desk\/category\/cultura-e-spettacolo\/\" rel=\"category tag\">CULTURA&amp;SPETTACOLO<\/a>","rttpg_excerpt":"Dopo aver girato otto giorni ad Aquileia e Gorizia lo scorso novembre, 50 professionisti locali e oltre 300 comparse impegnate con la regista Sophie Muller","_links":{"self":[{"href":"https:\/\/imagazine.it\/home_desk\/wp-json\/wp\/v2\/posts\/48545","targetHints":{"allow":["GET"]}}],"collection":[{"href":"https:\/\/imagazine.it\/home_desk\/wp-json\/wp\/v2\/posts"}],"about":[{"href":"https:\/\/imagazine.it\/home_desk\/wp-json\/wp\/v2\/types\/post"}],"author":[{"embeddable":true,"href":"https:\/\/imagazine.it\/home_desk\/wp-json\/wp\/v2\/users\/28"}],"replies":[{"embeddable":true,"href":"https:\/\/imagazine.it\/home_desk\/wp-json\/wp\/v2\/comments?post=48545"}],"version-history":[{"count":0,"href":"https:\/\/imagazine.it\/home_desk\/wp-json\/wp\/v2\/posts\/48545\/revisions"}],"wp:featuredmedia":[{"embeddable":true,"href":"https:\/\/imagazine.it\/home_desk\/wp-json\/wp\/v2\/media\/48546"}],"wp:attachment":[{"href":"https:\/\/imagazine.it\/home_desk\/wp-json\/wp\/v2\/media?parent=48545"}],"wp:term":[{"taxonomy":"category","embeddable":true,"href":"https:\/\/imagazine.it\/home_desk\/wp-json\/wp\/v2\/categories?post=48545"},{"taxonomy":"post_tag","embeddable":true,"href":"https:\/\/imagazine.it\/home_desk\/wp-json\/wp\/v2\/tags?post=48545"}],"curies":[{"name":"wp","href":"https:\/\/api.w.org\/{rel}","templated":true}]}}