{"id":48541,"date":"2023-02-21T00:00:00","date_gmt":"2023-02-20T23:00:00","guid":{"rendered":"https:\/\/imagazine.it\/elisoccorso-notturno-aumentano-gli-spazi-di-atterraggio-in-fvg\/"},"modified":"2023-02-21T00:00:00","modified_gmt":"2023-02-20T23:00:00","slug":"elisoccorso-notturno-aumentano-gli-spazi-di-atterraggio-in-fvg","status":"publish","type":"post","link":"https:\/\/imagazine.it\/home_desk\/elisoccorso-notturno-aumentano-gli-spazi-di-atterraggio-in-fvg\/","title":{"rendered":"Elisoccorso notturno, aumentano gli spazi di atterraggio in FVG"},"content":{"rendered":"<p> \tPALMANOVA \u2013 Grazie a un percorso addestrativo notturno che ha preso avvio da alcune settimane e che continuer\u00e0 fino al termine del mese di marzo, i piloti di elisoccorso acquisiranno le <strong>competenze per atterrare in campo aperto, anche di notte<\/strong> e non solamente di giorno, come avviene adesso, sempre in condizioni di sicurezza.<\/p>\n<p> \tOggi, in Friuli Venezia Giulia, sono <strong>78 le elipiazzole certificate per l&#8217;atterraggio notturno<\/strong>, comprese le due elibasi di <strong>Udine<\/strong> e <strong>Cattinara<\/strong>.<\/p>\n<p> \t&#8220;Il tempo, fondamentale nei casi del soccorso sanitario in emergenza-urgenza sul territorio, si ridurr\u00e0 ulteriormente, consentendo di assistere le persone ferite o colte da malore in modo ancor pi\u00f9 veloce&#8221;, afferma il vicegovernatore del FVG con delega alla sanit\u00e0, <strong>Riccardo Riccardi<\/strong>.<\/p>\n<p> \tTra le 78 elipiazzole certificate per l&#8217;atterraggio notturno ci sono oggi anche alcuni campi sportivi, alcune rotonde lungo la viabilit\u00e0 e alcune elipiazzole che vengono messe a disposizione da aziende private.<\/p>\n<p> \t\u00a0<\/p>\n","protected":false},"excerpt":{"rendered":"<p>Grazie a un percorso addestrativo i piloti acquisiranno le competenze per atterrare in campo aperto, anche di notte<\/p>\n","protected":false},"author":28,"featured_media":48542,"comment_status":"closed","ping_status":"closed","sticky":false,"template":"","format":"standard","meta":{"dwc-title":[],"dwc-content":[],"footnotes":""},"categories":[5],"tags":[],"class_list":["post-48541","post","type-post","status-publish","format-standard","has-post-thumbnail","hentry","category-attualita"],"rttpg_featured_image_url":{"full":["https:\/\/imagazine.it\/wp-content\/uploads\/2024\/02\/52093-1.webp",1600,1200,false],"landscape":["https:\/\/imagazine.it\/wp-content\/uploads\/2024\/02\/52093-1.webp",1600,1200,false],"portraits":["https:\/\/imagazine.it\/wp-content\/uploads\/2024\/02\/52093-1.webp",1600,1200,false],"thumbnail":["https:\/\/imagazine.it\/wp-content\/uploads\/2024\/02\/52093-1-150x150.webp",150,150,true],"medium":["https:\/\/imagazine.it\/wp-content\/uploads\/2024\/02\/52093-1-300x225.webp",300,225,true],"large":["https:\/\/imagazine.it\/wp-content\/uploads\/2024\/02\/52093-1-1024x768.webp",640,480,true],"thumblist":["https:\/\/imagazine.it\/wp-content\/uploads\/2024\/02\/52093-1-300x300.webp",300,300,true],"thumbrelated":["https:\/\/imagazine.it\/wp-content\/uploads\/2024\/02\/52093-1-500x500.webp",500,500,true],"meccarouselthumb":["https:\/\/imagazine.it\/wp-content\/uploads\/2024\/02\/52093-1-474x324.webp",474,324,true],"gridsquare":["https:\/\/imagazine.it\/wp-content\/uploads\/2024\/02\/52093-1-391x260.webp",391,260,true],"tileview":["https:\/\/imagazine.it\/wp-content\/uploads\/2024\/02\/52093-1-300x400.webp",300,400,true],"1536x1536":["https:\/\/imagazine.it\/wp-content\/uploads\/2024\/02\/52093-1-1536x1152.webp",1536,1152,true],"2048x2048":["https:\/\/imagazine.it\/wp-content\/uploads\/2024\/02\/52093-1.webp",1600,1200,false],"newsup-slider-full":["https:\/\/imagazine.it\/wp-content\/uploads\/2024\/02\/52093-1-1280x720.webp",1280,720,true],"newsup-featured":["https:\/\/imagazine.it\/wp-content\/uploads\/2024\/02\/52093-1-1024x768.webp",1024,768,true],"newsup-medium":["https:\/\/imagazine.it\/wp-content\/uploads\/2024\/02\/52093-1-720x380.webp",720,380,true],"tptn_thumbnail":["https:\/\/imagazine.it\/wp-content\/uploads\/2024\/02\/52093-1.webp",250,188,false],"sow-carousel-default":["https:\/\/imagazine.it\/wp-content\/uploads\/2024\/02\/52093-1.webp",243,182,false]},"rttpg_author":{"display_name":"redazione","author_link":"https:\/\/imagazine.it\/home_desk\/author\/redazione\/"},"rttpg_comment":0,"rttpg_category":"<a href=\"https:\/\/imagazine.it\/home_desk\/category\/attualita\/\" rel=\"category tag\">ATTUALIT\u00c0<\/a>","rttpg_excerpt":"Grazie a un percorso addestrativo i piloti acquisiranno le competenze per atterrare in campo aperto, anche di notte","_links":{"self":[{"href":"https:\/\/imagazine.it\/home_desk\/wp-json\/wp\/v2\/posts\/48541","targetHints":{"allow":["GET"]}}],"collection":[{"href":"https:\/\/imagazine.it\/home_desk\/wp-json\/wp\/v2\/posts"}],"about":[{"href":"https:\/\/imagazine.it\/home_desk\/wp-json\/wp\/v2\/types\/post"}],"author":[{"embeddable":true,"href":"https:\/\/imagazine.it\/home_desk\/wp-json\/wp\/v2\/users\/28"}],"replies":[{"embeddable":true,"href":"https:\/\/imagazine.it\/home_desk\/wp-json\/wp\/v2\/comments?post=48541"}],"version-history":[{"count":0,"href":"https:\/\/imagazine.it\/home_desk\/wp-json\/wp\/v2\/posts\/48541\/revisions"}],"wp:featuredmedia":[{"embeddable":true,"href":"https:\/\/imagazine.it\/home_desk\/wp-json\/wp\/v2\/media\/48542"}],"wp:attachment":[{"href":"https:\/\/imagazine.it\/home_desk\/wp-json\/wp\/v2\/media?parent=48541"}],"wp:term":[{"taxonomy":"category","embeddable":true,"href":"https:\/\/imagazine.it\/home_desk\/wp-json\/wp\/v2\/categories?post=48541"},{"taxonomy":"post_tag","embeddable":true,"href":"https:\/\/imagazine.it\/home_desk\/wp-json\/wp\/v2\/tags?post=48541"}],"curies":[{"name":"wp","href":"https:\/\/api.w.org\/{rel}","templated":true}]}}