{"id":48539,"date":"2023-02-20T00:00:00","date_gmt":"2023-02-19T23:00:00","guid":{"rendered":"https:\/\/imagazine.it\/il-fvg-torna-a-correre-nella-storia\/"},"modified":"2023-02-20T00:00:00","modified_gmt":"2023-02-19T23:00:00","slug":"il-fvg-torna-a-correre-nella-storia","status":"publish","type":"post","link":"https:\/\/imagazine.it\/home_desk\/il-fvg-torna-a-correre-nella-storia\/","title":{"rendered":"Il FVG torna a correre nella storia"},"content":{"rendered":"<p> \tCIVIDALE DEL FRIULI <em>\u2013<\/em> Presentata l\u2019ottava edizione della <strong>Unesco Cities Marathon FVG<\/strong>, in programma domenica 26 febbraio, con un percorso nuovo di zecca, con partenza e arrivo a <strong>Palmanova<\/strong> e transito per <strong>Aquileia<\/strong>.<\/p>\n<p> \tMentre Cividale del Friuli, per quest\u2019anno, ha ospitato la \u201cvernice\u201d ufficiale dell\u2019evento, svoltasi questa mattina in municipio.<\/p>\n<p> \tL\u2019Unesco Cities Marathon FVG, anche nel 2023, non sar\u00e0 soltanto la gara sulla distanza regina dei 42 km. Sulle strade della Storia, ci sar\u00e0 spazio anche per la seconda edizione della <strong>Iulia Augusta Half Marathon<\/strong>, prova sui 21,097 km della mezza maratona, per l\u2019<strong>Unesco in Rosa<\/strong>, la corsa con fini benefici dedicata alle donne (parte del ricavato andr\u00e0 a supporto delle iniziative della LILT), per il <strong>nordic walking<\/strong> e per la <strong>Special Run<\/strong>, la passerella degli Special Olympics. Insomma, una manifestazione per cinque grandi traguardi, con caratteristiche diverse e in grado di coinvolgere un\u2019ampia platea di runners e camminatori.<\/p>\n<p> \tTra gli iscritti, atleti di una decina di nazioni. Al maschile, annunciati il goriziano <strong>Alessio Milani<\/strong>, sceso a 2h24\u201947\u201d nell\u2019ultima maratona di Berlino, e l\u2019austriaco <strong>Christian Lackinger<\/strong>, quinto ad Aquileia nel 2018.<\/p>\n<p> \tAl femminile, la slovena <strong>Mateja Kosovelj<\/strong>, stella della corsa in montagna, 2h43\u201903\u201d di record personale sulla maratona. Sar\u00e0 un evento nel segno dello sport e del territorio.<\/p>\n<p> \t\u201c<em>La maratona dell\u2019Unesco \u00e8 nata proprio a Cividale 10 anni fa, per questo siamo particolarmente contenti di questo ritorno<\/em> \u2013 ha commentato il vicesindaco <strong>Roberto Novelli<\/strong>, accompagnato dall\u2019assessore allo Sport <strong>Giuseppe Ruolo<\/strong> \u2013. <em>Si tratta di una maratona unica al mondo che ha molteplici significati, sportivi ma anche storici e culturali, e ha il merito di collegare i territori di Cividale, Palmanova e Aquileia<\/em>. <em>Sar\u00e0 un grande spettacolo<\/em>\u201d.<\/p>\n<p> \t<em>\u201cRipartiamo con un nuovo progetto che avevamo gi\u00e0 delineato prima dell\u2019arrivo della pandemia che ci ha bloccato a marzo del 2020, a poche settimane dall\u2019evento<\/em> \u2013 ha aggiunto il presidente dell\u2019Unesco Cities Marathon FVG, <strong>Giuliano Gemo<\/strong>, affiancato dal project manager <strong>Giuseppe Donno<\/strong> \u2013. <em>Gi\u00e0 allora avevamo deciso che le successive edizioni della maratona sarebbero state itineranti e avrebbero interessato ogni anno, alternativamente, le citt\u00e0 di Palmanova, Aquileia e Palmanova<\/em>. <em>Ripartiamo da qui, con grande entusiasmo e lo stesso appassionato spirito che ci ha accompagnato per le prime sette edizioni della maratona<\/em>\u201d.<\/p>\n<p> \t\u201c<em>Il Friuli<\/em> <em>\u00e8 la regione con il miglior rapporto al mondo tra il numero di abitanti e il numero di siti Unesco <\/em>\u2013 ha detto il presidente del Consiglio Regionale del Friuli Venezia Giulia, <strong>Piero Mauro Zanin<\/strong> \u2013. <em>Abbiamo un patrimonio di straordinaria ricchezza e bellezza. E la maratona dell\u2019Unesco \u00e8 un evento di grande forza. Ricordo quando, qualche anno fa, dovette intervenire il prefetto per determinare la chiusura del casello autostradale di Palmanova, in modo da consentire il passaggio degli atleti. La maratona riparte con gli abituali valori: promozione dello sport, attivit\u00e0 culturali, valorizzazione del territorio<\/em>. <em>I numeri sono gi\u00e0 interessanti, sono sicuro che sar\u00e0 una grande ripartenza<\/em>\u201d.<\/p>\n<p> \tTra gli intervenuti alla presentazione anche gli assessori <strong>Daniela De Marchi <\/strong>(Aquileia) e <strong>Nicola Pellizzari <\/strong>(Bagnaria Arsa), il presidente della LILT di Udine <strong>Giorgio Arpino<\/strong>, il presidente del Comitato Fair Play del Friuli Venezia Giulia<strong> Mario Virgili<\/strong>, la rappresentante del Club Unesco Udine <strong>Renata Caprio Da Ronco<\/strong>.<\/p>\n<p> \t<strong>IL PERCORSO <\/strong>\u2013 Da Palmanova ad Aquileia e ritorno. L\u2019edizione 2023 dell\u2019Unesco Cities Marathon FVG sar\u00e0 una lunga corsa nella Storia che collegher\u00e0 idealmente le due citt\u00e0 Patrimonio dell\u2019Unesco. Cinque i Comuni toccati dal percorso: <strong>Palmanova, Bagnaria Arsa, Cervignano del Friuli, Terzo di Aquileia<\/strong><strong> e <\/strong><strong>Aquileia<\/strong><strong>. <\/strong><\/p>\n<p> \tMaratona e mezza maratona partiranno alle 9.30 dalla suggestiva Piazza Grande a Palmanova. La corsa, subito dopo l\u2019avvio, uscir\u00e0 da Porta Cividale e, svoltando a destra, percorrer\u00e0 il tragitto all\u2019esterno dell\u2019antica citt\u00e0-fortezza (SP252), costeggiando le antiche mura sino a Porta Aquileia. Da qui, ritorner\u00e0 in Piazza Grande (3\u00b0km), per poi uscire nuovamente da Porta Cividale e tornare a percorrere la strada perimetrale della citt\u00e0. Al 6\u00b0chilometro, dopo una svolta a sinistra, la corsa imboccher\u00e0 via Privano percorrendo un breve tratto di sterrato. Si proseguir\u00e0 sino alla rotonda di Bagnaria Arsa, per poi imboccare la statale 352 che condurr\u00e0 i maratoneti verso Cervignano. Dopo circa 3 chilometri, un\u2019altra rotonda condurr\u00e0 la gara sulla bretella che si sviluppa all\u2019esterno dell\u2019abitato di Cervignano. Poco pi\u00f9 avanti, al 13\u00b0chilometro e mezzo di corsa, avverr\u00e0 il giro di boa della mezza maratona che a quel punto rientrer\u00e0 verso Palmanova utilizzando il medesimo tragitto dell\u2019andata.<\/p>\n<p> \tLa maratona, proseguendo sulla statale e attraversando anche il territorio comunale di Terzo di Aquileia, arriver\u00e0 invece all\u2019ingresso di Aquileia: l\u2019inversione di marcia, per prendere nuovamente la direzione di Palmanova, avverr\u00e0 al 23\u00b0 chilometro, nei pressi del colonnato romano, proprio nel punto in cui, nel 2013, scatt\u00f2 l\u2019edizione inaugurale della maratona che quell\u2019anno si concludeva a Cividale. L\u2019ingresso a Palmanova avverr\u00e0 da Porta Aquileia e il traguardo, per entrambe le gare, sar\u00e0 nella scenografica Piazza Grande.\u00a0<\/p>\n<p> \t<strong>SOCCORRITORI DI CORSA <\/strong>\u2013 All\u2019Unesco Cities Marathon FVG correr\u00e0 anche il <strong>Bls-Run Team<\/strong>, una squadra di runners addestrati a manovre di primo soccorso. Una decina di societ\u00e0 sportive del Friuli Venezia Giulia sar\u00e0 coinvolta nell\u2019organizzazione dei punti di ristoro. Fondamentale l\u2019apporto della <strong>Protezione Civile<\/strong>, per la messa in sicurezza del percorso di gara, e della <strong>Croce Rossa di Palmanova<\/strong>, per l\u2019assistenza sanitaria agli atleti. Al traguardo, trattamenti fisioterapici garantiti da <strong>Movita<\/strong>.<\/p>\n<p> \t<strong>CAMPIONATO NAZIONALE CSEN <\/strong>\u2013 L\u2019Unesco Cities Marathon FVG sar\u00e0 valida come <strong>Campionato Nazionale CSEN di corsa su strada. <\/strong>Lo CSEN (Centro Sportivo Educativo Nazionale) \u00e8 un Ente di Promozione Sportiva riconosciuto dal Coni: ha 1.650.000 tesserati e oltre 15 mila societ\u00e0 affiliate (<u><strong><a href=\"http:\/\/www.csen.it\" target=\"_blank\" rel=\"noopener\"><span style=\"color:#0000cd;\">www.csen.it<\/span><\/a><\/strong><\/u>).\u00a0<\/p>\n<p> \t<strong>UNESCO IN ROSA &#038; SPECIAL RUN <\/strong>\u2013 Divertimento. Condivisione. Solidariet\u00e0. Tra gli eventi che <strong>domenica 26 febbraio<\/strong> accompagneranno il ritorno dell\u2019<strong>Unesco Cities Marathon FVG<\/strong>, c\u2019\u00e8 anche l\u2019<strong>Unesco in Rosa<\/strong>, la grande corsa al femminile nata per sensibilizzare sull\u2019importanza della prevenzione e dei corretti stili di vita, ma anche per favorire il recupero al sorriso delle persone colpite e guarite dal male, perch\u00e9 sempre pi\u00f9 spesso \u201cguarire si pu\u00f2\u201d, come ci dice la scienza. Dedicata alle donne ma aperta anche agli uomini, Unesco in Rosa significa corsa, camminata a passo libero, nordic walking e fit walking. L\u2019edizione 2023 dell\u2019Unesco in rosa scatter\u00e0 da Piazza Indipendenza a <strong>Cervignano del Friuli<\/strong> alle 10.45, per concludersi tra le colonne del Foro Romano di <strong>Aquileia<\/strong>.<\/p>\n<p> \tIl percorso, di circa <strong>7 chilometri<\/strong>, nel tratto finale sar\u00e0 lo stesso di maratona e mezza maratona. Emozioni garantite, insomma. E la cornice storica, nel cuore dell\u2019antica citt\u00e0 romana Patrimonio dell\u2019Unesco, far\u00e0 il resto. Le iscrizioni, gi\u00e0 aperte, saranno possibili anche nella stessa mattinata del 26 febbraio, a Cervignano, sino a pochi minuti dal via. Le prime 300 iscritte riceveranno la <strong>t-shirt ufficiale<\/strong> dell\u2019evento e la <strong>spilletta \u201cNastro Rosa LILT\u201d<\/strong>. Nel cartellone dell\u2019edizione 2023 dell\u2019Unesco Cities Marathon FVG ci sar\u00e0 inoltre la <strong>Special Run<\/strong>, una manifestazione dedicata agli atleti <strong>Special Olympics<\/strong> che percorrer\u00e0 un tratto ridotto (<strong>4 km<\/strong>) \u2013 con partenza alle 11 da <strong>Terzo di Aquileia<\/strong> e arrivo ad <strong>Aquileia<\/strong> &#8211; del tracciato della maratona. Una festa nella festa, aperta agli atleti ma anche ai loro famigliari, destinata a riempire di sorrisi un evento che da sempre ha un occhio di riguardo per la funzione sociale dello sport.<\/p>\n","protected":false},"excerpt":{"rendered":"<p>Presentato a Cividale il programma della gara con partenza e arrivo a Palmanova e transito nei comuni di Bagnaria Arsa, Cervignano, Terzo e Aquileia<\/p>\n","protected":false},"author":28,"featured_media":48540,"comment_status":"closed","ping_status":"closed","sticky":false,"template":"","format":"standard","meta":{"dwc-title":[],"dwc-content":[],"footnotes":""},"categories":[38],"tags":[],"class_list":["post-48539","post","type-post","status-publish","format-standard","has-post-thumbnail","hentry","category-sport"],"rttpg_featured_image_url":{"full":["https:\/\/imagazine.it\/wp-content\/uploads\/2024\/02\/52089-1.webp",1000,667,false],"landscape":["https:\/\/imagazine.it\/wp-content\/uploads\/2024\/02\/52089-1.webp",1000,667,false],"portraits":["https:\/\/imagazine.it\/wp-content\/uploads\/2024\/02\/52089-1.webp",1000,667,false],"thumbnail":["https:\/\/imagazine.it\/wp-content\/uploads\/2024\/02\/52089-1-150x150.webp",150,150,true],"medium":["https:\/\/imagazine.it\/wp-content\/uploads\/2024\/02\/52089-1-300x200.webp",300,200,true],"large":["https:\/\/imagazine.it\/wp-content\/uploads\/2024\/02\/52089-1.webp",640,427,false],"thumblist":["https:\/\/imagazine.it\/wp-content\/uploads\/2024\/02\/52089-1-300x300.webp",300,300,true],"thumbrelated":["https:\/\/imagazine.it\/wp-content\/uploads\/2024\/02\/52089-1-500x500.webp",500,500,true],"meccarouselthumb":["https:\/\/imagazine.it\/wp-content\/uploads\/2024\/02\/52089-1-474x324.webp",474,324,true],"gridsquare":["https:\/\/imagazine.it\/wp-content\/uploads\/2024\/02\/52089-1-391x260.webp",391,260,true],"tileview":["https:\/\/imagazine.it\/wp-content\/uploads\/2024\/02\/52089-1-300x400.webp",300,400,true],"1536x1536":["https:\/\/imagazine.it\/wp-content\/uploads\/2024\/02\/52089-1.webp",1000,667,false],"2048x2048":["https:\/\/imagazine.it\/wp-content\/uploads\/2024\/02\/52089-1.webp",1000,667,false],"newsup-slider-full":["https:\/\/imagazine.it\/wp-content\/uploads\/2024\/02\/52089-1.webp",1000,667,false],"newsup-featured":["https:\/\/imagazine.it\/wp-content\/uploads\/2024\/02\/52089-1.webp",1000,667,false],"newsup-medium":["https:\/\/imagazine.it\/wp-content\/uploads\/2024\/02\/52089-1-720x380.webp",720,380,true],"tptn_thumbnail":["https:\/\/imagazine.it\/wp-content\/uploads\/2024\/02\/52089-1.webp",250,167,false],"sow-carousel-default":["https:\/\/imagazine.it\/wp-content\/uploads\/2024\/02\/52089-1.webp",272,182,false]},"rttpg_author":{"display_name":"redazione","author_link":"https:\/\/imagazine.it\/home_desk\/author\/redazione\/"},"rttpg_comment":0,"rttpg_category":"<a href=\"https:\/\/imagazine.it\/home_desk\/category\/sport\/\" rel=\"category tag\">SPORT<\/a>","rttpg_excerpt":"Presentato a Cividale il programma della gara con partenza e arrivo a Palmanova e transito nei comuni di Bagnaria Arsa, Cervignano, Terzo e Aquileia","_links":{"self":[{"href":"https:\/\/imagazine.it\/home_desk\/wp-json\/wp\/v2\/posts\/48539","targetHints":{"allow":["GET"]}}],"collection":[{"href":"https:\/\/imagazine.it\/home_desk\/wp-json\/wp\/v2\/posts"}],"about":[{"href":"https:\/\/imagazine.it\/home_desk\/wp-json\/wp\/v2\/types\/post"}],"author":[{"embeddable":true,"href":"https:\/\/imagazine.it\/home_desk\/wp-json\/wp\/v2\/users\/28"}],"replies":[{"embeddable":true,"href":"https:\/\/imagazine.it\/home_desk\/wp-json\/wp\/v2\/comments?post=48539"}],"version-history":[{"count":0,"href":"https:\/\/imagazine.it\/home_desk\/wp-json\/wp\/v2\/posts\/48539\/revisions"}],"wp:featuredmedia":[{"embeddable":true,"href":"https:\/\/imagazine.it\/home_desk\/wp-json\/wp\/v2\/media\/48540"}],"wp:attachment":[{"href":"https:\/\/imagazine.it\/home_desk\/wp-json\/wp\/v2\/media?parent=48539"}],"wp:term":[{"taxonomy":"category","embeddable":true,"href":"https:\/\/imagazine.it\/home_desk\/wp-json\/wp\/v2\/categories?post=48539"},{"taxonomy":"post_tag","embeddable":true,"href":"https:\/\/imagazine.it\/home_desk\/wp-json\/wp\/v2\/tags?post=48539"}],"curies":[{"name":"wp","href":"https:\/\/api.w.org\/{rel}","templated":true}]}}