{"id":48529,"date":"2023-02-19T00:00:00","date_gmt":"2023-02-18T23:00:00","guid":{"rendered":"https:\/\/imagazine.it\/ritmica-volo-dargento-per-le-farfalle-dellasu\/"},"modified":"2023-02-19T00:00:00","modified_gmt":"2023-02-18T23:00:00","slug":"ritmica-volo-dargento-per-le-farfalle-dellasu","status":"publish","type":"post","link":"https:\/\/imagazine.it\/home_desk\/ritmica-volo-dargento-per-le-farfalle-dellasu\/","title":{"rendered":"Ritmica, volo d&#8217;argento per le farfalle dell&#8217;Asu"},"content":{"rendered":"<p> \tCUNEO \u2013 <strong>Secondo posto <\/strong>per la squadra di ginnastica ritmica dell&#8217;Associazione Sportiva Udinese al Palasport di Cuneo, dove si \u00e8 svolta la prima prova del massimo campionato di serie A1.<\/p>\n<p> \tA scendere in pedana sono state <strong>Tara Draga\u0161, Elena Perissinotto, Isabelle Tavano<\/strong> e il prestito straniero, la tedesca <strong>Anastasia Simakova<\/strong>.<\/p>\n<p> \t\u00ab<em>Chi ben comincia \u00e8 a met\u00e0 <\/em>dell\u2019opera &#8211; ha commentato il direttore generale di Asu, <strong>Nicola di Benedetto<\/strong>, in campo gara assieme alla squadra bianconera \u2013. <em>Le ragazze sono state bravissime. I loro progressi sono evidenti e sono il frutto dell&#8217;ottimo lavoro fatto in palestra assieme al team di professionisti che le segue con attenzione e dedizione<\/em>\u00bb.<\/p>\n<p> \tGrazie ai 32.750 punti di Simakova al cerchio, ai 32.450 di Draga\u0161 alla palla, ai 27.850 di Perissinotto nelle clavette e ai 29.750 di Tavano al nastro, le bianconere hanno raggiunto un punteggio di 122.800. Prima di loro solo la grande favorita e detentrice del titolo italiano da sei stagioni, Ginnastica Fabriano. \u00ab<em>Sono davvero contentissima di come le ragazze si sono comportate in pedana<\/em> \u2013 ha spiegato <strong>Spela Draga\u0161<\/strong> che allena la squadra friulana con <strong>Magda Pigano, Carlotta Longo<\/strong> e il supporto della coreografa <strong>Laura Miotti<\/strong> \u2013. <em>Tara, alla palla, si \u00e8 confrontata con le migliori atlete d&#8217;Italia, ed \u00e8 arrivata prima nella categoria<\/em>\u00bb, davanti a Milena Baldassarri e Sofia Sicignano.<\/p>\n<p> \t\u00ab<em>Bellissimo anche il nastro di Isabelle<\/em>\u00bb, anche lei prima, davanti a Alice Capozucco e Chiara Badii. \u00ab<em>Ha fatto un ottimo esercizio al cerchio anche Anastasia, il suo \u00e8 stato il punteggio pi\u00f9 alto di tutte le straniere<\/em>\u00bb, compresa la campionessa del mondo, sua connazionale, Varfolomeev.<\/p>\n<p> \t\u00ab<em>Per Elena mi sarei aspettata un punteggio pi\u00f9 alto, vista la sua prova, ben eseguita e senza errori. Evidentemente per\u00f2 c&#8217;\u00e8 stata qualche sbavatura nella qualit\u00e0 tecnica<\/em>\u00bb.<\/p>\n<p> \tOra continua il lavoro in palestra in attesa della seconda prova, in programma ad Ancona il 4 e 5 marzo.<\/p>\n<p> \t<strong>GINNASTICA ARTISTICA FEMMINILE<\/strong> \u2013 Sempre lo scorso fine settimana si \u00e8 svolta anche la 1^ prova di serie C di ginnastica artistica femminile. Le ragazze della compagine bianconera hanno fatto qualche errore di troppo ma anche tanti begli esercizi che le hanno fatte chiudere la gara in 8^ posizione. La 2^ prova si terr\u00e0 il prossimo mese a Padova.<\/p>\n<p> \t\u00a0<\/p>\n","protected":false},"excerpt":{"rendered":"<p>Tara Draga\u0161, Elena Perissinotto, Isabelle Tavano e Anastasia Simakova ottengono il secondo posto all&#8217;esordio a Cuneo<\/p>\n","protected":false},"author":28,"featured_media":48530,"comment_status":"closed","ping_status":"closed","sticky":false,"template":"","format":"standard","meta":{"dwc-title":[],"dwc-content":[],"footnotes":""},"categories":[38],"tags":[],"class_list":["post-48529","post","type-post","status-publish","format-standard","has-post-thumbnail","hentry","category-sport"],"rttpg_featured_image_url":{"full":["https:\/\/imagazine.it\/wp-content\/uploads\/2024\/02\/52079-1.webp",900,589,false],"landscape":["https:\/\/imagazine.it\/wp-content\/uploads\/2024\/02\/52079-1.webp",900,589,false],"portraits":["https:\/\/imagazine.it\/wp-content\/uploads\/2024\/02\/52079-1.webp",900,589,false],"thumbnail":["https:\/\/imagazine.it\/wp-content\/uploads\/2024\/02\/52079-1-150x150.webp",150,150,true],"medium":["https:\/\/imagazine.it\/wp-content\/uploads\/2024\/02\/52079-1-300x196.webp",300,196,true],"large":["https:\/\/imagazine.it\/wp-content\/uploads\/2024\/02\/52079-1.webp",640,419,false],"thumblist":["https:\/\/imagazine.it\/wp-content\/uploads\/2024\/02\/52079-1-300x300.webp",300,300,true],"thumbrelated":["https:\/\/imagazine.it\/wp-content\/uploads\/2024\/02\/52079-1-500x500.webp",500,500,true],"meccarouselthumb":["https:\/\/imagazine.it\/wp-content\/uploads\/2024\/02\/52079-1-474x324.webp",474,324,true],"gridsquare":["https:\/\/imagazine.it\/wp-content\/uploads\/2024\/02\/52079-1-391x260.webp",391,260,true],"tileview":["https:\/\/imagazine.it\/wp-content\/uploads\/2024\/02\/52079-1-300x400.webp",300,400,true],"1536x1536":["https:\/\/imagazine.it\/wp-content\/uploads\/2024\/02\/52079-1.webp",900,589,false],"2048x2048":["https:\/\/imagazine.it\/wp-content\/uploads\/2024\/02\/52079-1.webp",900,589,false],"newsup-slider-full":["https:\/\/imagazine.it\/wp-content\/uploads\/2024\/02\/52079-1.webp",900,589,false],"newsup-featured":["https:\/\/imagazine.it\/wp-content\/uploads\/2024\/02\/52079-1.webp",900,589,false],"newsup-medium":["https:\/\/imagazine.it\/wp-content\/uploads\/2024\/02\/52079-1-720x380.webp",720,380,true],"tptn_thumbnail":["https:\/\/imagazine.it\/wp-content\/uploads\/2024\/02\/52079-1.webp",250,164,false],"sow-carousel-default":["https:\/\/imagazine.it\/wp-content\/uploads\/2024\/02\/52079-1.webp",272,178,false]},"rttpg_author":{"display_name":"redazione","author_link":"https:\/\/imagazine.it\/home_desk\/author\/redazione\/"},"rttpg_comment":0,"rttpg_category":"<a href=\"https:\/\/imagazine.it\/home_desk\/category\/sport\/\" rel=\"category tag\">SPORT<\/a>","rttpg_excerpt":"Tara Draga\u0161, Elena Perissinotto, Isabelle Tavano e Anastasia Simakova ottengono il secondo posto all'esordio a Cuneo","_links":{"self":[{"href":"https:\/\/imagazine.it\/home_desk\/wp-json\/wp\/v2\/posts\/48529","targetHints":{"allow":["GET"]}}],"collection":[{"href":"https:\/\/imagazine.it\/home_desk\/wp-json\/wp\/v2\/posts"}],"about":[{"href":"https:\/\/imagazine.it\/home_desk\/wp-json\/wp\/v2\/types\/post"}],"author":[{"embeddable":true,"href":"https:\/\/imagazine.it\/home_desk\/wp-json\/wp\/v2\/users\/28"}],"replies":[{"embeddable":true,"href":"https:\/\/imagazine.it\/home_desk\/wp-json\/wp\/v2\/comments?post=48529"}],"version-history":[{"count":0,"href":"https:\/\/imagazine.it\/home_desk\/wp-json\/wp\/v2\/posts\/48529\/revisions"}],"wp:featuredmedia":[{"embeddable":true,"href":"https:\/\/imagazine.it\/home_desk\/wp-json\/wp\/v2\/media\/48530"}],"wp:attachment":[{"href":"https:\/\/imagazine.it\/home_desk\/wp-json\/wp\/v2\/media?parent=48529"}],"wp:term":[{"taxonomy":"category","embeddable":true,"href":"https:\/\/imagazine.it\/home_desk\/wp-json\/wp\/v2\/categories?post=48529"},{"taxonomy":"post_tag","embeddable":true,"href":"https:\/\/imagazine.it\/home_desk\/wp-json\/wp\/v2\/tags?post=48529"}],"curies":[{"name":"wp","href":"https:\/\/api.w.org\/{rel}","templated":true}]}}